{"id":7,"count":5,"description":"Actualmente, se realizan:\r\nPeregrinaci\u00f3n al p\u00e1ramo de la Sarna el 01 de diciembre todos los a\u00f1os,\r\nPeregrinaci\u00f3n alto de la Buenavista en la regi\u00f3n provincia de Lengup\u00e1 y\r\nEl aniversario de Daniel Abril Fuentes el 15 de noviembre en Casanare","link":"https:\/\/cospacc.org\/?cat=7","name":"Peregrinaciones","slug":"peregrinacion","taxonomy":"category","parent":15,"meta":[],"_links":{"self":[{"href":"https:\/\/cospacc.org\/index.php?rest_route=\/wp\/v2\/categories\/7","targetHints":{"allow":["GET"]}}],"collection":[{"href":"https:\/\/cospacc.org\/index.php?rest_route=\/wp\/v2\/categories"}],"about":[{"href":"https:\/\/cospacc.org\/index.php?rest_route=\/wp\/v2\/taxonomies\/category"}],"up":[{"embeddable":true,"href":"https:\/\/cospacc.org\/index.php?rest_route=\/wp\/v2\/categories\/15"}],"wp:post_type":[{"href":"https:\/\/cospacc.org\/index.php?rest_route=%2Fwp%2Fv2%2Fposts&categories=7"}],"curies":[{"name":"wp","href":"https:\/\/api.w.org\/{rel}","templated":true}]}}