{"id":1011,"date":"2020-01-23T21:41:56","date_gmt":"2020-01-23T21:41:56","guid":{"rendered":"https:\/\/cospacc.org\/?p=1011"},"modified":"2020-01-23T21:41:58","modified_gmt":"2020-01-23T21:41:58","slug":"mensaje-de-los-presos-politicos-de-yopal-a-los-participantes-del-paro-nacional","status":"publish","type":"post","link":"https:\/\/cospacc.org\/?p=1011","title":{"rendered":"Mensaje de los presos pol\u00edticos de Yopal a los participantes del paro nacional"},"content":{"rendered":"\n<figure class=\"wp-block-image size-large is-style-default\"><img loading=\"lazy\" decoding=\"async\" width=\"1024\" height=\"576\" src=\"https:\/\/cospacc.org\/wp-content\/uploads\/2020\/01\/hermes-33-1024x576.jpg\" alt=\"\" class=\"wp-image-1012\" srcset=\"https:\/\/cospacc.org\/wp-content\/uploads\/2020\/01\/hermes-33-1024x576.jpg 1024w, https:\/\/cospacc.org\/wp-content\/uploads\/2020\/01\/hermes-33-300x169.jpg 300w, https:\/\/cospacc.org\/wp-content\/uploads\/2020\/01\/hermes-33-768x432.jpg 768w, https:\/\/cospacc.org\/wp-content\/uploads\/2020\/01\/hermes-33.jpg 1032w\" sizes=\"auto, (max-width: 1024px) 100vw, 1024px\" \/><\/figure>\n\n\n\n<p>Art\u00edculo tomado de:  <a href=\"https:\/\/www.cna-colombia.org\/mensaje-de-los-presos-politicos-de-yopal-a-los-participantes-del-paro-nacional\/\">https:\/\/www.cna-colombia.org\/mensaje-de-los-presos-politicos-de-yopal-a-los-participantes-del-paro-nacional\/<\/a> <\/p>\n\n\n\n<p class=\"has-text-align-right\">Por: Presos pol\u00edticos de la Guafilla, Yopal &#8211; Casanare<\/p>\n\n\n\n<p>El 30 de septiembre de 2018, el movimiento social del Centro Oriente colombiano sufri\u00f3 un duro rev\u00e9s, pues fueron detenidos un l\u00edder y una lideresa social claves por sus aportes tanto para la agenda campesina del movimiento, como para la agenda c\u00edvico popular que lucha por la vivienda digna. Hermes Burgos, l\u00edder campesino de ASONALCA<a href=\"https:\/\/www.cna-colombia.org\/mensaje-de-los-presos-politicos-de-yopal-a-los-participantes-del-paro-nacional\/#_ftn1\">[1]<\/a>, uno de los impulsores del pliego unificado por el sector agrario que se le present\u00f3 en durante la&nbsp; Minga Agraria, Campesina, \u00c9tnica y Popular a la gobernaci\u00f3n de Casanare en 2016, en conjunto con comunidades ind\u00edgenas de Casanare; y Miriam Aguilar, lideresa de ASMUC<a href=\"https:\/\/www.cna-colombia.org\/mensaje-de-los-presos-politicos-de-yopal-a-los-participantes-del-paro-nacional\/#_ftn2\">[2]<\/a>&nbsp;y promotora del plan alternativo de vivienda en los asentamientos humanos de Casanare, contin\u00faan hoy, en pleno 2020, detenidos. A sus detenciones se sumaron, el 27 de noviembre del 2018, la detenci\u00f3n de 8 l\u00edderes sociales de San Luis de Palenque promotores de ASONALCA, quienes hab\u00edan impulsado un pliego social de las comunidades afectadas por el proyecto Cubiro de la petrolera multinacional Frontera Energy, heredera de Pacific Rubiales.<\/p>\n\n\n\n<p>Meses m\u00e1s tarde, el 11 de abril de 2019, fueron capturados el agr\u00f3nomo Carlos Romero y el profesional en salud ocupacional Fredy Figueroa, ambos, miembros de ASONALCA, cuya labor se centraba en el fortalecimiento t\u00e9cnico de esta asociaci\u00f3n y en el apoyo en la denuncia de situaciones de derechos humanos contra sus integrantes. Por si fuera poco, el 7 de diciembre fue capturado en Arauca y llevado a La Picota en Bogot\u00e1, uno de los l\u00edderes regionales del Centro Oriente, el campesino y activista c\u00edvico popular Jos\u00e9 Murillo Tobo. Como en los casos de los mal llamados falsos positivos o ejecuciones extrajudiciales, esta persecuci\u00f3n jur\u00eddica contra el movimiento social ha sido presentada como una persecuci\u00f3n a integrantes de grupos ilegales, pero ha tenido en com\u00fan, el financiamiento por parte de las compa\u00f1\u00edas petroleras a las Estructuras de Apoyo de la Fiscal\u00eda, entidad que ha adelantado la solicitud de las capturas sin las pruebas suficientes, como se observa en las audiencias de legalizaci\u00f3n de captura.<\/p>\n\n\n\n<p>Conscientes de la importancia de las luchas que viene avanzando el pueblo colombiano en las jornadas de protesta iniciadas el 21 de noviembre, Hermes Burgos, Jes\u00fas Leal Salcedo, Fabio Cerrato Casta\u00f1o, Ronald Andr\u00e9s Corredor y Jaime Alberto Coca Ch\u00e1vez (los \u00faltimos cuatro, l\u00edderes presos de San Luis de Palenque), han escrito una comunicaci\u00f3n a los participantes del paro nacional:<\/p>\n\n\n\n<p>\u201cSe\u00f1ores: Voceros paro nacional y participantes en general<\/p>\n\n\n\n<p>Centro Penitenciario Guafilla. Yopal.<\/p>\n\n\n\n<p>Reciban un cordial saludo desde la distancia, con el fin de unir fuerzas, templanza, coraje y esperanza en apoyo a las manifestaciones. Nos unimos a ellas, teniendo en cuenta que somos l\u00edderes sociales privados de nuestra libertad porque hemos levantado nuestra voz de protesta en contra de las multinacionales petroleras; multinacionales que no cumplen sus licencias ambientales, que vulneran nuestros derechos al no pagar nuestros servicios prestados, y nos dejan una gran contaminaci\u00f3n en la tierra, el agua y el aire.<\/p>\n\n\n\n<p>Al ver que los entes del gobierno encargados de hacer los controles pertinentes para proteger el medio ambiente no lo hacen, sino que se confabulan para vulnerar nuestros derechos y cometer cr\u00edmenes ambientales, y despu\u00e9s de haber agotado todas las instancias jur\u00eddicas y comprobar de primera mano la persecuci\u00f3n del gobierno inducido por los funcionarios de estas multinacionales, nos hemos enfrentado, en diferentes casos, a la c\u00e1rcel, el destierro o la muerte.<\/p>\n\n\n\n<p>Es por eso que solicitamos nuestra liberaci\u00f3n y que cese ya la persecuci\u00f3n y muerte de l\u00edderes sociales en nuestro pa\u00eds. En momentos de tanto descontento como los que tiene el pueblo, queremos hacer el llamado sobre la nefasta pol\u00edtica de justicia del presidente Duque. Solicitamos beneficios y\/o rebaja de pena para los presos, teniendo en cuenta una posible ley de jubileo tras hechos como el proceso de paz, la conmemoraci\u00f3n del bicentenario y la visita en a\u00f1os recientes a nuestro pa\u00eds del m\u00e1ximo jerarca de la iglesia cat\u00f3lica. Es necesario tener en cuenta estos hechos y otorgar beneficios a las personas privadas de la libertad, como se ha hecho en otros pa\u00edses. Las c\u00e1rceles de nuestro pa\u00eds se han convertido en desag\u00fces y sofismas para distraer y cubrir la atenci\u00f3n sobre la realidad de corrupci\u00f3n y saqueo que gobiernan nuestro pa\u00eds.<\/p>\n\n\n\n<p>(.,.)En este&nbsp; sentido nos unimos en solidaridad y enviamos nuestro saludo y sentimiento de condolencia a la familia del joven Dilan Cruz, que muri\u00f3 a manos de los esbirros del gobierno (ESMAD) caso que reprochamos rotundamente, a la vez que hacemos un llamado al Gobierno que ya cese el ataque y represi\u00f3n que siempre ha mantenido contra la poblaci\u00f3n civil, que sale siempre a defender sus derechos. Considerando que la libertad, la justicia y la paz en el mundo tiene por base el reconocimiento de la dignidad y los derechos iguales e inalienables de todos los miembros de la familia humana, reiteramos la necesidad de que los derechos humanos sean protegidos, a fin de que las personas no se vean compelidas a usar la justicia por mano propia o al supremo recurso de la rebeli\u00f3n contra la mano tirana y la opresi\u00f3n. Es triste ver c\u00f3mo el presidente Duque ha dejado de un lado el fin para el que fue elegido, ocasionando crisis en todos los sectores, ya que se dedic\u00f3 a solucionar un problema en Venezuela sin ser capaz de solucionar los problemas en Colombia.<\/p>\n\n\n\n<p>Teniendo en cuenta lo antes mencionado sabemos que tenemos muchos sacrificios delante nuestro, y que debemos pagar un precio por el hecho heroico de construir una vanguardia como comunidad. Nosotros como voceros y l\u00edderes sociales sabemos que tenemos que pagar un precio por tener derecho a decir que estamos a la cabeza de la comunidad, que est\u00e1 a la cabeza del pueblo. Todos y cada uno de nosotros paga puntualmente su sacrificio, conscientes de recibir el premio en la satisfacci\u00f3n del deber cumplido, en defender los derechos del medio ambiente y de las personas m\u00e1s marginadas, d\u00e9biles y vulnerables.<\/p>\n\n\n\n<p>Somos conscientes que por defender nuestro territorio podemos morir, pero con la esperanza de avanzar con todos en la construcci\u00f3n de un mejor pa\u00eds. De esta manera, podemos seguir basados en la apreciaci\u00f3n marxista de que el hombre realmente alcanza su plena condici\u00f3n humana cuando produce sin la compulsi\u00f3n de la necesidad f\u00edsica de venderse como mercanc\u00eda. Es por eso que deseamos el bien com\u00fan para todos y una paz di\u00e1fana y real para el futuro por venir, de una naci\u00f3n que pide a gritos que no se le lastime m\u00e1s a trav\u00e9s de la pol\u00edtica de sometimiento.<\/p>\n\n\n\n<p>(\u2026)Nuestro pa\u00eds es vendido con un presidente pintado, manejado por su l\u00edder pol\u00edtico; por eso Estados Unidos lo maneja a su antojo, haciendo da\u00f1o con la venta de armas, aviones que causan cantidad de tragedias y miles de muertos; y todav\u00eda quieren que vivamos felices como si no pasara nada<strong><em>. \u00bfHasta cu\u00e1ndo<\/em><\/strong>?&nbsp;<em>\u00a1Colombia despierta<\/em>! Es la hora que no demos paso atr\u00e1s, defendamos lo que nos queda antes que sea demasiado tarde.<\/p>\n\n\n\n<p>De esta manera hacemos un llamado a todos los sectores en general para que nos unamos y no nos dejemos dividir m\u00e1s ni utilizar para la guerra, ya que si meditamos un poco m\u00e1s nos damos cuenta que nos estamos matando entre los mismos, clase media y baja, confirmando que somos la patria boba.<\/p>\n\n\n\n<p><em>De esta manera nos despedimos desde las mazmorras del Estado del contaminante \u201cPLAN COLOMBIA\u201d<\/em><\/p>\n\n\n\n<p>Hermes Burgos, Jes\u00fas Leal Salcedo y Fabio Serrato Casta\u00f1o. Ronald Andr\u00e9s Corredor y Jaime Alberto Coca Ch\u00e1vez.<\/p>\n\n\n\n<p><a href=\"https:\/\/www.cna-colombia.org\/mensaje-de-los-presos-politicos-de-yopal-a-los-participantes-del-paro-nacional\/#_ftnref1\">[1]<\/a>&nbsp;Asociaci\u00f3n Nacional Campesina Jos\u00e9 Antonio Gal\u00e1n Zorro.<\/p>\n\n\n\n<p><a href=\"https:\/\/www.cna-colombia.org\/mensaje-de-los-presos-politicos-de-yopal-a-los-participantes-del-paro-nacional\/#_ftnref2\">[2]<\/a>&nbsp;Asociaci\u00f3n de Mujeres Unidas por Casanare<a href=\"https:\/\/www.cna-colombia.org\/tag\/carcel\/\">c\u00e1rcel<\/a>,&nbsp;<a href=\"https:\/\/www.cna-colombia.org\/tag\/paro-nacional\/\">Paro nacional<\/a>,&nbsp;<a href=\"https:\/\/www.cna-colombia.org\/tag\/presos-politicos\/\">presos pol\u00edticos<\/a>,&nbsp;<a href=\"https:\/\/www.cna-colombia.org\/tag\/ser-lider\/\">ser lider<\/a>,&nbsp;<a href=\"https:\/\/www.cna-colombia.org\/tag\/yopal\/\">yopal<\/a><\/p>\n","protected":false},"excerpt":{"rendered":"<p>Art\u00edculo tomado de: https:\/\/www.cna-colombia.org\/mensaje-de-los-presos-politicos-de-yopal-a-los-participantes-del-paro-nacional\/ Por: Presos pol\u00edticos de la Guafilla, Yopal &#8211; Casanare El 30 de septiembre de 2018, el<\/p>\n","protected":false},"author":1,"featured_media":0,"comment_status":"open","ping_status":"open","sticky":false,"template":"","format":"standard","meta":{"colormag_page_layout":"default_layout","footnotes":""},"categories":[72,1],"tags":[80,100,63],"class_list":["post-1011","post","type-post","status-publish","format-standard","hentry","category-campesino","category-nuestras-luchas","tag-campesino-movilizacion","tag-lideressocialesdecasanare","tag-ddhh-serlidersocialnoesdelito"],"_links":{"self":[{"href":"https:\/\/cospacc.org\/index.php?rest_route=\/wp\/v2\/posts\/1011","targetHints":{"allow":["GET"]}}],"collection":[{"href":"https:\/\/cospacc.org\/index.php?rest_route=\/wp\/v2\/posts"}],"about":[{"href":"https:\/\/cospacc.org\/index.php?rest_route=\/wp\/v2\/types\/post"}],"author":[{"embeddable":true,"href":"https:\/\/cospacc.org\/index.php?rest_route=\/wp\/v2\/users\/1"}],"replies":[{"embeddable":true,"href":"https:\/\/cospacc.org\/index.php?rest_route=%2Fwp%2Fv2%2Fcomments&post=1011"}],"version-history":[{"count":1,"href":"https:\/\/cospacc.org\/index.php?rest_route=\/wp\/v2\/posts\/1011\/revisions"}],"predecessor-version":[{"id":1013,"href":"https:\/\/cospacc.org\/index.php?rest_route=\/wp\/v2\/posts\/1011\/revisions\/1013"}],"wp:attachment":[{"href":"https:\/\/cospacc.org\/index.php?rest_route=%2Fwp%2Fv2%2Fmedia&parent=1011"}],"wp:term":[{"taxonomy":"category","embeddable":true,"href":"https:\/\/cospacc.org\/index.php?rest_route=%2Fwp%2Fv2%2Fcategories&post=1011"},{"taxonomy":"post_tag","embeddable":true,"href":"https:\/\/cospacc.org\/index.php?rest_route=%2Fwp%2Fv2%2Ftags&post=1011"}],"curies":[{"name":"wp","href":"https:\/\/api.w.org\/{rel}","templated":true}]}}