{"id":1014,"date":"2020-01-29T14:52:39","date_gmt":"2020-01-29T14:52:39","guid":{"rendered":"https:\/\/cospacc.org\/?p=1014"},"modified":"2020-01-29T17:17:25","modified_gmt":"2020-01-29T17:17:25","slug":"comunicado-a-la-opinion-publica-3","status":"publish","type":"post","link":"https:\/\/cospacc.org\/?p=1014","title":{"rendered":"Comunicado a la opini\u00f3n p\u00fablica"},"content":{"rendered":"\n<p><\/p>\n\n\n\n<p>Denunciamos ante la opini\u00f3n p\u00fablica, Entes de control del Estado, ONGs defensora de los derechos humanos y dem\u00e1s personalidades y organizaciones sociales y populares la grave situaci\u00f3n que se viene presentando con la alimentaci\u00f3n en particular en este centro de Reclusi\u00f3n. <\/p>\n\n\n\n<figure class=\"wp-block-gallery columns-2 is-cropped wp-block-gallery-1 is-layout-flex wp-block-gallery-is-layout-flex\"><ul class=\"blocks-gallery-grid\"><li class=\"blocks-gallery-item\"><figure><img loading=\"lazy\" decoding=\"async\" width=\"678\" height=\"495\" src=\"https:\/\/cospacc.org\/wp-content\/uploads\/2020\/01\/carcel-2.jpg\" alt=\"\" data-id=\"1015\" class=\"wp-image-1015\" srcset=\"https:\/\/cospacc.org\/wp-content\/uploads\/2020\/01\/carcel-2.jpg 678w, https:\/\/cospacc.org\/wp-content\/uploads\/2020\/01\/carcel-2-300x219.jpg 300w\" sizes=\"auto, (max-width: 678px) 100vw, 678px\" \/><\/figure><\/li><li class=\"blocks-gallery-item\"><figure><img loading=\"lazy\" decoding=\"async\" width=\"178\" height=\"284\" src=\"https:\/\/cospacc.org\/wp-content\/uploads\/2020\/01\/carcel.jpg\" alt=\"\" data-id=\"1016\" data-full-url=\"https:\/\/cospacc.org\/wp-content\/uploads\/2020\/01\/carcel.jpg\" data-link=\"https:\/\/cospacc.org\/?attachment_id=1016\" class=\"wp-image-1016\"\/><\/figure><\/li><\/ul><\/figure>\n\n\n\n<p>Hace un tiempo las nutrici\u00f3nistas del consorcio que nos prestan el servicio de alimentaci\u00f3n estaban en una campa\u00f1a de medir el peso, situaci\u00f3n corporal de los internos, e incluido la barriga. <\/p>\n\n\n\n<p>Lo jodido es que esta campa\u00f1a la hicieron en los patios donde los internos tienen la facilidad de preparar sus comidas y, comprar en el expendio para alternar y reforzar la alimentaci\u00f3n. <\/p>\n\n\n\n<p>Con mucha curiosidad observamos esta particular situaci\u00f3n, y nos dijimos: \u00abeso no es gratis\u00bb <\/p>\n\n\n\n<p>En estos d\u00edas hubo un nuevo contrato de alimentos, donde la empresa del a\u00f1o anterior, cambio de raci\u00f3n social, y seguramente el nombre, pero son los mismos con las mismas. <\/p>\n\n\n\n<p>Para sorpresa de todos los PPL de este Complejo Carcelario y Penitenciario  Metropolitano de Bogot\u00e1 &#8211; COMEB- seg\u00fan estudio que hicieron al interior de la c\u00e1rcel, las porciones o raciones de comidas hab\u00eda que bajarlas, puesto que los internos est\u00e1bamos muy gordos. <\/p>\n\n\n\n<p>Esto ha generado una serie de inconformidades, al punto que la administraci\u00f3n convoc\u00f3 una reuni\u00f3n extraordinaria. <\/p>\n\n\n\n<p>El comit\u00e9 de DDHH plantea que la USPEC junto con el \u00bb nuevo\u00bb consorcio de alimentos hicieron un nuevo contrato para este a\u00f1o 2020 a espaldas de los que recibir\u00e1n el servicio. Adem\u00e1s de desventajosa la situaci\u00f3n, donde se anula el refrigerio, incluyeron alimentos que son muy perjudicial para la salud del interno, como la sardina entre otros. <\/p>\n\n\n\n<p>Producto de lo anterior y frente a la amenaza de irnos como PPL a una huelga general, la administraci\u00f3n est\u00e1 tratando de paladear la situaci\u00f3n, pero todav\u00eda no hay una soluci\u00f3n de fondo. <\/p>\n\n\n\n<p>Hacemos un llamado para que estemos muy prestos a cualquier situaci\u00f3n adversa a los intereses de todos los internos de este complejo carcelario y Penitenciario al llamado para forjarnos en pie de lucha con medidas de hechos si no hay soluci\u00f3n de fondo ante esta grave y dram\u00e1tica situaci\u00f3n alimentaria. <\/p>\n\n\n\n<p>Atentamente, <\/p>\n\n\n\n<p>MOVIMIENTO NACIONAL CARCELARIO. <\/p>\n\n\n\n<p>COMPLEJO CARCELARIO Y PENITENCIARIO METROPOLITANO DE BOGOT\u00c1. <\/p>\n\n\n\n<pre class=\"wp-block-code\"><code>      Bogot\u00e1, DC. Enero 14 de 2020<\/code><\/pre>\n","protected":false},"excerpt":{"rendered":"<p>Denunciamos ante la opini\u00f3n p\u00fablica, Entes de control del Estado, ONGs defensora de los derechos humanos y dem\u00e1s personalidades y<\/p>\n","protected":false},"author":1,"featured_media":0,"comment_status":"open","ping_status":"open","sticky":false,"template":"","format":"standard","meta":{"colormag_page_layout":"default_layout","footnotes":""},"categories":[47],"tags":[14],"class_list":["post-1014","post","type-post","status-publish","format-standard","hentry","category-comunicados-y-denuncias","tag-ddhh"],"_links":{"self":[{"href":"https:\/\/cospacc.org\/index.php?rest_route=\/wp\/v2\/posts\/1014","targetHints":{"allow":["GET"]}}],"collection":[{"href":"https:\/\/cospacc.org\/index.php?rest_route=\/wp\/v2\/posts"}],"about":[{"href":"https:\/\/cospacc.org\/index.php?rest_route=\/wp\/v2\/types\/post"}],"author":[{"embeddable":true,"href":"https:\/\/cospacc.org\/index.php?rest_route=\/wp\/v2\/users\/1"}],"replies":[{"embeddable":true,"href":"https:\/\/cospacc.org\/index.php?rest_route=%2Fwp%2Fv2%2Fcomments&post=1014"}],"version-history":[{"count":1,"href":"https:\/\/cospacc.org\/index.php?rest_route=\/wp\/v2\/posts\/1014\/revisions"}],"predecessor-version":[{"id":1017,"href":"https:\/\/cospacc.org\/index.php?rest_route=\/wp\/v2\/posts\/1014\/revisions\/1017"}],"wp:attachment":[{"href":"https:\/\/cospacc.org\/index.php?rest_route=%2Fwp%2Fv2%2Fmedia&parent=1014"}],"wp:term":[{"taxonomy":"category","embeddable":true,"href":"https:\/\/cospacc.org\/index.php?rest_route=%2Fwp%2Fv2%2Fcategories&post=1014"},{"taxonomy":"post_tag","embeddable":true,"href":"https:\/\/cospacc.org\/index.php?rest_route=%2Fwp%2Fv2%2Ftags&post=1014"}],"curies":[{"name":"wp","href":"https:\/\/api.w.org\/{rel}","templated":true}]}}