{"id":1018,"date":"2020-01-31T02:37:05","date_gmt":"2020-01-31T02:37:05","guid":{"rendered":"https:\/\/cospacc.org\/?p=1018"},"modified":"2020-01-31T02:41:43","modified_gmt":"2020-01-31T02:41:43","slug":"carta-al-comando-unificado-de-paro","status":"publish","type":"post","link":"https:\/\/cospacc.org\/?p=1018","title":{"rendered":"Carta al comando unificado de Paro"},"content":{"rendered":"\n<figure class=\"wp-block-gallery columns-2 is-cropped wp-block-gallery-1 is-layout-flex wp-block-gallery-is-layout-flex\"><ul class=\"blocks-gallery-grid\"><li class=\"blocks-gallery-item\"><figure><img loading=\"lazy\" decoding=\"async\" width=\"276\" height=\"405\" src=\"https:\/\/cospacc.org\/wp-content\/uploads\/2020\/01\/movimiento-carcelario.jpg\" alt=\"\" data-id=\"1019\" class=\"wp-image-1019\" srcset=\"https:\/\/cospacc.org\/wp-content\/uploads\/2020\/01\/movimiento-carcelario.jpg 276w, https:\/\/cospacc.org\/wp-content\/uploads\/2020\/01\/movimiento-carcelario-204x300.jpg 204w\" sizes=\"auto, (max-width: 276px) 100vw, 276px\" \/><\/figure><\/li><li class=\"blocks-gallery-item\"><figure><img loading=\"lazy\" decoding=\"async\" width=\"640\" height=\"430\" src=\"https:\/\/cospacc.org\/wp-content\/uploads\/2020\/01\/Carta-al-presidente-presos-Colombia.png\" alt=\"\" data-id=\"1020\" data-full-url=\"https:\/\/cospacc.org\/wp-content\/uploads\/2020\/01\/Carta-al-presidente-presos-Colombia.png\" data-link=\"https:\/\/cospacc.org\/?attachment_id=1020\" class=\"wp-image-1020\" srcset=\"https:\/\/cospacc.org\/wp-content\/uploads\/2020\/01\/Carta-al-presidente-presos-Colombia.png 640w, https:\/\/cospacc.org\/wp-content\/uploads\/2020\/01\/Carta-al-presidente-presos-Colombia-300x202.png 300w\" sizes=\"auto, (max-width: 640px) 100vw, 640px\" \/><\/figure><\/li><\/ul><\/figure>\n\n\n\n<p>29 de enero del 2020<\/p>\n\n\n\n<p>MOVIMIENTO NACIONAL CARCELARIO<\/p>\n\n\n\n<p>Compa\u00f1eras y compa\u00f1eros del comando unificado de paro, reciban un saludo  solidario, esperando que estos tiempos de lucha nos sigan conduciendo en la construcci\u00f3n de un presente digno y de justicia social. <\/p>\n\n\n\n<p>Hemos estado atentos del caminar de la movilizaci\u00f3n y las expresiones de rebeld\u00eda en todos los rincones del pa\u00eds, y con alegr\u00eda reconocemos en esta gesta popular el latir de un pueblo diverso y multicolor que cansado de la negaci\u00f3n de sus derechos, la sistem\u00e1tica persecuci\u00f3n a los procesos sociales y el asesinato selectivo de luchadores sociales, sigue saliendo a las calles, haciendo sonar ollas y cacerolas, rompiendo con la normalidad que violentamente impone el silencio. <\/p>\n\n\n\n<p>Sabemos con certeza que s\u00f3lo con la unidad de todas las personas que hemos sido negadas, perseguidas, empobrecidas y encarceladas, ser\u00e1 posible avanzar en la forja de un pa\u00eds donde quepamos todas; donde se respete la vida, los territorios y sobre todo, la dignidad. <\/p>\n\n\n\n<p>Desde las c\u00e1rceles del pa\u00eds so\u00f1amos, sentimos y respaldamos esa justa rabia que no calla y construye con perseverancia hist\u00f3rica alternativas a las sin salidas que impone el Estado en desarrollo del modelo neoliberal. En estos lugares donde tambi\u00e9n se hace necesario defender la libertad y la vida, queremos manifestar nuestro deseo de sumarnos, como parte del pueblo que hoy sufre el rigor de las injusticias, a las movilizaciones y acciones conscientes que buscan defender la democracia, la organizaci\u00f3n popular y los derechos humanos. <\/p>\n\n\n\n<p>Con este esp\u00edritu, desde el Movimiento Nacional Carcelario, expresi\u00f3n organizada de las personas privadas de la libertad, ponemos de presente nuestros puntos reivindicativos que se encuentran en permanente construcci\u00f3n y expresan nuestras luchas:<\/p>\n\n\n\n<ol class=\"wp-block-list\"><li>Decretar emergencia social y humanitaria en todas las c\u00e1rceles colombianas.<\/li><li>Conceder  rebaja de penas de un 20% a todos los presos del pa\u00eds sin ninguna exclusi\u00f3n por ley o delito.<\/li><li>Conceder la regionalizaci\u00f3n a toda la PPL por acercamiento familiar y procesal.<\/li><li>Otorgar beneficios administrativos y sub rugados penales a toda la PPL sin ninguna exclusi\u00f3n por ley o delito.<\/li><li>Resolver la problem\u00e1tica social, salud salubridad y hacinamiento.<\/li><li>Justicia restaurativa con pena m\u00e1xima de 25 a\u00f1os, seg\u00fan recomendaciones de la ONU.<\/li><li>Reforma en la pol\u00edtica criminal y penitenciaria.<\/li><li>Por la soberan\u00eda no a la extradici\u00f3n de colombianos<\/li><\/ol>\n\n\n\n<p>Puntos de lucha que pensamos, deben ser tenidos en cuenta en la elaboraci\u00f3n de un pliego de cara a la continuaci\u00f3n de los procesos de movilizaci\u00f3n nacional; y que al ser conocidos,  rodeados y defendidos por el movimiento popular, seguramente alcanzar\u00e1n un mayor calado social y la soluci\u00f3n a la grave crisis humanitaria que enfrentamos d\u00eda a d\u00eda. <\/p>\n\n\n\n<p>Agradecemos su atenci\u00f3n solidaria y combativa, y esperamos que al seguir uniendo nuestras voces, logremos un canto que proponga nuevas armon\u00edas. <\/p>\n\n\n\n<p>Adjuntamos Llamado a la Reflexi\u00f3n P\u00fablica. <\/p>\n\n\n\n<p>\u00a1Preso es quien no lucha!<br>\n\u00a1Viva el Paro Nacional!<\/p>\n","protected":false},"excerpt":{"rendered":"<p>29 de enero del 2020 MOVIMIENTO NACIONAL CARCELARIO Compa\u00f1eras y compa\u00f1eros del comando unificado de paro, reciban un saludo solidario,<\/p>\n","protected":false},"author":1,"featured_media":0,"comment_status":"open","ping_status":"open","sticky":false,"template":"","format":"standard","meta":{"colormag_page_layout":"default_layout","footnotes":""},"categories":[47],"tags":[14],"class_list":["post-1018","post","type-post","status-publish","format-standard","hentry","category-comunicados-y-denuncias","tag-ddhh"],"_links":{"self":[{"href":"https:\/\/cospacc.org\/index.php?rest_route=\/wp\/v2\/posts\/1018","targetHints":{"allow":["GET"]}}],"collection":[{"href":"https:\/\/cospacc.org\/index.php?rest_route=\/wp\/v2\/posts"}],"about":[{"href":"https:\/\/cospacc.org\/index.php?rest_route=\/wp\/v2\/types\/post"}],"author":[{"embeddable":true,"href":"https:\/\/cospacc.org\/index.php?rest_route=\/wp\/v2\/users\/1"}],"replies":[{"embeddable":true,"href":"https:\/\/cospacc.org\/index.php?rest_route=%2Fwp%2Fv2%2Fcomments&post=1018"}],"version-history":[{"count":1,"href":"https:\/\/cospacc.org\/index.php?rest_route=\/wp\/v2\/posts\/1018\/revisions"}],"predecessor-version":[{"id":1021,"href":"https:\/\/cospacc.org\/index.php?rest_route=\/wp\/v2\/posts\/1018\/revisions\/1021"}],"wp:attachment":[{"href":"https:\/\/cospacc.org\/index.php?rest_route=%2Fwp%2Fv2%2Fmedia&parent=1018"}],"wp:term":[{"taxonomy":"category","embeddable":true,"href":"https:\/\/cospacc.org\/index.php?rest_route=%2Fwp%2Fv2%2Fcategories&post=1018"},{"taxonomy":"post_tag","embeddable":true,"href":"https:\/\/cospacc.org\/index.php?rest_route=%2Fwp%2Fv2%2Ftags&post=1018"}],"curies":[{"name":"wp","href":"https:\/\/api.w.org\/{rel}","templated":true}]}}