{"id":1022,"date":"2020-02-17T12:26:39","date_gmt":"2020-02-17T12:26:39","guid":{"rendered":"https:\/\/cospacc.org\/?p=1022"},"modified":"2025-04-30T05:03:28","modified_gmt":"2025-04-30T05:03:28","slug":"revictimizacion-de-los-lideres-sociales-privados-de-la-libertad","status":"publish","type":"post","link":"https:\/\/cospacc.org\/?p=1022","title":{"rendered":"Revictimizaci\u00f3n de los l\u00edderes sociales privados de la libertad"},"content":{"rendered":"\n<p>San Luis de Palenque, 13 de febrero de 2020<\/p>\n\n\n\n<p><strong>DENUNCIA P\u00daBLICA<\/strong><\/p>\n\n\n\n<p><strong><em>Amenaza y lesiones contra l\u00edder social privada de la libertad en \u00e1rea rural de San Luis de Palenque, Casanare.<\/em><\/strong><\/p>\n\n\n\n<figure class=\"wp-block-gallery columns-3 is-cropped wp-block-gallery-1 is-layout-flex wp-block-gallery-is-layout-flex\"><ul class=\"blocks-gallery-grid\"><li class=\"blocks-gallery-item\"><figure><img loading=\"lazy\" decoding=\"async\" width=\"361\" height=\"481\" src=\"https:\/\/cospacc.org\/wp-content\/uploads\/2020\/02\/denuncia.jpg\" alt=\"\" data-id=\"1024\" data-link=\"https:\/\/cospacc.org\/?attachment_id=1024\" class=\"wp-image-1024\" srcset=\"https:\/\/cospacc.org\/wp-content\/uploads\/2020\/02\/denuncia.jpg 361w, https:\/\/cospacc.org\/wp-content\/uploads\/2020\/02\/denuncia-225x300.jpg 225w\" sizes=\"auto, (max-width: 361px) 100vw, 361px\" \/><\/figure><\/li><li class=\"blocks-gallery-item\"><figure><img loading=\"lazy\" decoding=\"async\" width=\"376\" height=\"500\" src=\"https:\/\/cospacc.org\/wp-content\/uploads\/2020\/02\/denuncia-p1.jpg\" alt=\"\" data-id=\"1025\" data-link=\"https:\/\/cospacc.org\/?attachment_id=1025\" class=\"wp-image-1025\" srcset=\"https:\/\/cospacc.org\/wp-content\/uploads\/2020\/02\/denuncia-p1.jpg 376w, https:\/\/cospacc.org\/wp-content\/uploads\/2020\/02\/denuncia-p1-226x300.jpg 226w\" sizes=\"auto, (max-width: 376px) 100vw, 376px\" \/><\/figure><\/li><li class=\"blocks-gallery-item\"><figure><img loading=\"lazy\" decoding=\"async\" width=\"361\" height=\"481\" src=\"https:\/\/cospacc.org\/wp-content\/uploads\/2020\/02\/denuncia-1.jpg\" alt=\"\" data-id=\"1026\" data-full-url=\"https:\/\/cospacc.org\/wp-content\/uploads\/2020\/02\/denuncia-1.jpg\" data-link=\"https:\/\/cospacc.org\/?attachment_id=1026\" class=\"wp-image-1026\" srcset=\"https:\/\/cospacc.org\/wp-content\/uploads\/2020\/02\/denuncia-1.jpg 361w, https:\/\/cospacc.org\/wp-content\/uploads\/2020\/02\/denuncia-1-225x300.jpg 225w\" sizes=\"auto, (max-width: 361px) 100vw, 361px\" \/><\/figure><\/li><\/ul><\/figure>\n\n\n\n<p><strong>Antecedentes<\/strong><\/p>\n\n\n\n<p>TERESA\nRINC\u00d3N, l\u00edder social de la vereda La Venturosa del municipio de San Luis de\nPalenque se encuentra privada de la libertad por un proceso judicial adelantado\npor la EDA (Estructura de Apoyo de la Fiscal\u00eda General de la Naci\u00f3n) de\nCasanare, por hechos relacionados al ejercicio de la protesta social en\nexigencia del cumplimiento de acuerdos y pagos a la comunidad por parte de la\nmultinacional petrolera Frontera Energy. <\/p>\n\n\n\n<p>En el mes\nde septiembre COSPACC denunci\u00f3 p\u00fablicamente hostigamientos perpetuados por\ncuatro hombres encapuchados y vestidos de negro que rodearon el domicilio de\nTERESA RINC\u00d3N donde se encuentra privada de la libertad.<\/p>\n\n\n\n<p><strong>Hechos<\/strong><\/p>\n\n\n\n<ol class=\"wp-block-list\"><li>El martes 04 de febrero a las 10.30 am\ndos hombres encapuchados que se movilizaban en moto se acercaron a la vivienda\nde TERESA RINC\u00d3N donde reside con su familia, entre ellos, menores de edad. Uno\nde los hombres descendi\u00f3 de la moto, apuntando a la l\u00edder social con arma\nblanca. Le pidi\u00f3 dinero amenazando que de no recibirlo, atentar\u00eda contra su\nvida. <\/li><\/ol>\n\n\n\n<ul class=\"wp-block-list\"><li>TERESA RINC\u00d3N manifest\u00f3 que no ten\u00eda\ndinero, por lo que el hombre encapuchado la lesion\u00f3 con el arma blanca en\nbrazos y cuello. Le manifest\u00f3 que volver\u00eda por dinero de lo contrario atentar\u00eda\ncontra su vida.<\/li><\/ul>\n\n\n\n<p><strong>Exigimos<\/strong><\/p>\n\n\n\n<ul class=\"wp-block-list\"><li>A la Procuradur\u00eda General de la Naci\u00f3n y a la Fiscal\u00eda General de\nla Naci\u00f3n, a investigar estos hechos y a adelantar los procesos judiciales y\ndisciplinarios a los que haya lugar contra los responsables de estas conductas\ndelictivas.<\/li><\/ul>\n\n\n\n<ul class=\"wp-block-list\"><li>Al gobierno nacional a que se tomen las medidas necesarias que\ngaranticen el derecho a la vida, la integridad, la seguridad y la libertad de\nlos menores de edad y de las personas privadas de la libertad.<\/li><\/ul>\n\n\n\n<ul class=\"wp-block-list\"><li>A\nla Defensor\u00eda del Pueblo, como garante de derechos humanos, acompa\u00f1e el proceso\nde denuncia y protecci\u00f3n de la l\u00edder social y su familia. <\/li><\/ul>\n\n\n\n<p><strong>CORPORACI\u00d3N SOCIAL PARA LA ASESOR\u00cdA Y CAPACITACI\u00d3N COMUNITARIA \u2013\nCOSPACC \u2013 <\/strong><\/p>\n","protected":false},"excerpt":{"rendered":"<p>San Luis de Palenque, 13 de febrero de 2020 DENUNCIA P\u00daBLICA Amenaza y lesiones contra l\u00edder social privada de la<\/p>\n","protected":false},"author":1,"featured_media":0,"comment_status":"open","ping_status":"open","sticky":false,"template":"","format":"standard","meta":{"colormag_page_layout":"default_layout","footnotes":""},"categories":[47],"tags":[17,14,63],"class_list":["post-1022","post","type-post","status-publish","format-standard","hentry","category-comunicados-y-denuncias","tag-casanare","tag-ddhh","tag-ddhh-serlidersocialnoesdelito"],"_links":{"self":[{"href":"https:\/\/cospacc.org\/index.php?rest_route=\/wp\/v2\/posts\/1022","targetHints":{"allow":["GET"]}}],"collection":[{"href":"https:\/\/cospacc.org\/index.php?rest_route=\/wp\/v2\/posts"}],"about":[{"href":"https:\/\/cospacc.org\/index.php?rest_route=\/wp\/v2\/types\/post"}],"author":[{"embeddable":true,"href":"https:\/\/cospacc.org\/index.php?rest_route=\/wp\/v2\/users\/1"}],"replies":[{"embeddable":true,"href":"https:\/\/cospacc.org\/index.php?rest_route=%2Fwp%2Fv2%2Fcomments&post=1022"}],"version-history":[{"count":1,"href":"https:\/\/cospacc.org\/index.php?rest_route=\/wp\/v2\/posts\/1022\/revisions"}],"predecessor-version":[{"id":1027,"href":"https:\/\/cospacc.org\/index.php?rest_route=\/wp\/v2\/posts\/1022\/revisions\/1027"}],"wp:attachment":[{"href":"https:\/\/cospacc.org\/index.php?rest_route=%2Fwp%2Fv2%2Fmedia&parent=1022"}],"wp:term":[{"taxonomy":"category","embeddable":true,"href":"https:\/\/cospacc.org\/index.php?rest_route=%2Fwp%2Fv2%2Fcategories&post=1022"},{"taxonomy":"post_tag","embeddable":true,"href":"https:\/\/cospacc.org\/index.php?rest_route=%2Fwp%2Fv2%2Ftags&post=1022"}],"curies":[{"name":"wp","href":"https:\/\/api.w.org\/{rel}","templated":true}]}}