{"id":1032,"date":"2020-07-08T21:20:20","date_gmt":"2020-07-08T21:20:20","guid":{"rendered":"https:\/\/cospacc.org\/?p=1032"},"modified":"2020-07-08T21:20:22","modified_gmt":"2020-07-08T21:20:22","slug":"perfiles-falsos-para-la-persecucion-politica-por-equipo-de-derechos-humanos-de-anjeco-boyaca","status":"publish","type":"post","link":"https:\/\/cospacc.org\/?p=1032","title":{"rendered":"PERFILES FALSOS PARA LA PERSECUCI\u00d3N POL\u00cdTICA Por: Equipo de Derechos Humanos de ANJECO Boyac\u00e1"},"content":{"rendered":"\n<figure class=\"wp-block-image size-large\"><img loading=\"lazy\" decoding=\"async\" width=\"225\" height=\"225\" src=\"https:\/\/cospacc.org\/wp-content\/uploads\/2020\/07\/image.jpeg\" alt=\"ANJECO (@AnjecoNacional) | \u05d8\u05d5\u05d5\u05d9\u05d8\u05e8\" class=\"wp-image-1034\" srcset=\"https:\/\/cospacc.org\/wp-content\/uploads\/2020\/07\/image.jpeg 225w, https:\/\/cospacc.org\/wp-content\/uploads\/2020\/07\/image-150x150.jpeg 150w\" sizes=\"auto, (max-width: 225px) 100vw, 225px\" \/><\/figure>\n\n\n\n<p>El colectivo estudiantil SUA NEMQUETEBA es una organizaci\u00f3n universitaria que hace parte de la Asociaci\u00f3n Nacional de J\u00f3venes y Estudiantes de Colombia \u2013 ANJECO &#8211; con presencia activa en la UPTC Sogamoso, a trav\u00e9s de manifestaciones art\u00edsticas, culturales, acad\u00e9micas y pol\u00edticas, en defensa de la universidad p\u00fablica y en perspectiva de un proyecto de pa\u00eds libre de explotaci\u00f3n, violencia estatal, exclusi\u00f3n e injusticia social. Cabe resaltar que en el ejercicio democr\u00e1tico que realiza SUA NEMQUETEBA &#8211; ANJECO al interior de la Uptc, ha denunciado las acciones de agrupaciones pol\u00edticas que replican din\u00e1micas tradicionales de corrupci\u00f3n, encabezadas, entre otros, por actores que tienen protagonismo en la Universidad y en la vida pol\u00edtica boyacense.<\/p>\n\n\n\n<p>El d\u00eda 29 de mayo de 2020 a las 10:49 AM, al fan page del colectivo estudiantil en Facebook llega un mensaje con el texto: \u201cSE VAN A MORIR\u201d. Dicho mensaje proviene de un perfil con el nombre JUAN ESTEBAN MADURO, el cual contiene en sus publicaciones, im\u00e1genes alusivas a disturbios universitarios y una foto de portada con la bandera de una organizaci\u00f3n armada, no tiene fotos que identifiquen a una persona en espec\u00edfico, comentarios de otros perfiles en sus publicaciones y fue creado pocas semanas antes de emitir este mensaje.<\/p>\n\n\n\n<p>El caso se denunci\u00f3 ante las autoridades competentes exigiendo investigaci\u00f3n y sanci\u00f3n que permita esclarecer de d\u00f3nde provienen estas amenazas. La secretar\u00eda de gobierno de Sogamoso sugiri\u00f3 la activaci\u00f3n de la ruta de protecci\u00f3n a l\u00edderes sociales para el colectivo SUA-NEMQUETEBA que incluye rutas de protecci\u00f3n de la Polic\u00eda Nacional en zonas urbanas y el Ej\u00e9rcito Nacional en zonas rurales, evaluaci\u00f3n de riesgo por parte de la Unidad Nacional de Protecci\u00f3n, sugerencia que fue rechazada dado el car\u00e1cter pol\u00edtico anti-militarista de la Asociaci\u00f3n, de manera colectiva se decidi\u00f3 que no se aceptaba dicho acompa\u00f1amiento, sin embargo, se mantiene contacto con los investigadores correspondientes del caso para hacer seguimiento al proceso investigativo.<\/p>\n\n\n\n<p>Como estrategia colectiva ante las situaciones de riesgo, se est\u00e1n tomando las medidas pertinentes para capacitar y fomentar los mecanismos de autoprotecci\u00f3n dentro del proceso organizativo estudiantil.&nbsp;<\/p>\n\n\n\n<p>Este tipo de situaciones deben ser ubicadas en un contexto de vulneraci\u00f3n a los derechos humanos, y en espec\u00edfico, al derecho a la libre asociaci\u00f3n y a la protesta, ya que, con este mensaje, es claro que se pretende intimidar, hostigar y amedrentar a las personas que integran el proceso organizativo de oposici\u00f3n a la administraci\u00f3n universitaria y a la pol\u00edtica tradicional.&nbsp;<\/p>\n\n\n\n<p>Con este tipo de hechos se replican comportamientos y m\u00e9todos que hacen parte de la guerra sucia en contra de las organizaciones sociales y populares, a trav\u00e9s de la creaci\u00f3n de grupos con masivos perfiles o cuentas falsas, conocidos como bodegas, que a trav\u00e9s de im\u00e1genes tergiversadas, manipuladas y modificadas, pretenden desinformar, confundir, y de paso, desprestigiar a personas, colectivos u organizaciones, haci\u00e9ndolas vulnerables, con lo que pretenden justificar a nivel medi\u00e1tico, posteriores actos de violencia y agresi\u00f3n f\u00edsica, verbal, psicol\u00f3gica y emocional.<\/p>\n\n\n\n<p>Estos m\u00e9todos no s\u00f3lo vulneran a la organizaci\u00f3n en el momento que son objeto de los ataques, sino que, a su vez, generan prevenciones y miedos en la comunidad y el entorno en que hacen vida las organizaciones, dejando un mensaje de que cualquier persona que se organice o simpatice con dichos procesos ser\u00e1 agredida o amenazada, rompiendo as\u00ed un tejido social y un arraigo popular que es dif\u00edcil de construir y fortalecer.<\/p>\n\n\n\n<p>Por esa raz\u00f3n, es importante fortalecer los procesos de organizaci\u00f3n social y popular que, incorporen, en el marco de la lucha pol\u00edtica, ejercicios de memoria y verdad, a trav\u00e9s de acciones de denuncia y visibilizaci\u00f3n, con los cuales sea posible romper el cerco medi\u00e1tico, aquel que impone el silencio y la normalizaci\u00f3n de las injusticias.<\/p>\n","protected":false},"excerpt":{"rendered":"<p>El colectivo estudiantil SUA NEMQUETEBA es una organizaci\u00f3n universitaria que hace parte de la Asociaci\u00f3n Nacional de J\u00f3venes y Estudiantes<\/p>\n","protected":false},"author":1,"featured_media":0,"comment_status":"open","ping_status":"open","sticky":false,"template":"","format":"standard","meta":{"colormag_page_layout":"default_layout","footnotes":""},"categories":[1],"tags":[],"class_list":["post-1032","post","type-post","status-publish","format-standard","hentry","category-nuestras-luchas"],"_links":{"self":[{"href":"https:\/\/cospacc.org\/index.php?rest_route=\/wp\/v2\/posts\/1032","targetHints":{"allow":["GET"]}}],"collection":[{"href":"https:\/\/cospacc.org\/index.php?rest_route=\/wp\/v2\/posts"}],"about":[{"href":"https:\/\/cospacc.org\/index.php?rest_route=\/wp\/v2\/types\/post"}],"author":[{"embeddable":true,"href":"https:\/\/cospacc.org\/index.php?rest_route=\/wp\/v2\/users\/1"}],"replies":[{"embeddable":true,"href":"https:\/\/cospacc.org\/index.php?rest_route=%2Fwp%2Fv2%2Fcomments&post=1032"}],"version-history":[{"count":1,"href":"https:\/\/cospacc.org\/index.php?rest_route=\/wp\/v2\/posts\/1032\/revisions"}],"predecessor-version":[{"id":1036,"href":"https:\/\/cospacc.org\/index.php?rest_route=\/wp\/v2\/posts\/1032\/revisions\/1036"}],"wp:attachment":[{"href":"https:\/\/cospacc.org\/index.php?rest_route=%2Fwp%2Fv2%2Fmedia&parent=1032"}],"wp:term":[{"taxonomy":"category","embeddable":true,"href":"https:\/\/cospacc.org\/index.php?rest_route=%2Fwp%2Fv2%2Fcategories&post=1032"},{"taxonomy":"post_tag","embeddable":true,"href":"https:\/\/cospacc.org\/index.php?rest_route=%2Fwp%2Fv2%2Ftags&post=1032"}],"curies":[{"name":"wp","href":"https:\/\/api.w.org\/{rel}","templated":true}]}}