{"id":1037,"date":"2020-07-08T21:40:18","date_gmt":"2020-07-08T21:40:18","guid":{"rendered":"https:\/\/cospacc.org\/?p=1037"},"modified":"2020-07-08T21:40:20","modified_gmt":"2020-07-08T21:40:20","slug":"pore-rechazo-y-olvido-por-edwin-jimenez-rodriguez-cospacc-pore","status":"publish","type":"post","link":"https:\/\/cospacc.org\/?p=1037","title":{"rendered":"PORE, RECHAZO Y OLVIDO Por: Edwin Jim\u00e9nez Rodr\u00edguez \u2013 COSPACC Pore."},"content":{"rendered":"\n<p><img decoding=\"async\" width=\"664.8403814435005\" height=\"497.84072041511536\" src=\"https:\/\/lh5.googleusercontent.com\/gkjWWJKreWTjQ41y2CWeclTsG8ynFOvZ4iXw_mciQZ7x1O_PCeGtXVESyjWqKTuPbesD4L05Qs_ERP2M7NP547c8k476TxyUSje4lGqIDYyslq59YaPS9aTWGAFdAnlaYKL4wBFP-XWNFGZAtQ\"><br><\/p>\n\n\n\n<p>El municipio de Pore, en el departamento de Casanare, es un pueblo lleno de historia.&nbsp;<\/p>\n\n\n\n<p>En este municipio existe una comunidad que ha conformado un asentamiento humano llamado \u201cMi Nuevo Porvenir\u201d ubicado en la vereda Bocas de Pore, kil\u00f3metro 1 y 2 v\u00eda Trinidad y por el oriente la v\u00eda Vijagual.<\/p>\n\n\n\n<p>Desde a mediados del 2003 este terreno se ha venido ocupando por parte de familias desplazadas, v\u00edctimas del conflicto armado, personas en condici\u00f3n de discapacidad, madres cabezas de hogar, adultos mayores, ni\u00f1os, ni\u00f1as y en general personas en condiciones vulnerables. Este predio en el transcurso del a\u00f1o 2003 al 2010 nunca tuvo inconveniente con la administraci\u00f3n o persona alguna. Este terreno hacia parte de un predio de mayor extensi\u00f3n denominado HATO CHAPARRITO desde m\u00e1s de 30 a\u00f1os atr\u00e1s. Luego quedaron varias hect\u00e1reas sin titular, eran fundos y sabanas comunales bald\u00edas donde cualquier persona pastaba su ganado y se asentaba un lote de terreno rural. En si no era de nadie.<\/p>\n\n\n\n<p>Desde el 2011 hasta la fecha se ha venido llevando una lucha continua con las administraciones anteriores, quienes han querido hacer ver a esta comunidad \u201ccomo los malos del paseo\u201d. Han discriminado a esta poblaci\u00f3n mostrando, desprecio y actitudes ego\u00edstas frente a la gente que all\u00ed vive.<\/p>\n\n\n\n<p>Los mandatarios han venido oprimiendo el asentamiento de diferentes maneras por medio de desalojos, desarraigo de cultivos y estigmatizaci\u00f3n, un ejemplo de ello ha sido la negaci\u00f3n al servicio de transporte escolar a muchos ni\u00f1os y ni\u00f1as. Tambi\u00e9n se han opuesto a que esta comunidad tenga <strong>acceso a servicios p\u00fablicos <\/strong>y han mirado con desprecio a ante las exigencias de nuestros derechos.<\/p>\n\n\n\n<p>El 20 de octubre del 2015 la comunidad decide pedir acompa\u00f1amiento a las organizaciones sociales como COSPACC, la Asociaci\u00f3n Campesina Jos\u00e9 Antonio Gal\u00e1n Zorro ASONALCA y la Asociaci\u00f3n de Mujeres Unidas por Casanare ASMUC, para as\u00ed evitar la expulsi\u00f3n de los territorios pero la lucha siempre sigue y el rechazo hacia esta comunidad, cuando lo su \u00fanico objetivo es cultivar y mantener alimento para su familia.<\/p>\n\n\n\n<p>En el transcurso de este a\u00f1o que enfrentamos la pandemia del COVID-19 se han visto en el olvido por parte de la alcald\u00eda municipal donde no han brindado ninguna clase de ayuda humanitaria para este asentamiento humano Mi Nuevo Porvenir, por el contrario, han querido quitar el m\u00ednimo vital de agua,&nbsp; este l\u00edquido preciado para la supervivencia que es la mitad de la vida del ser humano.<\/p>\n\n\n\n<p>Se han interpuestos tutelas que han fallado a favor de la comunidad, donde se han ordenado que se provea de agua continua y accesible para este asentamiento y solamente han puesto puntos no muy accesibles para la comunidad teniendo en cuenta que hay familias que se encuentran a 300 y hasta 600 metros de distancia de los dichos puntos. La empresa de acueducto y alcantarillado Aguas de Pore se niega a dar una ayuda completa y efectiva a la problem\u00e1tica pero no han tenido en cuenta que estamos en una crisis mundial lo cual impide el desarrollo de la econom\u00eda para comprar los materiales necesarios y obtener el servicio.<\/p>\n\n\n\n<p>Siendo personas vulnerables, la alcald\u00eda municipal en cabeza de Cristina Guarnizo Tibaduiza, no ha tenido voluntad si quiera de escuchar la problem\u00e1tica, necesidades y exigencias para as\u00ed llegar a alg\u00fan acuerdo. A pesar de todas las peticiones que se le han hecho por parte de la comunidad solo nos miran con rechazo y olvido.<\/p>\n","protected":false},"excerpt":{"rendered":"<p>El municipio de Pore, en el departamento de Casanare, es un pueblo lleno de historia.&nbsp; En este municipio existe una<\/p>\n","protected":false},"author":1,"featured_media":0,"comment_status":"open","ping_status":"open","sticky":false,"template":"","format":"standard","meta":{"colormag_page_layout":"default_layout","footnotes":""},"categories":[1],"tags":[],"class_list":["post-1037","post","type-post","status-publish","format-standard","hentry","category-nuestras-luchas"],"_links":{"self":[{"href":"https:\/\/cospacc.org\/index.php?rest_route=\/wp\/v2\/posts\/1037","targetHints":{"allow":["GET"]}}],"collection":[{"href":"https:\/\/cospacc.org\/index.php?rest_route=\/wp\/v2\/posts"}],"about":[{"href":"https:\/\/cospacc.org\/index.php?rest_route=\/wp\/v2\/types\/post"}],"author":[{"embeddable":true,"href":"https:\/\/cospacc.org\/index.php?rest_route=\/wp\/v2\/users\/1"}],"replies":[{"embeddable":true,"href":"https:\/\/cospacc.org\/index.php?rest_route=%2Fwp%2Fv2%2Fcomments&post=1037"}],"version-history":[{"count":1,"href":"https:\/\/cospacc.org\/index.php?rest_route=\/wp\/v2\/posts\/1037\/revisions"}],"predecessor-version":[{"id":1038,"href":"https:\/\/cospacc.org\/index.php?rest_route=\/wp\/v2\/posts\/1037\/revisions\/1038"}],"wp:attachment":[{"href":"https:\/\/cospacc.org\/index.php?rest_route=%2Fwp%2Fv2%2Fmedia&parent=1037"}],"wp:term":[{"taxonomy":"category","embeddable":true,"href":"https:\/\/cospacc.org\/index.php?rest_route=%2Fwp%2Fv2%2Fcategories&post=1037"},{"taxonomy":"post_tag","embeddable":true,"href":"https:\/\/cospacc.org\/index.php?rest_route=%2Fwp%2Fv2%2Ftags&post=1037"}],"curies":[{"name":"wp","href":"https:\/\/api.w.org\/{rel}","templated":true}]}}