{"id":1039,"date":"2020-07-08T21:45:32","date_gmt":"2020-07-08T21:45:32","guid":{"rendered":"https:\/\/cospacc.org\/?p=1039"},"modified":"2020-07-08T21:45:35","modified_gmt":"2020-07-08T21:45:35","slug":"confiemos-en-nuestro-sistema-de-salud-ulvio-martin-ayala","status":"publish","type":"post","link":"https:\/\/cospacc.org\/?p=1039","title":{"rendered":"\u201cConfiemos en nuestro sistema de Salud\u201d              Ulvio Mart\u00edn Ayala"},"content":{"rendered":"\n<p>Cuando inici\u00f3 la cuarentena por Covid-19 en Colombia, el presidente Iv\u00e1n Duque manifest\u00f3 en uno de sus mensajes televisivos \u201cconfiemos en nuestro sistema de salud\u201d. Inmediatamente las reacciones por redes sociales no se hicieron esperar. Entre memes y otros mensajes una exclamaci\u00f3n circul\u00f3 \u201cconfiar en nuestro sistema de salud\u201d \u00a1nos vamos a morir!<\/p>\n\n\n\n<p>Para que un sistema de salud funcione y se pueda confiar debe tener dotaci\u00f3n necesaria, equip\u00f3 medico suficiente, planes de prevenci\u00f3n, control, seguimiento, investigaci\u00f3n cl\u00ednica, farmac\u00e9utica, tecnol\u00f3gica, y recursos financieros disponibles para su realizaci\u00f3n antes y durante eventualidades.<\/p>\n\n\n\n<p>Antes de decretar la emergencia econ\u00f3mica social y ecol\u00f3gica mediante decreto 417 del 17 de marzo del presente a\u00f1o, el mismo presidente Duque manifest\u00f3 estar consultando permanentemente a la comunidad m\u00e9dica sobre el futuro de la pandemia. Un sistema preventivo en salud deber\u00eda haber previsto desde el estallido de la crisis en Wujan China, que se requerir\u00eda para responder ante una eventualidad similar. Estando claro el panorama a principios de febrero que la pandemia se extend\u00eda al resto del mundo, el gobierno y su sistema de salud debieron impulsar un plan de equipar con USIS, medicamentos, equipos de aire, tabocas, y otras medidas necesarias para prevenir el virus antes que a \u00e9stos elementos se dispararan sus precios, en ese caso el sistema de salud fall\u00f3 al no brindar una directriz clara de alistamiento preventivo.<\/p>\n\n\n\n<p>La cuarentena decretada para ser efectiva requiere de medidas sociales reales para bajar la necesidad de salir a la calle al rebusque. Sin embargo, la realidad es otra. Millones de familias viven y trabajan informalmente o por cuenta propia. Sin un ingreso seguro, se obligan a romper la cuarentena en busca alimentos, recursos para el pago de arriendo y servicios p\u00fablicos, se someten a luchar contra su propia realidad, o salir a las calles en busca de resolver su situaci\u00f3n asumiendo el riesgo de contagio o quedarse encasa si es que el arrendador no los echa y asumir el riesgo de morir de hambre confinados<\/p>\n\n\n\n<p>La C\u00e1mara Colombiana de la Construcci\u00f3n CAMACOL, hace maromas para que haya v\u00eda libre al reinicio de estas actividades, los obreros en un agridulce celebran por que llevan d\u00edas confinados, pero sin ingresos. Los gremios por su parte necesitan levantar sectorialmente la medida debido que si la mano de obra no va al lugar de trabajo sus ganancias bajan sustancialmente, aunque es de recordar que la pandemia ha beneficiado a gran parte de esos mismos gremios con las medidas realizadas por el gobierno exponiendo a\u00fan m\u00e1s a la clase trabajadora al contagio.<\/p>\n\n\n\n<p>Otra falla del sistema en el sistema de salud es el viacrucis que padece la misi\u00f3n m\u00e9dica. A mayo 6, m\u00e1s de quinientos (500) trabajadores de este gremio contrajeron el contagio del Covid-19 principalmente profesionales de enfermer\u00eda. Est\u00e9 n\u00famero de contagio es muy alto y sin mencionar que varios de ellos han fallecido producto del desenlace del virus. En teor\u00eda no deber\u00eda haber tantos contagios del sector salud, sin embargo, renuncias masivas en Cartagena Bol\u00edvar (en un d\u00eda renunciaron veintiuno (21), toda la planta m\u00e9dica) (RED+, 2020), en Aguazul Casanare el pasado seis de mayo renunciaron ocho (8) de los diez (10) m\u00e9dicos del Hospital Juan Hernando Urrego (Ardila, 2020), Denuncian carencia de equipo de protecci\u00f3n para afrontar la covid-19 y falta de garant\u00edas laborales&nbsp; (Ardila, 2020). Los trabajadores de la salud no cuentan con garant\u00edas laborales y ello empeora la crisis (Ardila, 2020). En amazonas el personal sanitario tambi\u00e9n renunci\u00f3, denuncia que no cuenta con protecci\u00f3n ni garant\u00edas laborales para prestar este servicio (El Tiempo.com, 2020)&nbsp;<\/p>\n\n\n\n<p>Una de las razones por las cuales el sistema de salud falla se debe a que los dineros girados por el gobierno para paliar la crisis pand\u00e9mica llegan principalmente a las EPS y poco a los hospitales (Revista Dinero, 2020). Las EPS junto la privatizaci\u00f3n de la salud son fruto de la ley 100, hija de la Constituci\u00f3n Pol\u00edtica de 1991, el \u201cGran Pacto\u201d para que los servicios p\u00fablicos ofrecidos por el Estado pasaran a manos privadas bajo el sofisma que lo privado era mejor. Diariamente al sistema judicial llegan innumerables quejas, tutelas, acciones de cumplimiento por la deficiencia en la prestaci\u00f3n del servicio en Salud. Denuncias por muertes de personas en la entrada de las EPS sin recibir tratamiento m\u00e9dico o mueren por falta de ingreso y aun as\u00ed el presidente dice que \u201cconfiemos en el sistema de salud\u201d que no cuenta con el equipamiento necesario de USIS, personal, equipos tecnol\u00f3gicos para enfrentar la crisis sin los suficientes recursos econ\u00f3micos para operar.<\/p>\n\n\n\n<p>El sistema de salud ni antes ni despu\u00e9s de la ley 100 de 1994 ha funcionado, como es de esperarse de un sistema que no le interese la salud de su gente. Es por eso, que despu\u00e9s de la privatizaci\u00f3n de la salud, varios hospitales p\u00fablicos han tenido que cerrar, uno de ellos el hospital San Juan de Dios en Bogot\u00e1. las EPS tratan a la gente como clientes que les generan rentabilidad, no tratan a las personas como seres humanos a los que hay que curar y cuidar, su fin lucrativo otra raz\u00f3n por la que el sistema falla.&nbsp;<\/p>\n\n\n\n<p>\u00bfel sistema falla? S\u00ed, cuando se juzga a partir de los resultados epidemiol\u00f3gicos de la poblaci\u00f3n en cobertura, puesto que existe un acumulado de prestaciones por cubrir, de modo que retardar o imposibilitar la asistencia es el m\u00e9todo por el cual se reduce la cobertura real de episodios de atenci\u00f3n respecto de las incidencias, consiguiendo de esa manera reducir costos per c\u00e1pita e incrementos de beneficios; No, cuando se juzga que la tasa de rentabilidad es una de las m\u00e1s altas entre los diversos sectores de la econom\u00eda; S\u00ed, cuando se toma en cuenta que a pesar de la alta rentabilidad que han obtenido las EPS, el Sistema en su conjunto enfrentaba un d\u00e9ficit cercano a los ocho billones de pesos.<\/p>\n\n\n\n<p>Pero no es solo en la prestaci\u00f3n del servicio que el sistema falla, tambi\u00e9n falla en la investigaci\u00f3n, y la prevenci\u00f3n. El atraso tecnol\u00f3gico del pa\u00eds en \u00e9sta materia est\u00e1 directamente ligado a la dependencia de la que no levantamos cabeza por m\u00e1s de un siglo. El pasado 30 de abril, el portal El Tiempo.com, public\u00f3 una nota manifestando que \u201cla terapia que cur\u00f3 a un infectado de Covid- 19 se investiga en el pa\u00eds\u201d y agrega, \u201cel uso de plasma de personas que han superado el virus es una alternativa promisoria de tratamiento\u201d (El Tiempo.com, 2020). Los tratamientos de plasma seg\u00fan el portal consisten en extraer sangre de un paciente que ya se haya curado del virus y se aplique a otro paciente que tenga el contagio.&nbsp; Algunos expertos manifiestan que el plasma funciona pero que necesita de un sin n\u00famero de an\u00e1lisis que masificarlo no es una posible soluci\u00f3n.<\/p>\n\n\n\n<p>Al respecto de la terapia del plasma, m\u00e9dico en medicina alternativa Jes\u00fas Rivera se\u00f1ala (RIVERA, 2020), \u201cCon respecto al art\u00edculo, es l\u00f3gico que este tratamiento funcione con los pacientes que tienen acceso a \u00e9l, pues el tratamiento consiste en que los anticuerpos del paciente recuperado se encuentran en el plasma, significa que ya tienen la informaci\u00f3n biol\u00f3gica para enfrentar y superar el virus. Pero si tocara aplicarlo masivamente ser\u00eda casi imposible por la complejidad del proceso, ya que debe haber comparabilidad en sangre, es una propuesta que ha funcionado en algunos casos, pero a\u00fan falta comprobaci\u00f3n y m\u00e1s estudios. En Italia encontraron, despu\u00e9s de hacer autopsias a m\u00e1s de 50 pacientes que la causa de muerte eran trombosis pulmonar y que los vasos sangu\u00edneos se saturaban, esto se opone al diagn\u00f3stico inicial s\u00edndrome respiratorio agudo (SRA). Creo que a\u00fan no se ha identificado y tratado con eficacia el Covid19\u201d.&nbsp;<\/p>\n\n\n\n<p>Las respuestas de Rivera son similares a la dada por otros profesionales de la salud, pero \u00e9l agrega \u201cEl Di\u00f3xido de Cloro es eficaz porque es Oxidante, genera 5 \u00e1tomos de O2 en sangre y esto elimina los capsides del virus que es el medio con lo que se fija en las c\u00e9lulas. Combustiona y elimina el virus, facilitando que est\u00e9 se elimine del cuerpo. Hasta el momento es lo m\u00e1s eficaz y simple que he visto y comprobado, sin efectos secundarios\u201d (RIVERA, 2020).&nbsp;<\/p>\n\n\n\n<p>Sin embargo, los procedimientos para aplicar alg\u00fan medicamento tienen que estar autorizados por el INVIMA que responde muy bien a los intereses de las farmac\u00e9uticas y las farmac\u00e9uticas est\u00e1n a la espera de vender sus paquetes tecnol\u00f3gicos y el Di\u00f3xido de Cloro es una amenaza directa a sus intereses. Varios esc\u00e1ndalos de \u00e9stos se han dado a conocer por noticieros de televisi\u00f3n \u201cEl di\u00f3xido de Cloro no est\u00e1 autorizado por el INVIMA (noticias caracol del 5 de mayo). El 7 de mayo el debate en los mismos medios se realizaba por la inoperancia y lentitud del INVIMA antes y durante la pandemia, que no es \u00e1gil para expedir licencia de tratamientos m\u00e9dicos y su capacidad instalada es deficiente unido al atraso tecnol\u00f3gico e investigativo nacional.&nbsp;<\/p>\n\n\n\n<p>Los intereses a los que se ci\u00f1e el INVIMA responden claramente a los mandatos de la OMS (organizaci\u00f3n Mundial de la Salud) y la OMC (organizaci\u00f3n Mundial del Comercio), estos organismos responden directamente a las leyes del mercado mundial. Detr\u00e1s la paquidermia del INVIMA hay un juego de intereses que en mi opini\u00f3n describe bien el medico Jes\u00fas \u201cLa raz\u00f3n por la que los estados del mundo y la industria farmac\u00e9utica no optan por sistemas alternativos se debe a que los intereses que rigen el mundo de los f\u00e1rmacos, es m\u00e1s importante la rentabilidad, que ofrecer remedios que curen y que sean efectivos para curar las enfermedades, es m\u00e1s rentable una vacuna, que tendr\u00eda que aplic\u00e1rsela todo el mundo, qu\u00e9 un medicamento que se puede conseguir en cualquier farmacia que realice f\u00f3rmulas magistrales. El mundo farmac\u00e9utico y m\u00e9dico saben que este remedio es eficaz, prefieren desacreditarlo, esa es la mentalidad de la industria farmac\u00e9utica\u201d (RIVERA, 2020).<\/p>\n\n\n\n<p>La raz\u00f3n de falla del sistema de salud se debe a que \u00e9ste responde a intereses de mercado y no de cuidado real de salud, carece de equipamiento necesario no solo para enfrentar la emergencia del Covid-19, tambi\u00e9n para el control y prevenci\u00f3n de otras enfermedades. Confiar en el sistema de saludo como lo anunci\u00f3 en presidente al inicio de la pandemia es algo que ni el mismo creer\u00eda, la burgues\u00eda sabe bien que \u00e9ste fallar\u00eda como ha fallado, m\u00e1s de 400 personas fallecidas desde que se detect\u00f3 el primer caso el 6 de marzo al 7 de mayo son cifras escandalosas sin contar los m\u00e1s de nueve mil contagios (El Tiempo.com, 2020). Las promesas de las cinco mil (El Hospital, 2020) (5000) camas en CORFERIAS est\u00e1 en vilo, hasta el 20 de abril apenas llevaban doscientas (200) camas instaladas (LR La Rep\u00fablica, 2020). Las medidas de presi\u00f3n que hacen los gremios econ\u00f3micos son fatales para la clase trabajadora que debe salir a laborar bajo su responsabilidad, salir a trabajar sin las menores garant\u00edas.<\/p>\n\n\n\n<p>La cuarentena como medida preventiva sirve siempre y cuando se realice con garant\u00edas, sin ella es un caos. Levantar la cuarentena tambi\u00e9n es posible siempre y cuando haya una contingencia real para responder a los nuevos brotes de contagio, adicional a ello se debe dar impulso al fortalecimiento nuestro sistema inmunol\u00f3gico. El sistema de salud colombiano es obsoleto, precario y no podemos confiar en \u00e9l.&nbsp;<\/p>\n\n\n\n<p>Para el medico Jes\u00fas \u201cLas medidas que se est\u00e1n tomando en Bogot\u00e1 est\u00e1n bien indicadas, si la gente las cumple. La indisciplina de es un problema. Desarrollar estrategias para evitar confinamiento, seguir medidas de asepsia y asegurar al personal sanitario. La Cuarentena es viable con apoyos reales del Estado. Se deben generar estrategias colectivas para elevar defensas e investigar para crear colectivamente mecanismos que puedan superar, en este caso el virus\u201d (RIVERA, 2020).<\/p>\n\n\n\n<p>La emergencia econ\u00f3mica social y ecol\u00f3gica le sirve al gobierno para continuar con su paquete de medidas en detrimento de los obreros con recortes a derechos ya ganados. En lugar de salvar a la salud, salva a los distintos grupos econ\u00f3micos, se aferra en que no hay recursos y por eso recurre a recortes salariales y otras medidas similares. Hasta el momento no hay recorte al gasto militar para fortalecer al sistema de salud.&nbsp;<\/p>\n\n\n\n<p>En s\u00edntesis, el sistema de salud no es confiable, es precario y obsoleto, est\u00e1 supeditado a las leyes del mercado y no las leyes de la vida, ha fallado antes y durante la pandemia. Las redes sociales ten\u00edan raz\u00f3n \u201cno podemos confiar en el sistema de salud\u201d, ni en el Presidente, vamos a morir y no sabemos cu\u00e1ntos y hasta cuando por Covid 19; con el agravante que vendr\u00e1n otras pandemias, por tanto, debemos reaccionar. El Medico Jes\u00fas Rivera plantea un camino para enfrentar la pandemia, podemos explorar otros. Nuestros centros de acci\u00f3n deben estar en la construcci\u00f3n de soberan\u00edas, una de ellas, la soberan\u00eda en la salud, que defienda una verdadera universalidad, con una apuesta preventiva e integradora de saberes, en pro de la defensa de la vida (Congreso de Pueblos, 2020). No podemos quedarnos perplejos.<\/p>\n\n\n\n<p><strong>REFERENCIAS BIBLIOGR\u00c1FICAS<\/strong><\/p>\n\n\n\n<ol class=\"wp-block-list\"><li>Ardila, N. (07 de 05 de 2020). <em>El Tiempo.com<\/em>. Obtenido de Masiva renuncia de m\u00e9dicos en el hospital de Aguazul, Casanare: https:\/\/www.eltiempo.com\/colombia\/otras-ciudades\/coronavirus-hoy-masiva-renuncia-de-medicos-en-el-hospital-de-aguazul-casanare-492794<\/li><li>Congreso de Pueblos. (04 de 2020). S\u00cdNTESIS DE LOS APORTES A LAS TESIS. <em>Tesis para el EDI 2020<\/em>. Bogot\u00e1, Bogot\u00e1, Colombia: CdP.<\/li><li>El Hospital. (20 de 03 de 2020). <em>Corferias ser\u00e1 recinto hospitalario para atender casos de coronavirus<\/em>. (E. Hospital, Editor) Recuperado el 08 de 05 de 2020, de http:\/\/www.elhospital.com\/temas\/Corferias-sera-recinto-hospitalario-para-atender-casos-de-coronavirus+133770<\/li><li>El Tiempo.com. (07 de 05 de 2020). <em>El tiempo.com<\/em>. Recuperado el 08 de 05 de 2020, de https:\/\/www.eltiempo.com\/salud\/colombia-coronavirus-cifras-resumen-de-contagios-y-muertos-hoy-7-de-mayo-492944<\/li><li>El Tiempo.com. (30 de 04 de 2020). <em>La terapia que cur\u00f3 a un infectado de covid-19 se investiga en el pa\u00eds<\/em>. Obtenido de https:\/\/www.eltiempo.com\/salud\/terapia-de-plasma-de-convaleciente-para-tratar-el-coronavirus-se-estudia-en-colombia-489796<\/li><li>El Tiempo.com. (20 de 04 de 2020). <em>Renuncia masiva de m\u00e9dicos en el \u00fanico hospital p\u00fablico de Amazonas<\/em>. Obtenido de Profesionales de la salud en Leticia denuncian que no tienen elementos de protecci\u00f3n.: https:\/\/www.eltiempo.com\/salud\/coronavirus-en-colombia-renuncia-masiva-de-medicos-en-hospital-de-amazonas-486518<\/li><li>LR La Rep\u00fablica. (21 de 04 de 2020). <em>Alcald\u00eda anuncia que est\u00e1n listas las primeras 200 camas en Corferias<\/em>. (L. l. Republica, Editor) Recuperado el 08 de 05 de 2020, de https:\/\/www.larepublica.co\/economia\/alcaldia-anuncia-que-estan-listas-las-primeras-200-camas-en-corferias-2995106<\/li><li>RED+. (08 de 04 de 2020). <em>Estas son las razones por las cuales renunciaron 21 m\u00e9dicos en Cartagena<\/em>. Obtenido de http:\/\/www.redmas.com.co\/salud\/estas-las-razones-las-cuales-renunciaron-21-medicos-cartagena\/<\/li><li>Revista Dinero. (04 de 05 de 2020). <em>Gobierno ya gir\u00f3 $2,7 billones para el sector salud<\/em>. Obtenido de https:\/\/www.dinero.com\/pais\/articulo\/cuanto-ha-pagado-el-gobierno-al-sector-salud-por-el-covid19\/283889<\/li><li>RIVERA, J. (02 de 05 de 2020). M\u00e9dico en medicina alternativa. (U. M. Ayala, Entrevistador) WhatsApp. Bogot\u00e1 D.C.<\/li><\/ol>\n\n\n\n<p><\/p>\n","protected":false},"excerpt":{"rendered":"<p>Cuando inici\u00f3 la cuarentena por Covid-19 en Colombia, el presidente Iv\u00e1n Duque manifest\u00f3 en uno de sus mensajes televisivos \u201cconfiemos<\/p>\n","protected":false},"author":1,"featured_media":0,"comment_status":"open","ping_status":"open","sticky":false,"template":"","format":"standard","meta":{"colormag_page_layout":"default_layout","footnotes":""},"categories":[1],"tags":[],"class_list":["post-1039","post","type-post","status-publish","format-standard","hentry","category-nuestras-luchas"],"_links":{"self":[{"href":"https:\/\/cospacc.org\/index.php?rest_route=\/wp\/v2\/posts\/1039","targetHints":{"allow":["GET"]}}],"collection":[{"href":"https:\/\/cospacc.org\/index.php?rest_route=\/wp\/v2\/posts"}],"about":[{"href":"https:\/\/cospacc.org\/index.php?rest_route=\/wp\/v2\/types\/post"}],"author":[{"embeddable":true,"href":"https:\/\/cospacc.org\/index.php?rest_route=\/wp\/v2\/users\/1"}],"replies":[{"embeddable":true,"href":"https:\/\/cospacc.org\/index.php?rest_route=%2Fwp%2Fv2%2Fcomments&post=1039"}],"version-history":[{"count":1,"href":"https:\/\/cospacc.org\/index.php?rest_route=\/wp\/v2\/posts\/1039\/revisions"}],"predecessor-version":[{"id":1040,"href":"https:\/\/cospacc.org\/index.php?rest_route=\/wp\/v2\/posts\/1039\/revisions\/1040"}],"wp:attachment":[{"href":"https:\/\/cospacc.org\/index.php?rest_route=%2Fwp%2Fv2%2Fmedia&parent=1039"}],"wp:term":[{"taxonomy":"category","embeddable":true,"href":"https:\/\/cospacc.org\/index.php?rest_route=%2Fwp%2Fv2%2Fcategories&post=1039"},{"taxonomy":"post_tag","embeddable":true,"href":"https:\/\/cospacc.org\/index.php?rest_route=%2Fwp%2Fv2%2Ftags&post=1039"}],"curies":[{"name":"wp","href":"https:\/\/api.w.org\/{rel}","templated":true}]}}