{"id":1043,"date":"2020-07-22T23:10:15","date_gmt":"2020-07-22T23:10:15","guid":{"rendered":"https:\/\/cospacc.org\/?p=1043"},"modified":"2020-07-22T23:10:17","modified_gmt":"2020-07-22T23:10:17","slug":"denuncia-publica-14","status":"publish","type":"post","link":"https:\/\/cospacc.org\/?p=1043","title":{"rendered":"DENUNCIA P\u00daBLICA"},"content":{"rendered":"\n<p>Miraflores Boyac\u00e1, 22 de julio de 2020<br><\/p>\n\n\n\n<h2 class=\"wp-block-heading\">Funcionario de las empresas ISMOCOL \u2013 TGI se\u00f1ala a defensora de DDHH de COSPACC y al presidente de la Junta de Acci\u00f3n Comunal de la vereda Guamal del municipio de Miraflores. L\u00edderes en riesgo de judicializaci\u00f3n.<\/h2>\n\n\n\n<p><strong>Antecedentes<\/strong><\/p>\n\n\n\n<p>En la vereda Guamal del municipio de Miraflores, se ubica la Estaci\u00f3n de Bombeo&nbsp; Miraflores, donde opera la multinacional petrolera TGI y la contratista ISMOCOL. La comunidad de la vereda ha ejercido el derecho a la protesta social como respuesta a diferentes problem\u00e1ticas, entre ellas los incumplimientos de las empresas petroleras y el detrimento de las condiciones laborales y ambientales en zonas de influencia petrolera. Del pliego de peticiones radicado en el 2019 surgi\u00f3 una mesa de negociaci\u00f3n entre delegados de la empresa, integrantes de la alcald\u00eda y voceros de la comunidad. Las exigencias de la comunidad son en materia laboral, de v\u00edas, social, en bienes y servicios, en servidumbres y ambiental.<\/p>\n\n\n\n<p>Desde COSPACC y otras organizaciones de derechos humanos del territorio nacional se ha denunciado la judicializaci\u00f3n contra l\u00edderes sociales y defensores de derechos humanos adelantada por Estructuras de Apoyo (EDA) de la Fiscal\u00eda por denuncias de funcionarios de empresas petroleras.<\/p>\n\n\n\n<p><strong>Hechos<\/strong><\/p>\n\n\n\n<ol class=\"wp-block-list\"><li>El d\u00eda 21 de julio de 2020 la comunidad de la vereda Guamal del municipio de Miraflores radic\u00f3 el pliego de peticiones <strong>\u201cen relaci\u00f3n con el contrato 751152 Construcci\u00f3n de Gasoducto perteneciente al proyecto Cusiana Fase IV Loop El Porvenir\u201d.<\/strong><\/li><\/ol>\n\n\n\n<ol class=\"wp-block-list\" start=\"2\"><li>La personera municipal dio a conocer a la defensora de derechos humanos, integrante de COSPACC, STELLA PULIDO, que el contratista de ISMOCOL, JHON IGNACIO REINOSA, quien cumple funciones de administrador del proyecto Cusiana Fase IV, emiti\u00f3 una comunicaci\u00f3n oficial dirigida a la Personer\u00eda Municipal en la que se\u00f1al\u00f3 a la defensora de DDHH, STELLA PULIDO, residente de la vereda, y el presidente de la Junta de Acci\u00f3n Comunal de la vereda Guamal, FRANCISCO SOLER, de obstaculizar el trabajo en la v\u00eda de la vereda (lo que en verificaci\u00f3n con la alcald\u00eda y la personer\u00eda se evidenci\u00f3 que es falso porque no hay ning\u00fan trabajo que adelanten a la fecha. Quien tiene actualmente el derecho sobre la v\u00eda es la multinacional TGI) El funcionario tambi\u00e9n le afirm\u00f3 a la personera municipal que adelantar\u00eda acciones en la fiscal\u00eda contra STELLA PULIDO y FRANCISCO SOLER.<\/li><\/ol>\n\n\n\n<p><strong>Exigimos<\/strong><\/p>\n\n\n\n<ul class=\"wp-block-list\"><li>A los \u00f3rganos de control, a acompa\u00f1ar a los manifestantes con el fin de que se garantice el ejercicio de su derecho a la protesta social.<\/li><\/ul>\n\n\n\n<ul class=\"wp-block-list\"><li>Al gobierno nacional a que se tomen las medidas necesarias que garanticen el derecho a la protesta social, la vida, la seguridad y la integridad de defensoras de derechos humanos y l\u00edderes comunales.<\/li><\/ul>\n\n\n\n<ul class=\"wp-block-list\"><li>A la comunidad nacional e internacional a vigilar, rechazar y denunciar las actuaciones de las instituciones que obran en funci\u00f3n de la empresa privada y en contrav\u00eda de las comunidades afectadas.<\/li><\/ul>\n\n\n\n<p><\/p>\n","protected":false},"excerpt":{"rendered":"<p>Miraflores Boyac\u00e1, 22 de julio de 2020 Funcionario de las empresas ISMOCOL \u2013 TGI se\u00f1ala a defensora de DDHH de<\/p>\n","protected":false},"author":1,"featured_media":0,"comment_status":"open","ping_status":"open","sticky":false,"template":"","format":"standard","meta":{"colormag_page_layout":"default_layout","footnotes":""},"categories":[1],"tags":[],"class_list":["post-1043","post","type-post","status-publish","format-standard","hentry","category-nuestras-luchas"],"_links":{"self":[{"href":"https:\/\/cospacc.org\/index.php?rest_route=\/wp\/v2\/posts\/1043","targetHints":{"allow":["GET"]}}],"collection":[{"href":"https:\/\/cospacc.org\/index.php?rest_route=\/wp\/v2\/posts"}],"about":[{"href":"https:\/\/cospacc.org\/index.php?rest_route=\/wp\/v2\/types\/post"}],"author":[{"embeddable":true,"href":"https:\/\/cospacc.org\/index.php?rest_route=\/wp\/v2\/users\/1"}],"replies":[{"embeddable":true,"href":"https:\/\/cospacc.org\/index.php?rest_route=%2Fwp%2Fv2%2Fcomments&post=1043"}],"version-history":[{"count":3,"href":"https:\/\/cospacc.org\/index.php?rest_route=\/wp\/v2\/posts\/1043\/revisions"}],"predecessor-version":[{"id":1046,"href":"https:\/\/cospacc.org\/index.php?rest_route=\/wp\/v2\/posts\/1043\/revisions\/1046"}],"wp:attachment":[{"href":"https:\/\/cospacc.org\/index.php?rest_route=%2Fwp%2Fv2%2Fmedia&parent=1043"}],"wp:term":[{"taxonomy":"category","embeddable":true,"href":"https:\/\/cospacc.org\/index.php?rest_route=%2Fwp%2Fv2%2Fcategories&post=1043"},{"taxonomy":"post_tag","embeddable":true,"href":"https:\/\/cospacc.org\/index.php?rest_route=%2Fwp%2Fv2%2Ftags&post=1043"}],"curies":[{"name":"wp","href":"https:\/\/api.w.org\/{rel}","templated":true}]}}