{"id":1079,"date":"2021-11-25T02:23:30","date_gmt":"2021-11-25T02:23:30","guid":{"rendered":"https:\/\/cospacc.org\/?p=1079"},"modified":"2021-11-25T03:00:16","modified_gmt":"2021-11-25T03:00:16","slug":"peregrinacion-paramo-de-la-sarna-sogamoso-boyaca","status":"publish","type":"post","link":"https:\/\/cospacc.org\/?p=1079","title":{"rendered":"Peregrinaci\u00f3n P\u00e1ramo de la Sarna, Sogamoso Boyac\u00e1, diciembre 01 2021."},"content":{"rendered":"\n<figure class=\"wp-block-gallery alignwide columns-1 is-cropped wp-block-gallery-1 is-layout-flex wp-block-gallery-is-layout-flex\"><ul class=\"blocks-gallery-grid\"><li class=\"blocks-gallery-item\"><figure><img loading=\"lazy\" decoding=\"async\" width=\"1024\" height=\"1024\" src=\"https:\/\/cospacc.org\/wp-content\/uploads\/2021\/11\/peregrinacion-Sarna-2021-1024x1024.jpeg\" alt=\"\" data-id=\"1080\" data-full-url=\"https:\/\/cospacc.org\/wp-content\/uploads\/2021\/11\/peregrinacion-Sarna-2021.jpeg\" data-link=\"https:\/\/cospacc.org\/?attachment_id=1080\" class=\"wp-image-1080\" srcset=\"https:\/\/cospacc.org\/wp-content\/uploads\/2021\/11\/peregrinacion-Sarna-2021-1024x1024.jpeg 1024w, https:\/\/cospacc.org\/wp-content\/uploads\/2021\/11\/peregrinacion-Sarna-2021-300x300.jpeg 300w, https:\/\/cospacc.org\/wp-content\/uploads\/2021\/11\/peregrinacion-Sarna-2021-150x150.jpeg 150w, https:\/\/cospacc.org\/wp-content\/uploads\/2021\/11\/peregrinacion-Sarna-2021-768x768.jpeg 768w, https:\/\/cospacc.org\/wp-content\/uploads\/2021\/11\/peregrinacion-Sarna-2021-1536x1536.jpeg 1536w, https:\/\/cospacc.org\/wp-content\/uploads\/2021\/11\/peregrinacion-Sarna-2021.jpeg 1600w\" sizes=\"auto, (max-width: 1024px) 100vw, 1024px\" \/><\/figure><\/li><\/ul><figcaption class=\"blocks-gallery-caption\"><br><strong>Masacre del P\u00e1ramo de la Sarna.<\/strong><br>En 2001, por pol\u00edtica de Estado quiso generar zozobra, terror y desplazamiento de los pobladores de la provincia de la Libertad en Boyac\u00e1. El primero (01) de diciembre de 2001 en horas tempranas fueron asesinadas 15 personas que viajaban en un bus v\u00eda Sogamoso-Labranzagrande Boyac\u00e1.<br>El rechazo de la poblaci\u00f3n de la provincia la Libertad fue contundente, cientos de personas, junto con los alcaldes, los p\u00e1rrocos y los personeros municipales de la provincia, y acompa\u00f1ados por la ANUC_UR, y la FCSPP, salieron a peregrinar y a movilizarse 12 d\u00edas despu\u00e9s. Exigieron a las autoridades departamentales cesar la estigmatizaci\u00f3n sobre la zona, justicia sobre los hechos de la Sarna y garant\u00edas de no repetici\u00f3n.<br>\u00a0Meses despu\u00e9s en agosto 30 de 2002, la regi\u00f3n fue fuertemente militarizada al punto de que en el municipio de Pisba se pod\u00edan contar 3 militares por habitante, mientras tanto al campesinado lo empadronaron, le restringieron el paso de mercado. La soluci\u00f3n a los problemas de la regi\u00f3n fueron bases militares y tres puestos de polic\u00eda permanente.<br>La masacre en la que hay implicados militares, paramilitares y pol\u00edticos, es una deuda judicial y pol\u00edtica del Estado con la regi\u00f3n sin resolver. <br>Conmemorar los 20 a\u00f1os de la masacre del p\u00e1ramo de la Sarna es tambi\u00e9n recordar la valent\u00eda y lucha de una regi\u00f3n que se neg\u00f3 a salir corriendo.<\/figcaption><\/figure>\n","protected":false},"excerpt":{"rendered":"","protected":false},"author":1,"featured_media":0,"comment_status":"open","ping_status":"open","sticky":false,"template":"","format":"standard","meta":{"colormag_page_layout":"default_layout","footnotes":""},"categories":[15,89,7],"tags":[],"class_list":["post-1079","post","type-post","status-publish","format-standard","hentry","category-derechos-humanos","category-nuestra-memoria","category-peregrinacion"],"_links":{"self":[{"href":"https:\/\/cospacc.org\/index.php?rest_route=\/wp\/v2\/posts\/1079","targetHints":{"allow":["GET"]}}],"collection":[{"href":"https:\/\/cospacc.org\/index.php?rest_route=\/wp\/v2\/posts"}],"about":[{"href":"https:\/\/cospacc.org\/index.php?rest_route=\/wp\/v2\/types\/post"}],"author":[{"embeddable":true,"href":"https:\/\/cospacc.org\/index.php?rest_route=\/wp\/v2\/users\/1"}],"replies":[{"embeddable":true,"href":"https:\/\/cospacc.org\/index.php?rest_route=%2Fwp%2Fv2%2Fcomments&post=1079"}],"version-history":[{"count":7,"href":"https:\/\/cospacc.org\/index.php?rest_route=\/wp\/v2\/posts\/1079\/revisions"}],"predecessor-version":[{"id":1089,"href":"https:\/\/cospacc.org\/index.php?rest_route=\/wp\/v2\/posts\/1079\/revisions\/1089"}],"wp:attachment":[{"href":"https:\/\/cospacc.org\/index.php?rest_route=%2Fwp%2Fv2%2Fmedia&parent=1079"}],"wp:term":[{"taxonomy":"category","embeddable":true,"href":"https:\/\/cospacc.org\/index.php?rest_route=%2Fwp%2Fv2%2Fcategories&post=1079"},{"taxonomy":"post_tag","embeddable":true,"href":"https:\/\/cospacc.org\/index.php?rest_route=%2Fwp%2Fv2%2Ftags&post=1079"}],"curies":[{"name":"wp","href":"https:\/\/api.w.org\/{rel}","templated":true}]}}