{"id":1092,"date":"2021-12-04T01:14:42","date_gmt":"2021-12-04T01:14:42","guid":{"rendered":"https:\/\/cospacc.org\/?p=1092"},"modified":"2025-04-30T05:10:21","modified_gmt":"2025-04-30T05:10:21","slug":"octava-peregrinacion-a-lengupa-en-boyaca","status":"publish","type":"post","link":"https:\/\/cospacc.org\/?p=1092","title":{"rendered":"Octava peregrinaci\u00f3n a Lengup\u00e1 en Boyac\u00e1"},"content":{"rendered":"\n<figure class=\"wp-block-image size-large\"><img loading=\"lazy\" decoding=\"async\" width=\"1024\" height=\"517\" src=\"https:\/\/cospacc.org\/wp-content\/uploads\/2021\/12\/afiche-peregrinacion_2021-1-1024x517.jpg\" alt=\"\" class=\"wp-image-1095\" srcset=\"https:\/\/cospacc.org\/wp-content\/uploads\/2021\/12\/afiche-peregrinacion_2021-1-1024x517.jpg 1024w, https:\/\/cospacc.org\/wp-content\/uploads\/2021\/12\/afiche-peregrinacion_2021-1-300x152.jpg 300w, https:\/\/cospacc.org\/wp-content\/uploads\/2021\/12\/afiche-peregrinacion_2021-1-768x388.jpg 768w, https:\/\/cospacc.org\/wp-content\/uploads\/2021\/12\/afiche-peregrinacion_2021-1-1536x776.jpg 1536w, https:\/\/cospacc.org\/wp-content\/uploads\/2021\/12\/afiche-peregrinacion_2021-1.jpg 1600w\" sizes=\"auto, (max-width: 1024px) 100vw, 1024px\" \/><\/figure>\n\n\n\n<p>En las d\u00e9cada de los noventa y primeros a\u00f1os del presente siglo, una ola de violencia paraestatal golpe\u00f3 a la regi\u00f3n de Lengup\u00e1, cientos de victimas se re\u00fanen los 10 de diciembre en el alto de la Buena Vista limites entre los municipios de Berbeo y P\u00e1ez en la provincia de Lengup\u00e1 departamento de Boyac\u00e1. Aunque en el alto de la Buena Vista no es el \u00fanico lugar de la agresi\u00f3n, si es considerado el lugar que permite encontrar un lugar de peregrinaje, encuentro, visibilizaci\u00f3n, denuncia, tejido y organizaci\u00f3n. El 10 de diciembre es la fecha que distintos procesos sociales de la regi\u00f3n han considerado para realizar \u00e9sta conmemoraci\u00f3n. <\/p>\n\n\n\n<p>Cospacc, junto con el padre Javier Giraldo Moreno del Cinep vienen impulsando desde el 2013 esta actividad en la que se logrado en algunas de ellas acompa\u00f1amiento de proceso nacionales como los padres claretianos, La Red de Hermandad y Solidaridad por Colombia REDHER. <\/p>\n\n\n\n<p>Organizaciones locales como Tejiendo OSC, asociaciones de victimas de los distintos municipios se unen cada a\u00f1o. Al calor de un encuentro, un almuerzo comunitario, una misa campal, un conversar, se teje el camino en busca de que la regi\u00f3n logre una reparaci\u00f3n colectiva.<\/p>\n\n\n\n<figure class=\"wp-block-gallery columns-1 is-cropped wp-block-gallery-1 is-layout-flex wp-block-gallery-is-layout-flex\"><ul class=\"blocks-gallery-grid\"><li class=\"blocks-gallery-item\"><figure><img loading=\"lazy\" decoding=\"async\" width=\"940\" height=\"788\" src=\"https:\/\/cospacc.org\/wp-content\/uploads\/2021\/12\/afiche_peregrinacion_2021-1.jpg\" alt=\"\" data-id=\"1097\" data-full-url=\"https:\/\/cospacc.org\/wp-content\/uploads\/2021\/12\/afiche_peregrinacion_2021-1.jpg\" data-link=\"https:\/\/cospacc.org\/?attachment_id=1097\" class=\"wp-image-1097\" srcset=\"https:\/\/cospacc.org\/wp-content\/uploads\/2021\/12\/afiche_peregrinacion_2021-1.jpg 940w, https:\/\/cospacc.org\/wp-content\/uploads\/2021\/12\/afiche_peregrinacion_2021-1-300x251.jpg 300w, https:\/\/cospacc.org\/wp-content\/uploads\/2021\/12\/afiche_peregrinacion_2021-1-768x644.jpg 768w\" sizes=\"auto, (max-width: 940px) 100vw, 940px\" \/><\/figure><\/li><\/ul><\/figure>\n\n\n\n<h2 class=\"wp-block-heading\">Diciembre 10 2021<\/h2>\n","protected":false},"excerpt":{"rendered":"<p>En las d\u00e9cada de los noventa y primeros a\u00f1os del presente siglo, una ola de violencia paraestatal golpe\u00f3 a la<\/p>\n","protected":false},"author":1,"featured_media":0,"comment_status":"open","ping_status":"open","sticky":false,"template":"","format":"standard","meta":{"colormag_page_layout":"default_layout","footnotes":""},"categories":[89],"tags":[],"class_list":["post-1092","post","type-post","status-publish","format-standard","hentry","category-nuestra-memoria"],"_links":{"self":[{"href":"https:\/\/cospacc.org\/index.php?rest_route=\/wp\/v2\/posts\/1092","targetHints":{"allow":["GET"]}}],"collection":[{"href":"https:\/\/cospacc.org\/index.php?rest_route=\/wp\/v2\/posts"}],"about":[{"href":"https:\/\/cospacc.org\/index.php?rest_route=\/wp\/v2\/types\/post"}],"author":[{"embeddable":true,"href":"https:\/\/cospacc.org\/index.php?rest_route=\/wp\/v2\/users\/1"}],"replies":[{"embeddable":true,"href":"https:\/\/cospacc.org\/index.php?rest_route=%2Fwp%2Fv2%2Fcomments&post=1092"}],"version-history":[{"count":1,"href":"https:\/\/cospacc.org\/index.php?rest_route=\/wp\/v2\/posts\/1092\/revisions"}],"predecessor-version":[{"id":1098,"href":"https:\/\/cospacc.org\/index.php?rest_route=\/wp\/v2\/posts\/1092\/revisions\/1098"}],"wp:attachment":[{"href":"https:\/\/cospacc.org\/index.php?rest_route=%2Fwp%2Fv2%2Fmedia&parent=1092"}],"wp:term":[{"taxonomy":"category","embeddable":true,"href":"https:\/\/cospacc.org\/index.php?rest_route=%2Fwp%2Fv2%2Fcategories&post=1092"},{"taxonomy":"post_tag","embeddable":true,"href":"https:\/\/cospacc.org\/index.php?rest_route=%2Fwp%2Fv2%2Ftags&post=1092"}],"curies":[{"name":"wp","href":"https:\/\/api.w.org\/{rel}","templated":true}]}}