{"id":12,"date":"2018-10-18T21:22:50","date_gmt":"2018-10-18T21:22:50","guid":{"rendered":"https:\/\/cospacc.org\/?p=12"},"modified":"2021-09-04T01:44:07","modified_gmt":"2021-09-04T01:44:07","slug":"derechos-humanos-ddhh","status":"publish","type":"post","link":"https:\/\/cospacc.org\/?p=12","title":{"rendered":"Quienes somos &#8211; Cospacc"},"content":{"rendered":"<header class=\"entry-header\">\n<h1 class=\"entry-title\">Cospacc<\/h1>\n<\/header>\n<div class=\"entry-content\">\n<p>La <strong>Corporaci\u00f3n Social para la Asesor\u00eda y Capacitaci\u00f3n Comunitaria<\/strong>, (Cospacc), dedica la mayor parte de sus esfuerzos a la atenci\u00f3n, organizaci\u00f3n y acompa\u00f1amiento a v\u00edctimas a causa del alto grado de violaciones a los derechos humanos<span id=\"more-92\"><\/span> que se presentan en las zonas donde trabaja, concentr\u00e1ndose especialmente en los departamentos de Tolima, Boyac\u00e1, Casanare, y la ciudad de Bogot\u00e1. Todo ello, sin perder de vista el objetivo principal que es la reconstrucci\u00f3n del tejido social y la formaci\u00f3n permanente en la promoci\u00f3n y defensa de los derechos humanos y el derecho internacional humanitario (DIH).<\/p>\n<h1>Historia<\/h1>\n<p>A finales de la d\u00e9cada de 1990, el movimiento campesino reunido en la Asociaci\u00f3n Departamental de Usuarios Campesinos de Casanare (Aduc) fue exterminado por las fuerzas militares, organismos de seguridad del Estado y grupos paramilitares<a href=\"https:\/\/pbicolombiablog.org\/organizaciones-acompanadas\/cos-pacc\/#_ftn1\" name=\"_ftnref1\">[1]<\/a>. En 2002, algunos de sus miembros sobrevivientes crearon la organizaci\u00f3n Cospacc, luego de varios debates frente a la necesidad de reconstruir las organizaciones sociales de la regi\u00f3n y frente al tema de la violaci\u00f3n sistem\u00e1tica de los derechos humanos en el piedemonte llanero, es decir, entre los departamentos de Boyac\u00e1 y Casanare.<\/p>\n<h1>Trabajo<\/h1>\n<p>Cospacc desarrolla sus actividades en regiones donde la situaci\u00f3n, tanto ambiental como social, es supremamente grave. Acompa\u00f1a y asesora en materia jur\u00eddica a v\u00edctimas de violaciones de derechos humanos. Adem\u00e1s, documenta y denuncia, en coordinaci\u00f3n con la <a href=\"https:\/\/pbicolombiablog.org\/organizaciones-acompanadas\/fcspp\/\">Fundaci\u00f3n Comit\u00e9 de Solidaridad con los Presos Pol\u00edticos<\/a> (Fcspp) y la <em>Corporaci\u00f3n Claretiana <\/em>Norman P\u00e9rez Bello, casos de da\u00f1os ambientales, de violaciones de derechos humanos o del derecho internacional humanitario (DIH) y de lesa humanidad, en particular, ejecuciones extrajudiciales y desapariciones forzadas. Las organizaciones presentan conjuntamente quejas disciplinarias, denuncias p\u00fablicas y penales, entre las cuales se destaca la que interpusieron contra la Brigada XVI por varios casos de ejecuciones extrajudiciales en el departamento de Casanare<a href=\"https:\/\/pbicolombiablog.org\/organizaciones-acompanadas\/cos-pacc\/#_ftn2\" name=\"_ftnref2\">[2]<\/a>.<\/p>\n<p>Para informar y sensibilizar sobre estas violaciones de derechos humanos, una parte muy importante del trabajo de Cos-pacc es la publicaci\u00f3n de informes, investigaciones y video documentales elaborados en los contextos de las comunidades con las que trabajan.<\/p>\n<h2>Participaci\u00f3n en plataformas e iniciativas de paz y derechos humanos<\/h2>\n<p>Cospacc forma parte de varias plataformas y redes de derechos humanos como la Coordinaci\u00f3n Colombia, Europa y Estados Unidos (Cceeu), la red del banco de datos del Centro de Investigaci\u00f3n y Educaci\u00f3n Popular (Cinep) y el Movimiento Nacional de V\u00edctimas de Cr\u00edmenes de Estado (Movice). Adem\u00e1s, participa de forma activa en el Movimiento Nacional de V\u00edctimas de Cr\u00edmenes de Multinacionales y forma parte del Congreso de los Pueblos y, desde este trabajo, participa en la subcomisi\u00f3n de garant\u00edas y derechos humanos de la Cumbre Nacional Agraria<a href=\"https:\/\/pbicolombiablog.org\/organizaciones-acompanadas\/cos-pacc\/#_ftn3\" name=\"_ftnref3\">[3]<\/a>.<\/p>\n<h2>Enfoque regional de Cospacc<\/h2>\n<p>La entrada de empresas multinacionales a finales de los a\u00f1os 1980, sobre todo empresas petroleras<a href=\"https:\/\/pbicolombiablog.org\/organizaciones-acompanadas\/cos-pacc\/#_ftn4\" name=\"_ftnref4\">[4]<\/a>, en Casanare, Tolima y Boyac\u00e1, (regiones donde actualmente trabaja Cospacc), ha producido un gran impacto negativo en las comunidades, no s\u00f3lo en su medio ambiente, sino de su entorno social, tras violaciones sistem\u00e1ticas de sus derechos.<\/p>\n<h3>Casanare<\/h3>\n<p>Es la regi\u00f3n donde Cos-pacc desempe\u00f1a la mayor parte de su trabajo. All\u00ed la organizaci\u00f3n acompa\u00f1a procesos organizativos de casi todos los sectores y ha establecido un equipo de derechos humanos para poder realizar el trabajo en terreno con mayor presencia. Este equipo est\u00e1 compuesto por delegados del sector campesino a trav\u00e9s de la Asociaci\u00f3n Nacional Campesina Jos\u00e9 Antonio Gal\u00e1n Zorro, la Asociaci\u00f3n Nacional, la organizaci\u00f3n Regional Ind\u00edgena de Casanare (Oric) y el sector juvenil estudiantil (agrupado en la Asociaci\u00f3n Casanare\u00f1a de J\u00f3venes y Estudiantes, Ajocare), quienes desarrollan una agenda en coordinaci\u00f3n con la Fundaci\u00f3n Jur\u00eddica Javier Barriga Verger (Funjab).<\/p>\n<p><img loading=\"lazy\" decoding=\"async\" class=\"alignnone size-full wp-image-38\" src=\"https:\/\/i2.wp.com\/pbicolombiablog.org\/wp-content\/uploads\/2014\/12\/img_9134-web.jpg?zoom=1.5625&amp;resize=474%2C356&amp;ssl=1\" alt=\"Casanare en ruta\" width=\"474\" height=\"356\" data-attachment-id=\"38\" data-permalink=\"https:\/\/pbicolombiablog.org\/2014\/12\/01\/recuerdos\/casanare-en-ruta\/\" data-orig-file=\"https:\/\/i2.wp.com\/pbicolombiablog.org\/wp-content\/uploads\/2014\/12\/img_9134-web.jpg?fit=1200%2C900&amp;ssl=1\" data-orig-size=\"1200,900\" data-comments-opened=\"1\" data-image-meta=\"{&quot;aperture&quot;:&quot;8&quot;,&quot;credit&quot;:&quot;&quot;,&quot;camera&quot;:&quot;Canon IXUS 115 HS&quot;,&quot;caption&quot;:&quot;&quot;,&quot;created_timestamp&quot;:&quot;1409242438&quot;,&quot;copyright&quot;:&quot;&quot;,&quot;focal_length&quot;:&quot;5&quot;,&quot;iso&quot;:&quot;100&quot;,&quot;shutter_speed&quot;:&quot;0.004&quot;,&quot;title&quot;:&quot;Casanare en ruta&quot;,&quot;orientation&quot;:&quot;1&quot;}\" data-image-title=\"Casanare en ruta\" data-image-description=\"\" data-medium-file=\"https:\/\/i2.wp.com\/pbicolombiablog.org\/wp-content\/uploads\/2014\/12\/img_9134-web.jpg?fit=300%2C225&amp;ssl=1\" data-large-file=\"https:\/\/i2.wp.com\/pbicolombiablog.org\/wp-content\/uploads\/2014\/12\/img_9134-web.jpg?fit=474%2C356&amp;ssl=1\" \/><\/p>\n<p>En 2014, se realiz\u00f3 en el municipio de Trinidad (Casanare) una audiencia p\u00fablica, convocada por pol\u00edticos, organizaciones sociales y defensores de derechos humanos, y coordinada por Cos-pacc, bajo el lema \u201cEl impacto ambiental y de derechos humanos de la pol\u00edtica minero energ\u00e9tica en el piedemonte llanero\u201d. En palabras de Fabi\u00e1n Laverde, miembro de Cosp-acc, se trata de \u201cun espacio importante y sin antecedentes para las comunidades casanare\u00f1as, quienes fueron las que realizaron las denuncias por las que se consideran v\u00edctimas, teniendo en cuenta que pertenecen a procesos organizativos.<\/p>\n<p>Tambi\u00e9n fue un espacio para recalcar la directa responsabilidad del Estado ya que es el que permite u omite las responsabilidades de las empresas petroleras. Las denuncias hechas por las comunidades fueron llevadas ante el Congreso\u201d<a href=\"https:\/\/pbicolombiablog.org\/organizaciones-acompanadas\/cos-pacc\/#_ftn5\" name=\"_ftnref5\">[5]<\/a> donde se hizo seguimiento y a finales de 2015 hubo un debate sobre pol\u00edtica de seguridad para el sector minero-energ\u00e9tico en el cual el senador Iv\u00e1n Cepeda Castro denunci\u00f3 la existencia de convenios entre unidades militares y empresas mineras, de hidrocarburos e hidroel\u00e9ctricas; \u201cConvenios que cuentan con el mayor n\u00famero de casos de ejecuciones extrajudiciales\u201d, seg\u00fan coment\u00f3 el pol\u00edtico<a href=\"https:\/\/pbicolombiablog.org\/organizaciones-acompanadas\/cos-pacc\/#_ftn6\" name=\"_ftnref6\">[6]<\/a>.<\/p>\n<p>Cabe resaltar que las investigaciones realizadas por Cos-pacc sobre los da\u00f1os ambientales producidos por algunas multinacionales han generado tensiones y oposici\u00f3n de parte de las empresas y entidades p\u00fablicas frente a la organizaci\u00f3n<a href=\"https:\/\/pbicolombiablog.org\/organizaciones-acompanadas\/cos-pacc\/#_ftn7\" name=\"_ftnref7\">[7]<\/a>.<\/p>\n<p>https:\/\/pbicolombiablog.org\/organizaciones-acompanadas\/cos-pacc\/<\/p>\n<\/div>\n","protected":false},"excerpt":{"rendered":"<p>Cospacc La Corporaci\u00f3n Social para la Asesor\u00eda y Capacitaci\u00f3n Comunitaria, (Cospacc), dedica la mayor parte de sus esfuerzos a la<\/p>\n","protected":false},"author":1,"featured_media":0,"comment_status":"open","ping_status":"open","sticky":false,"template":"","format":"quote","meta":{"colormag_page_layout":"default_layout","footnotes":""},"categories":[1],"tags":[13,14],"class_list":["post-12","post","type-post","status-publish","format-quote","hentry","category-nuestras-luchas","tag-cospacc","tag-ddhh","post_format-post-format-quote"],"_links":{"self":[{"href":"https:\/\/cospacc.org\/index.php?rest_route=\/wp\/v2\/posts\/12","targetHints":{"allow":["GET"]}}],"collection":[{"href":"https:\/\/cospacc.org\/index.php?rest_route=\/wp\/v2\/posts"}],"about":[{"href":"https:\/\/cospacc.org\/index.php?rest_route=\/wp\/v2\/types\/post"}],"author":[{"embeddable":true,"href":"https:\/\/cospacc.org\/index.php?rest_route=\/wp\/v2\/users\/1"}],"replies":[{"embeddable":true,"href":"https:\/\/cospacc.org\/index.php?rest_route=%2Fwp%2Fv2%2Fcomments&post=12"}],"version-history":[{"count":3,"href":"https:\/\/cospacc.org\/index.php?rest_route=\/wp\/v2\/posts\/12\/revisions"}],"predecessor-version":[{"id":1068,"href":"https:\/\/cospacc.org\/index.php?rest_route=\/wp\/v2\/posts\/12\/revisions\/1068"}],"wp:attachment":[{"href":"https:\/\/cospacc.org\/index.php?rest_route=%2Fwp%2Fv2%2Fmedia&parent=12"}],"wp:term":[{"taxonomy":"category","embeddable":true,"href":"https:\/\/cospacc.org\/index.php?rest_route=%2Fwp%2Fv2%2Fcategories&post=12"},{"taxonomy":"post_tag","embeddable":true,"href":"https:\/\/cospacc.org\/index.php?rest_route=%2Fwp%2Fv2%2Ftags&post=12"}],"curies":[{"name":"wp","href":"https:\/\/api.w.org\/{rel}","templated":true}]}}