{"id":124,"date":"2019-02-04T15:53:06","date_gmt":"2019-02-04T15:53:06","guid":{"rendered":"https:\/\/cospacc.org\/?p=124"},"modified":"2019-11-23T19:13:49","modified_gmt":"2019-11-23T19:13:49","slug":"organizaciones-de-derechos-humanos-en-casanare-presentaron-informe-a-la-jep","status":"publish","type":"post","link":"https:\/\/cospacc.org\/?p=124","title":{"rendered":"Organizaciones de Derechos Humanos en Casanare presentaron informe a la JEP"},"content":{"rendered":"\n<p>Por: Fabi\u00e1n Laverde Doncel, Presidente Consejo Directivo <br><\/p>\n\n\n\n<figure class=\"wp-block-gallery columns-2 is-cropped wp-block-gallery-1 is-layout-flex wp-block-gallery-is-layout-flex\"><ul class=\"blocks-gallery-grid\"><li class=\"blocks-gallery-item\"><figure><img loading=\"lazy\" decoding=\"async\" width=\"936\" height=\"623\" src=\"https:\/\/cospacc.org\/wp-content\/uploads\/2019\/02\/JEP-2-1.jpg\" alt=\"\" data-id=\"128\" class=\"wp-image-128\" srcset=\"https:\/\/cospacc.org\/wp-content\/uploads\/2019\/02\/JEP-2-1.jpg 936w, https:\/\/cospacc.org\/wp-content\/uploads\/2019\/02\/JEP-2-1-300x200.jpg 300w, https:\/\/cospacc.org\/wp-content\/uploads\/2019\/02\/JEP-2-1-768x511.jpg 768w\" sizes=\"auto, (max-width: 936px) 100vw, 936px\" \/><\/figure><\/li><li class=\"blocks-gallery-item\"><figure><img loading=\"lazy\" decoding=\"async\" width=\"974\" height=\"649\" src=\"https:\/\/cospacc.org\/wp-content\/uploads\/2019\/02\/JEP4-2.jpg\" alt=\"\" data-id=\"131\" data-link=\"https:\/\/cospacc.org\/?attachment_id=131\" class=\"wp-image-131\" srcset=\"https:\/\/cospacc.org\/wp-content\/uploads\/2019\/02\/JEP4-2.jpg 974w, https:\/\/cospacc.org\/wp-content\/uploads\/2019\/02\/JEP4-2-300x200.jpg 300w, https:\/\/cospacc.org\/wp-content\/uploads\/2019\/02\/JEP4-2-768x512.jpg 768w\" sizes=\"auto, (max-width: 974px) 100vw, 974px\" \/><\/figure><\/li><\/ul><\/figure>\n\n\n\n<p class=\"has-text-align-left\">El pasado 16 de agosto,\ntres magistrados de la sala de reconocimiento de la verdad de la Jurisdicci\u00f3n\nEspecial para la Paz, hicieron presencia en El Yopal Casanare; la visita tubo\ncomo objetivos: compartir las expectativas de la nueva jurisdicci\u00f3n, con\nv\u00edctimas de cr\u00edmenes de estado, representantes de organizaciones sociales y\ndefensoras de derechos humanos; as\u00ed mismo recibir de manos de estas organizaciones\nun informe sobre falsos positivos ocurridos en el departamento.<\/p>\n\n\n\n<p>En una jornada de\ntrabajo a la que asistieron alrededor de 170 personas perteneciente a ASONALCA,\nASMUC, ANJECO, Familiares Colombia, y la Mesa Departamental de Victimas; la\nCorporaci\u00f3n Social para la Asesor\u00eda y Capacitaci\u00f3n Comunitaria COSPACC y la\nFundaci\u00f3n Comit\u00e9 de Solidaridad con los Presos Pol\u00edticos FCSPP, con el respaldo\ndel Movimiento Nacional de Victimas de Cr\u00edmenes de Estado, hicieron entrega del\ninforme \u201cNi delincuentes, ni combatientes\u201d donde fueron analizados 12 casos de\nejecuciones extrajudiciales con modalidad de falsos positivos, cometidos por el\ntropas de la Brigada 16, &nbsp;durante el\nperiodo comprendido entre los a\u00f1os 2005 \u2013 2007, en el cual el entonces Coronel\ndel Ej\u00e9rcito HENRRY TORRES ESCALANTE, fungi\u00f3 como comandante de la Brigada 16.<\/p>\n\n\n\n<p>El informe da cuenta de\npatrones que demuestran sistematicidad en la comisi\u00f3n de los hechos delictivos,\nas\u00ed como un profundo an\u00e1lisis en el modo operandi utilizado por los\nvictimarios; quienes acabaron con la vida de menores de edad, campesinos y\ncomunales, entre ellos el menor <strong>Roque\nJulio Torres Torres<\/strong> quien hab\u00eda sido testigo de dos ejecuciones\nextrajudiciales en su vecindario, en el municipio de Aguazul. Durante la\nentrega hizo presencia el subcomandante de Polic\u00eda del departamento, el jefe de\noperaciones de la Brigada 16 y la Defensor\u00eda Regional del Pueblo. Las victimas\ncontaron con el acompa\u00f1amiento de Brigadas Internacionales de Paz, el Colectivo\nde Abogados Jos\u00e9 Alvear Restrepo y la Secretaria Ejecutiva de la JEP.<\/p>\n\n\n\n<p>La actividad concluy\u00f3\ncon una galer\u00eda a la memoria de las v\u00edctimas de cr\u00edmenes de estado; la cual fue\nexpuesta en el parque Ram\u00f3n Nonato P\u00e9rez.<\/p>\n","protected":false},"excerpt":{"rendered":"<p>Por: Fabi\u00e1n Laverde Doncel, Presidente Consejo Directivo El pasado 16 de agosto, tres magistrados de la sala de reconocimiento de<\/p>\n","protected":false},"author":1,"featured_media":125,"comment_status":"open","ping_status":"open","sticky":false,"template":"","format":"standard","meta":{"colormag_page_layout":"default_layout","footnotes":""},"categories":[1],"tags":[],"class_list":["post-124","post","type-post","status-publish","format-standard","has-post-thumbnail","hentry","category-nuestras-luchas"],"_links":{"self":[{"href":"https:\/\/cospacc.org\/index.php?rest_route=\/wp\/v2\/posts\/124","targetHints":{"allow":["GET"]}}],"collection":[{"href":"https:\/\/cospacc.org\/index.php?rest_route=\/wp\/v2\/posts"}],"about":[{"href":"https:\/\/cospacc.org\/index.php?rest_route=\/wp\/v2\/types\/post"}],"author":[{"embeddable":true,"href":"https:\/\/cospacc.org\/index.php?rest_route=\/wp\/v2\/users\/1"}],"replies":[{"embeddable":true,"href":"https:\/\/cospacc.org\/index.php?rest_route=%2Fwp%2Fv2%2Fcomments&post=124"}],"version-history":[{"count":6,"href":"https:\/\/cospacc.org\/index.php?rest_route=\/wp\/v2\/posts\/124\/revisions"}],"predecessor-version":[{"id":865,"href":"https:\/\/cospacc.org\/index.php?rest_route=\/wp\/v2\/posts\/124\/revisions\/865"}],"wp:featuredmedia":[{"embeddable":true,"href":"https:\/\/cospacc.org\/index.php?rest_route=\/wp\/v2\/media\/125"}],"wp:attachment":[{"href":"https:\/\/cospacc.org\/index.php?rest_route=%2Fwp%2Fv2%2Fmedia&parent=124"}],"wp:term":[{"taxonomy":"category","embeddable":true,"href":"https:\/\/cospacc.org\/index.php?rest_route=%2Fwp%2Fv2%2Fcategories&post=124"},{"taxonomy":"post_tag","embeddable":true,"href":"https:\/\/cospacc.org\/index.php?rest_route=%2Fwp%2Fv2%2Ftags&post=124"}],"curies":[{"name":"wp","href":"https:\/\/api.w.org\/{rel}","templated":true}]}}