{"id":1268,"date":"2023-04-18T14:56:47","date_gmt":"2023-04-18T14:56:47","guid":{"rendered":"https:\/\/cospacc.org\/?p=1268"},"modified":"2023-04-18T14:56:49","modified_gmt":"2023-04-18T14:56:49","slug":"informacion-cospacc-2023","status":"publish","type":"post","link":"https:\/\/cospacc.org\/?p=1268","title":{"rendered":"Informaci\u00f3n COSPACC 2023"},"content":{"rendered":"\n<p>Nombre: <a>Corporaci\u00f3n Social para la Asesor\u00eda Capacitaci\u00f3n Comunitaria<\/a><\/p>\n\n\n\n<div class=\"wp-block-group is-layout-constrained wp-block-group-is-layout-constrained\">\n<p>Sigla COSPACC<\/p>\n\n\n\n<p>Direcci\u00f3n: Avenida Jim\u00e9nez N\u00b0 10-58 oficina 216<\/p>\n\n\n\n<p>Ciudad: Bogot\u00e1 DC&nbsp;&nbsp;&nbsp;&nbsp;&nbsp;&nbsp;&nbsp;&nbsp;&nbsp;&nbsp;&nbsp;&nbsp;&nbsp;&nbsp;&nbsp;&nbsp;&nbsp;&nbsp;&nbsp;&nbsp;&nbsp;&nbsp;&nbsp;&nbsp;<\/p>\n\n\n\n<p>Tel\u00e9fono: 3202916675<\/p>\n\n\n\n<p>Correo electr\u00f3nico: <a href=\"mailto:cospacc@gmail.com\">cospacc@gmail.com<\/a> &nbsp;&nbsp;<\/p>\n\n\n\n<p>P\u00e1gina web <a href=\"http:\/\/cospacc.org\/\">http:\/\/cospacc.org\/<\/a><\/p>\n\n\n\n<p>Personer\u00eda Jur\u00eddica: 116 de 2003, secretaria distrital de gobierno, Bogot\u00e1 DC.<\/p>\n\n\n\n<p>NIT: 830112086-5<\/p>\n\n\n\n<h2 class=\"wp-block-heading\">Direcci\u00f3n organizativa<\/h2>\n\n\n\n<p>Representante Legal: Ulvio Mart\u00edn Ayala Entidad sin \u00e1nimo de lucro<\/p>\n\n\n\n<h2 class=\"wp-block-heading\">Consejo directivo<\/h2>\n\n\n\n<figure class=\"wp-block-image size-full\"><img loading=\"lazy\" decoding=\"async\" width=\"356\" height=\"158\" src=\"https:\/\/cospacc.org\/wp-content\/uploads\/2023\/04\/consejo-directivo-2023.png\" alt=\"\" class=\"wp-image-1269\" srcset=\"https:\/\/cospacc.org\/wp-content\/uploads\/2023\/04\/consejo-directivo-2023.png 356w, https:\/\/cospacc.org\/wp-content\/uploads\/2023\/04\/consejo-directivo-2023-300x133.png 300w\" sizes=\"auto, (max-width: 356px) 100vw, 356px\" \/><\/figure>\n\n\n\n<div class=\"wp-block-group is-layout-constrained wp-block-group-is-layout-constrained\"><\/div>\n<\/div>\n\n\n\n<h2 class=\"wp-block-heading\">Fiscal<\/h2>\n\n\n\n<figure class=\"wp-block-image size-full\"><img loading=\"lazy\" decoding=\"async\" width=\"344\" height=\"105\" src=\"https:\/\/cospacc.org\/wp-content\/uploads\/2023\/04\/fiscal_2023_cospacc.png\" alt=\"\" class=\"wp-image-1270\" srcset=\"https:\/\/cospacc.org\/wp-content\/uploads\/2023\/04\/fiscal_2023_cospacc.png 344w, https:\/\/cospacc.org\/wp-content\/uploads\/2023\/04\/fiscal_2023_cospacc-300x92.png 300w\" sizes=\"auto, (max-width: 344px) 100vw, 344px\" \/><\/figure>\n\n\n\n<h2 class=\"wp-block-heading\">Naturaleza <\/h2>\n\n\n\n<p>Somos una entidad sin \u00e1nimo de lucro<\/p>\n\n\n\n<p>Somos una ONG en su naturaleza jur\u00eddica<\/p>\n\n\n\n<p>En la naturaleza organizativa: somos una organizaci\u00f3n Social de base, legitima, legal; que busca la transformaci\u00f3n hacia sociedad justa y el reconocimiento individuo como sujeto pol\u00edtico.\u00a0\u00a0\u00a0\u00a0\u00a0\u00a0\u00a0\u00a0<\/p>\n\n\n\n<p>Filosof\u00eda:\u00a0 orienta su trabajo desde el reconocimiento del saber popular, el esfuerzo colectivo y solidario; hacia la construcci\u00f3n de un pueblo aut\u00f3nomo que transforma su realidad y mejora su calidad de vida.\u00a0\u00a0\u00a0\u00a0\u00a0\u00a0\u00a0\u00a0\u00a0\u00a0\u00a0\u00a0\u00a0\u00a0\u00a0\u00a0\u00a0\u00a0\u00a0\u00a0\u00a0\u00a0\u00a0\u00a0\u00a0\u00a0\u00a0\u00a0\u00a0\u00a0\u00a0\u00a0\u00a0\u00a0\u00a0\u00a0\u00a0\u00a0\u00a0\u00a0\u00a0\u00a0\u00a0\u00a0\u00a0\u00a0\u00a0 \u00a0\u00a0\u00a0\u00a0\u00a0\u00a0\u00a0\u00a0\u00a0\u00a0\u00a0\u00a0\u00a0\u00a0\u00a0\u00a0\u00a0\u00a0\u00a0\u00a0\u00a0\u00a0\u00a0\u00a0\u00a0\u00a0\u00a0\u00a0\u00a0\u00a0\u00a0\u00a0\u00a0\u00a0\u00a0\u00a0\u00a0\u00a0\u00a0\u00a0\u00a0\u00a0\u00a0\u00a0\u00a0\u00a0\u00a0\u00a0\u00a0\u00a0\u00a0\u00a0\u00a0\u00a0\u00a0\u00a0\u00a0\u00a0\u00a0\u00a0\u00a0\u00a0\u00a0\u00a0\u00a0\u00a0\u00a0\u00a0\u00a0\u00a0\u00a0\u00a0\u00a0\u00a0\u00a0\u00a0\u00a0\u00a0\u00a0\u00a0\u00a0\u00a0\u00a0\u00a0\u00a0\u00a0\u00a0\u00a0\u00a0\u00a0\u00a0\u00a0\u00a0\u00a0\u00a0\u00a0\u00a0\u00a0\u00a0\u00a0\u00a0\u00a0\u00a0\u00a0<\/p>\n\n\n\n<p>\u00a0La\u00a0Corporaci\u00f3n Social para la Asesor\u00eda y Capacitaci\u00f3n Comunitaria, (COSPACC), dedica la mayor parte de sus esfuerzos a la atenci\u00f3n, organizaci\u00f3n y acompa\u00f1amiento a v\u00edctimas a causa del alto grado de violaciones a los derechos humanos\u00a0que se presentan en las zonas donde trabaja, concentr\u00e1ndose especialmente en los departamentos de Tolima, Boyac\u00e1, Casanare, y la ciudad de Bogot\u00e1. Todo ello, sin perder de vista el objetivo principal que es la reconstrucci\u00f3n del tejido social y la formaci\u00f3n permanente en la promoci\u00f3n y defensa de los derechos humanos y el derecho internacional humanitario (DIH).\u00a0<\/p>\n\n\n\n<h2 class=\"wp-block-heading\">Objetivos<\/h2>\n\n\n\n<p>Objetivos de Cospacc<\/p>\n\n\n\n<p>Objetivo General: brindar asesor\u00eda, capacitaci\u00f3n y promoci\u00f3n de organizaci\u00f3n comunitaria.<\/p>\n\n\n\n<p>Objetivos Espec\u00edficos:<\/p>\n\n\n\n<ul class=\"wp-block-list\">\n<li>Promover el desarrollo integral y autogestionado del sector social menos favorecido<\/li>\n\n\n\n<li>Aportar pedag\u00f3gicamente los elementos cient\u00edficos, t\u00e9cnicos y culturales que permitan a los diferentes procesos investigar su propia realidad.<\/li>\n\n\n\n<li>Desarrollar actividades destinadas a fin de dotar al sector de conocimientos y medios necesarios para la formaci\u00f3n y capacitaci\u00f3n<\/li>\n\n\n\n<li>Promover, impulsar y consolidar diversas formas de comunicaci\u00f3n y organizaci\u00f3n que sirvan como medios en la consolidaci\u00f3n de programas alternativos que mediante la unidad, integraci\u00f3n y cooperaci\u00f3n busquen soluciones a las necesidades sociales en la proyecci\u00f3n de un mejor futuro.<\/li>\n<\/ul>\n\n\n\n<h2 class=\"wp-block-heading\">Programas<\/h2>\n\n\n\n<p>La Corporaci\u00f3n Social Para La Asesor\u00eda Capacitaci\u00f3n Comunitaria, maneja los siguientes programas:<\/p>\n\n\n\n<p>1.&nbsp;&nbsp;&nbsp;&nbsp;&nbsp;&nbsp;&nbsp;&nbsp;&nbsp;&nbsp;&nbsp; <strong>Programa de formaci\u00f3n, capacitaci\u00f3n y comunicaci\u00f3n:<\/strong> desarrollar y promover medios de comunicaci\u00f3n populares, las formas y el sentir de las comunidades a nivel local y regional, con el prop\u00f3sito de informar y comunicar objetiva y cr\u00edticamente. Con ellos se busca incidir en la formaci\u00f3n integral de la persona, en la promoci\u00f3n y prevenci\u00f3n de sus derechos, en la defensa de la cultura y el fortalecimiento.<\/p>\n\n\n\n<p>2.&nbsp;&nbsp;&nbsp;&nbsp;&nbsp;&nbsp;&nbsp;&nbsp;&nbsp;&nbsp;&nbsp; <strong>Programas ambiental y agrario<\/strong>. Los objetivos de este programa son los siguientes:<\/p>\n\n\n\n<p>a generar conciencia sobre la relaci\u00f3n arm\u00f3nica entre hombres y la naturaleza mediante la pr\u00e1ctica del uso racional del recurso, la recuperaci\u00f3n y preservaci\u00f3n del ambiente y la valoraci\u00f3n de las necesidades y los planes integrales de vida todo ellos bajo una concepci\u00f3n de soberan\u00eda de los pueblos.<\/p>\n\n\n\n<p>b Promover la construcci\u00f3n social de una pol\u00edtica agraria, que lleve a la distribuci\u00f3n racional de la tierra y la aplicaci\u00f3n de t\u00e9cnicas agroecol\u00f3gicas; sustentadas en la soberan\u00eda, autonom\u00eda y seguridad alimentaria; por medio del fortalecimiento organizativo, la educaci\u00f3n y el acompa\u00f1amiento a las comunidades.<\/p>\n\n\n\n<p>3.&nbsp;&nbsp;&nbsp;&nbsp;&nbsp;&nbsp;&nbsp;&nbsp;&nbsp;&nbsp;&nbsp; <strong>Programas de derechos humanos y paz. <\/strong>El programa tiene como objetivo:<\/p>\n\n\n\n<p>a). difundir, promover, defender los derechos humanos, el derecho internacional humanitario y la construcci\u00f3n integral de la paz; dentro del marco legal y leg\u00edtimo que establece la declaraci\u00f3n universal de los derechos humanos, la carta de Argel, la constituci\u00f3n pol\u00edtica de Colombia, los tratados y convenio internacional.<\/p>\n\n\n\n<p>b). promover la implementaci\u00f3n integral de los mecanismos acordados en los procesos de paz exigiendo garant\u00edas para resarcir los derechos de las v\u00edctimas; garantizando la participaci\u00f3n legal y legitima de las mismas en los diferentes escenarios de construcci\u00f3n de paz y exigibilidad de justicia.<\/p>\n\n\n\n<p>c). Fortalecer las formas organizativas donde incluyen las personas que realizan esta labor, reivindicando el derecho a defender los derechos, mediante el cual se consolidara la red de derechos humanos COSPACC \u201cLuz Marina Arteaga Henao \u201csiendo este el mecanismo de articulaci\u00f3n entre organizaciones sociales, procesos y comunidades, quienes de manera organizada realizan acciones integrales en la defensa de la vida digna, los territorios, la permanec\u00eda y la construcci\u00f3n de paz con justicia social. En consecuencia, estas personas ser\u00e1n acreditadas por COSPACC<strong>.<\/strong><\/p>\n\n\n\n<p>5.&nbsp;&nbsp;&nbsp;&nbsp;&nbsp;&nbsp;&nbsp;&nbsp;&nbsp;&nbsp;&nbsp; <strong>Programa de mujer y g\u00e9nero:<\/strong> Tiene como objetivo:<\/p>\n\n\n\n<p>a). Fortalecer procesos organizativos conformados por personas que luchan por la construcci\u00f3n de un modelo en igualdad de derechos y oportunidades, fundamentando en valores humanos, condiciones materiales, sociales y culturales dignas; haciendo \u00e9nfasis en liderazgos y apoyos en programas para la igualdad de g\u00e9nero y la eliminaci\u00f3n de los tipos de violencia asociadas.<\/p>\n\n\n\n<p>b). Exigir y acompa\u00f1ar las luchas encaminadas a las trasformaciones sociales, culturales, econ\u00f3micas y pol\u00edticas, de cara a la construcci\u00f3n de pol\u00edticas p\u00fablicas participativas, promoviendo la materializaci\u00f3n de escenarios incluyentes en entorno urbanos y rurales.<\/p>\n\n\n\n<p>6.&nbsp;&nbsp;&nbsp;&nbsp;&nbsp;&nbsp;&nbsp;&nbsp;&nbsp;&nbsp;&nbsp; <strong>Programa de salud alternativa:<\/strong> promover la organizaci\u00f3n comunitaria para la defensa del derecho a una salud integral, haciendo \u00e9nfasis en el rescate de la medicina tradicional y el uso de otras formas de cuidado a la salud.<\/p>\n\n\n\n<p>7.&nbsp;&nbsp;&nbsp;&nbsp;&nbsp;&nbsp;&nbsp;&nbsp;&nbsp;&nbsp;&nbsp; <strong>Programa de investigaci\u00f3n y proyectos<\/strong>: promover el desarrollo de procesos participativos de investigaci\u00f3n que permitan: una mejor compresi\u00f3n de los problemas de las comunidades, un mejor aprovechamiento de la cultura propia de cada regi\u00f3n y una intervenci\u00f3n planificada y acorde a las necesidades.<\/p>\n\n\n\n<p>&#8211; Facilitar la formulaci\u00f3n de proyectos para el desarrollo y fortalecimiento de los dem\u00e1s programas.<\/p>\n\n\n\n<h2 class=\"wp-block-heading\">Zonas de acompa\u00f1amiento<\/h2>\n\n\n\n<p>&#8211;<strong>Casanare:<\/strong> Es la regi\u00f3n donde desempe\u00f1a la mayor parte de su trabajo. All\u00ed la organizaci\u00f3n acompa\u00f1a procesos organizativos en los sectores ind\u00edgenas, estudiantil, sindical, campesino y de mujeres y ha establecido un equipo de derechos humanos para poder realizar el trabajo en terreno con mayor presencia. Este equipo est\u00e1 compuesto por delegados del sector campesino a trav\u00e9s de la Asociaci\u00f3n Nacional Campesina Jos\u00e9 Antonio Gal\u00e1n Zorro \u2013ASONALCA-, la organizaci\u00f3n Regional Ind\u00edgena de Casanare (ORIC), la Asociaci\u00f3n Nacional de Estudiantes y Trabajadores de Colombia (seccional Casanare) \u2013ANJECO- y la Asociaci\u00f3n de Mujeres Unidas por el Casanare- ASMUC-.<\/p>\n\n\n\n<p><strong>-Boyac\u00e1:<\/strong> acompa\u00f1amos integralmente a las comunidades de la Provincia de la Libertad, conformada por los municipios de Pisba, Paya, Labranzagrande y Pajarito. As\u00ed mismo, en la provincia de Lengup\u00e1 conformada por los municipios de Zetaquira, Berbeo, Miraflores, Berbeo, San Eduardo, P\u00e1ez, Campohermoso, tambi\u00e9n los municipios de Garagoa, Santamar\u00eda, Sogamoso y Aquitania a los. Visibilizamos permanentemente la crisis social y humanitaria, adem\u00e1s del evidente abandono estatal.<\/p>\n\n\n\n<p><strong>Tolima:<\/strong> Nuestro trabajo se centra en la comunidad de la Hacienda La Miel, en la vereda Buenos aires de Ibagu\u00e9; esta comunidad es proveniente de los municipios de La Gloria Tamalameque y Pelaya en el sur del Cesar, V\u00edctimas del desplazamiento forzado. All\u00ed acompa\u00f1amos el proceso organizativo y brindamos la asesor\u00eda requerida en el tema ambiental. Esta comunidad ha sido v\u00edctima de constantes hostigamientos por parte de los grupos paramilitares.<\/p>\n\n\n\n<p>&#8211;<strong>Cundinamarca y Bogot\u00e1:<\/strong> En Cundinamarca se coordina trabajo con productores org\u00e1nicos del municipio del Tibacuy y en Bogot\u00e1 hacemos presencia en las localidades de Ciudad Bol\u00edvar y Uribe Uribe. En ciudad Bol\u00edvar mantenemos trabajo organizativo especialmente con ni\u00f1os, j\u00f3venes y mujeres, realizamos acciones integrales y seguimiento a casos de violaci\u00f3n de DDHH y DIH. Tambi\u00e9n dinamizamos propuestas de producci\u00f3n agroecol\u00f3gica en casas, bibliotecas y colegios. Trabajamos especialmente en los barrios San Francisco, Compartir. Arborizadora Alta, Potos\u00ed, Jerusal\u00e9n, Perdomo Alto, Perdomo Bajo, Cedritos, Capry, Villa de los Alpes, Los Alpes y Arabia. En la localidad Uribe Uribe, acompa\u00f1amos en el barrio Chircales.<\/p>\n\n\n\n<h2 class=\"wp-block-heading\">Historia de la organizaci\u00f3n<\/h2>\n\n\n\n<p>\u00a0 A finales de la d\u00e9cada de 1990, el movimiento campesino reunido en la Asociaci\u00f3n Departamental de Usuarios Campesinos de Casanare (ADUC) fue exterminado por las fuerzas militares, organismos de seguridad del Estado y grupos paramilitares. En 2002, algunos de sus miembros sobrevivientes crearon la organizaci\u00f3n, luego de varios debates frente a la necesidad de reconstruir las organizaciones sociales de la regi\u00f3n y frente al tema de la violaci\u00f3n sistem\u00e1tica de los derechos humanos en el piedemonte llanero, es decir, entre los departamentos de Boyac\u00e1 y Casanare.<\/p>\n\n\n\n<p>\u2022 <strong>Actividades realizadas, proyectos:<\/strong><\/p>\n\n\n\n<p>&nbsp;<strong>1-Proyecto:<\/strong> Memoria hist\u00f3rica para la construcci\u00f3n del tejido social en la localidad de Ciudad Bol\u00edvar en Bogot\u00e1 DC a\u00f1o 2013-2015. Financiado por el fondo local (Alcald\u00eda local) de ciudad Bol\u00edvar de Bogot\u00e1 DC. CONVENIO DE ASOCIACI\u00d3N CVA-042 de 2013<\/p>\n\n\n\n<p><strong>2- Proyecto:<\/strong> Fortalecimiento de los programas de investigaci\u00f3n y Derechos Humanos en Casanare, a\u00f1o 2016 a la fecha.&nbsp; Financiado por War On Want.<\/p>\n\n\n\n<p><strong>3- Proyecto:<\/strong> Acompa\u00f1amiento en los departamentos de Casanare y Boyac\u00e1 en formaci\u00f3n y Derechos Humanos, a\u00f1o 2010 a la fecha. Financiado Action ProColombia.<\/p>\n\n\n\n<p><strong>4- Proyecto:<\/strong> Del saqueo indiscriminado de petr\u00f3leo a la tragedia en Casanare, a\u00f1o 2014. Financiado por Podion.<\/p>\n\n\n\n<p><strong>5- Proyecto:<\/strong> Campa\u00f1a BP, 2010. Financiado por Ayuntamiento Alcal\u00e1 de Henares.<\/p>\n\n\n\n<p><strong>6- Proyecto:<\/strong> Desaparici\u00f3n forzada en Guaviare y Boyac\u00e1 consolidando el protagonismo de familiares y comunidad en la implementaci\u00f3n territorial del mandato de UBDP proyecto (proyecto de referencia CON-023-4600. En Alianza con CINEP, Corporaci\u00f3n Socio jur\u00eddica Orlando Fals-Borda, La corporaci\u00f3n Vida y Paz y COSPACC, financiado por la embajada de Pa\u00edses Bajos y administrado por el instituto ICTJ.<\/p>\n\n\n\n<p>\u2022 <strong>Resultados logrados (incluido el n\u00famero de beneficiarios directos e indirectos)<\/strong><\/p>\n\n\n\n<p><strong>&nbsp;1-Proyecto:<\/strong> Memoria hist\u00f3rica para la construcci\u00f3n del tejido social en la localidad de Ciudad Bol\u00edvar en Bogot\u00e1 DC a\u00f1o 2014-2015. Financiado por el Fondo De Desarrollo Local de Ciudad Bol\u00edvar de Bogot\u00e1 DC.:&nbsp; se logr\u00f3 fomentar diferentes procesos de memoria en la localidad, que giran alrededor de tem\u00e1ticas fundamentales como el desarrollo de luchas sociales, la defensa de los derechos fundamentales, y la construcci\u00f3n progresiva del territorio desde las pr\u00e1cticas comunitarias.<\/p>\n\n\n\n<p>Se logr\u00f3 impactar a las comunidades de los sectores Las Huertas-Perdono Alto, Nueva Argentina, Potos\u00ed, Para\u00edso, Bella Flor, Alameda, Arborizadora Baja y Villas de Progreso, todos pertenecientes a la localidad de Ciudad Bol\u00edvar<a href=\"#_ftn1\" id=\"_ftnref1\">[1]<\/a>.<\/p>\n\n\n\n<p>Se desarroll\u00f3 una campa\u00f1a comunicativa y formativa sobre la memoria que alcanz\u00f3 resultados como:<\/p>\n\n\n\n<p>Elementos de transformaci\u00f3n social<a href=\"#_ftn2\" id=\"_ftnref2\">[2]<\/a><\/p>\n\n\n\n<p>Producci\u00f3n de un libro A partir de lo que somos, Ciudad Bol\u00edvar tierra, Agua y Luchas<a href=\"#_ftn3\" id=\"_ftnref3\">[3]<\/a><\/p>\n\n\n\n<p>Video documental: Alegor\u00eda del paro de 1993 Ciudad Bol\u00edvar- COSPACC<a href=\"#_ftn4\" id=\"_ftnref4\">[4]<\/a><\/p>\n\n\n\n<p>Un blog stop, una p\u00e1gina Facebook<a href=\"#_ftn5\" id=\"_ftnref5\">[5]<\/a><\/p>\n\n\n\n<p>&nbsp;y unas esculturas como parte de la recuperaci\u00f3n de la memoria.<\/p>\n\n\n\n<p><strong>2- Proyecto:<\/strong> Fortalecimiento de los programas de investigaci\u00f3n y Derechos Humanos en Casanare, a\u00f1o 2016 a la fecha.&nbsp; Financiado por War On Want.: se realiz\u00f3 La Escuela de Investigaci\u00f3n Social y Popular \u201cDaniel Abril Fuentes\u201d, donde se logra conformar 5 equipos de investigaci\u00f3n y se logra capacitar mediante un diplomado a 50 persona y se realiz\u00f3 un documental denominado Casanare: petr\u00f3leo y terror<a href=\"#_ftn6\" id=\"_ftnref6\">[6]<\/a>.<\/p>\n\n\n\n<p>Como se menciona anteriormente se logra capacitar mediante una escuela y un diplomado a 50 personas, as\u00ed mismo el documental lleg\u00f3 500 personas.<\/p>\n\n\n\n<p><strong>3- Proyecto:<\/strong> Acompa\u00f1amiento en los departamentos de Casanare y Boyac\u00e1 en formaci\u00f3n y Derechos Humanos, a\u00f1o 2010 a la fecha. Financiado Action ProColombia.: Se gener\u00f3 conciencia a las comunidades v\u00edctimas del conflicto en Derechos Humanos, en el sentido de saber sus derechos y sus formas de exigencia y de denuncias por posibles violaciones, gracias a ello se logr\u00f3 consolidar equipos y\/o colectivos de Derechos Humanos. Los beneficiados en este proyecto fueron aproximadamente 100 personas entre ellas v\u00edctimas del conflicto y comunidad en general.<\/p>\n\n\n\n<p><strong>4- Proyecto:<\/strong> Del saqueo indiscriminado de petr\u00f3leo a la tragedia en Casanare, a\u00f1o 2014. Financiado por Podion.: se propici\u00f3 un espacio de interlocuci\u00f3n y denuncia en el departamento de Casanare, entre miembros de las comunidades afectadas por la tragedia ambiental y congresistas comprometidos con la defensa del territorio<a href=\"#_ftn7\" id=\"_ftnref7\">[7]<\/a>. Tambi\u00e9n se desarroll\u00f3 una audiencia senatorial con cinco parlamentarios en el municipio de trinidad realizado en marzo y mayo de 2014.<\/p>\n\n\n\n<p>Sumadas la participaci\u00f3n de las sesiones, el proyecto logr\u00f3 impactar a m\u00e1s de 400 personas de diferentes municipios de los departamentos de Casanare, Meta, Arauca, Boyac\u00e1 y la ciudad de Bogot\u00e1.<\/p>\n\n\n\n<p><strong>5- Proyecto:<\/strong> Campa\u00f1a BP, 2010. Financiado por Ayuntamiento Alcal\u00e1 de Henares.: Se posicion\u00f3 en lo local, nacional e internacional de la actividad extractiva de la BP en el ambiente, en lo econ\u00f3mico, en lo laboral y en lo social en la zona del pie de monte de los departamentos de Casanare y Boyac\u00e1, as\u00ed como la pol\u00edtica petrolera del Estado colombiano<a href=\"#_ftn8\" id=\"_ftnref8\">[8]<\/a>.<\/p>\n\n\n\n<p>&nbsp;Hay una publicaci\u00f3n investigativa con dos tomos denominada \u201cPor dentro e soga\u201d y el informe Casanare Exhumando el Genocidio en Casanare, acompa\u00f1ados de un video documental. La poblaci\u00f3n impactada fue la poblaci\u00f3n vecina del lugar donde la BP hac\u00eda sus labores de exploraci\u00f3n y explotaci\u00f3n de petr\u00f3leo ya que se logr\u00f3 generar una sensibilizaci\u00f3n de la importancia del cuidado del medio ambiente, de los Derechos Humanos y de la responsabilidad social de las empresas extranjeras en las regiones. Por otro lado, se logra impactar a 500 personas con libros donados resultados de esta investigaci\u00f3n<\/p>\n\n\n\n<p><strong>6- Proyecto: <\/strong>lleva 9 meses de ejecuci\u00f3n y se a llevado a cabo una primera entrega de los hallazgos denominado caso tipo N\u00ba 14 Hilando Voces y Tejiendo Memorias. Tras las Huellas de las Violencias en la provincia de Lengup\u00e1 Boyac\u00e1<a href=\"#_ftn9\" id=\"_ftnref9\">[9]<\/a> .<\/p>\n\n\n\n<p>\u2022 <strong>Coordinaci\u00f3n interinstitucional (miembros de plataformas \/ red, enlaces con instituciones p\u00fablicas y privadas, etc.)<\/strong><\/p>\n\n\n\n<p><strong>Convenios: <\/strong><strong><\/strong><\/p>\n\n\n\n<ul class=\"wp-block-list\">\n<li>-FCSPP: Fundaci\u00f3n Comit\u00e9 de Solidaridad con los Presos Pol\u00edticos.<\/li>\n\n\n\n<li>-PBI: Brigadas Internacionales de Paz<\/li>\n\n\n\n<li>-WAR ON WANT.<\/li>\n\n\n\n<li>Alianza- CINEP CON -023-4600<\/li>\n<\/ul>\n\n\n\n<p><strong>Plataformas: <\/strong><strong><\/strong><\/p>\n\n\n\n<ul class=\"wp-block-list\">\n<li>-MOVICE: Movimiento nacional de v\u00edctimas de cr\u00edmenes de Estado<\/li>\n\n\n\n<li>-CCEEUU: Coordinadora Colombia Europa Estados Unidos<\/li>\n\n\n\n<li>MEDDHH: Mesa Empresas y Derechos Humanos<\/li>\n<\/ul>\n\n\n\n<p><strong>Organizaciones Hermanas:<\/strong><\/p>\n\n\n\n<ul class=\"wp-block-list\">\n<li>-ASONALCA: Asociaci\u00f3n Nacional Campesina \u201cJos\u00e9 Gal\u00e1n Zorro\u201d<\/li>\n\n\n\n<li>-ANJECO: Asociaci\u00f3n Nacional de J\u00f3venes y Estudiantes de Colombia<\/li>\n\n\n\n<li>-ASMUC: Asociaci\u00f3n de Mujeres Unidas por Casanare<\/li>\n\n\n\n<li>-ASOTRAVID: Asociaci\u00f3n de Trabajadores por la Vida Digna<\/li>\n<\/ul>\n\n\n\n<p><strong>Acompa\u00f1amiento:<\/strong><strong><\/strong><\/p>\n\n\n\n<ul class=\"wp-block-list\">\n<li>REDHER: Red de Hermandad y Solidaridad con Colombia<\/li>\n\n\n\n<li>PBI: Brigadas Internacionales de paz<\/li>\n<\/ul>\n\n\n\n<hr class=\"wp-block-separator has-alpha-channel-opacity\"\/>\n\n\n\n<p><a href=\"#_ftnref1\" id=\"_ftn1\">[1]<\/a> <a href=\"http:\/\/www.bogota.gov.co\/article\/homenaje-v%C3%ADctimas-de-la-violencia-en-ciudad-bol%C3%ADvar\">http:\/\/www.bogota.gov.co\/article\/homenaje-v%C3%ADctimas-de-la-violencia-en-ciudad-bol%C3%ADvar<\/a> homenaje a las victimas de Ciudad Bol\u00edvar d Bogot\u00e1<\/p>\n\n\n\n<p><a href=\"#_ftnref2\" id=\"_ftn2\">[2]<\/a> <a href=\"http:\/\/memoriahistoricacb.blogspot.com\/p\/actividades.html\">http:\/\/memoriahistoricacb.blogspot.com\/p\/actividades.html<\/a> elementos de trasformaci\u00f3n social CVA-042-2013-COSPACC<\/p>\n\n\n\n<p><a href=\"#_ftnref3\" id=\"_ftn3\">[3]<\/a> <a href=\"http:\/\/www.culturarecreacionydeporte.gov.co\/sites\/default\/files\/convocatorias_cartillas_y_anexos\/anexo_4_libro_apartir_de_lo_que_somos_-_ciudad_bolivar_tierra_agua_y_luchas.pdf\">http:\/\/www.culturarecreacionydeporte.gov.co\/sites\/default\/files\/convocatorias_cartillas_y_anexos\/anexo_4_libro_apartir_de_lo_que_somos_-_ciudad_bolivar_tierra_agua_y_luchas.pdf<\/a> Libro Ciudad Bol\u00edvar, Tierra, Agua, y luchas.<\/p>\n\n\n\n<p><a href=\"#_ftnref4\" id=\"_ftn4\">[4]<\/a> <a href=\"https:\/\/www.youtube.com\/watch?v=HHRZsiIxQLI\">https:\/\/www.youtube.com\/watch?v=HHRZsiIxQLI<\/a> Video, alegor\u00eda del paro de 1993 Ciudad Bol\u00edvar.<\/p>\n\n\n\n<p><a href=\"#_ftnref5\" id=\"_ftn5\">[5]<\/a> <a href=\"https:\/\/www.facebook.com\/pg\/memoria.historicacb\/community\/?ref=page_internal\">https:\/\/www.facebook.com\/pg\/memoria.historicacb\/community\/?ref=page_internal<\/a> medio virtual Facebook<\/p>\n\n\n\n<p><a href=\"#_ftnref6\" id=\"_ftn6\">[6]<\/a> <a href=\"https:\/\/www.youtube.com\/watch?v=1JvWS6Qyapc\">https:\/\/www.youtube.com\/watch?v=1JvWS6Qyapc<\/a>, video documental \u201cCasanare petr\u00f3leo y terror\u201d COSPACC.<\/p>\n\n\n\n<p><a href=\"#_ftnref7\" id=\"_ftn7\">[7]<\/a> <a href=\"https:\/\/vimeo.com\/284343638\">https:\/\/vimeo.com\/284343638<\/a> Video documental \u201cDetr\u00e1s de la Sequ\u00eca\u201d Cosapcc 2014.<\/p>\n\n\n\n<p><a href=\"#_ftnref8\" id=\"_ftn8\">[8]<\/a> <a href=\"https:\/\/www.nocheyniebla.org\/wp-content\/uploads\/u1\/casotipo\/casanare\/caso_tipo_casanare.pdf\">https:\/\/www.nocheyniebla.org\/wp-content\/uploads\/u1\/casotipo\/casanare\/caso_tipo_casanare.pdf<\/a> informe Exhumando el genocidio en Casanare en conjunto con CINEP<\/p>\n\n\n\n<p><a href=\"#_ftnref9\" id=\"_ftn9\">[9]<\/a> <a href=\"https:\/\/cospacc.org\/?p=233\">https:\/\/cospacc.org\/?p=233<\/a> Informe caso tipo N\u00ba 14 Hilando voces Tejiendo Memorias. Tras las huelas de las violencias de Lengup\u00e0 Boyac\u00e0<\/p>\n","protected":false},"excerpt":{"rendered":"<p>Nombre: Corporaci\u00f3n Social para la Asesor\u00eda Capacitaci\u00f3n Comunitaria Sigla COSPACC Direcci\u00f3n: Avenida Jim\u00e9nez N\u00b0 10-58 oficina 216 Ciudad: Bogot\u00e1 DC&nbsp;&nbsp;&nbsp;&nbsp;&nbsp;&nbsp;&nbsp;&nbsp;&nbsp;&nbsp;&nbsp;&nbsp;&nbsp;&nbsp;&nbsp;&nbsp;&nbsp;&nbsp;&nbsp;&nbsp;&nbsp;&nbsp;&nbsp;&nbsp;<\/p>\n","protected":false},"author":1,"featured_media":0,"comment_status":"open","ping_status":"open","sticky":false,"template":"","format":"standard","meta":{"colormag_page_layout":"right_sidebar","footnotes":""},"categories":[1],"tags":[],"class_list":["post-1268","post","type-post","status-publish","format-standard","hentry","category-nuestras-luchas"],"_links":{"self":[{"href":"https:\/\/cospacc.org\/index.php?rest_route=\/wp\/v2\/posts\/1268","targetHints":{"allow":["GET"]}}],"collection":[{"href":"https:\/\/cospacc.org\/index.php?rest_route=\/wp\/v2\/posts"}],"about":[{"href":"https:\/\/cospacc.org\/index.php?rest_route=\/wp\/v2\/types\/post"}],"author":[{"embeddable":true,"href":"https:\/\/cospacc.org\/index.php?rest_route=\/wp\/v2\/users\/1"}],"replies":[{"embeddable":true,"href":"https:\/\/cospacc.org\/index.php?rest_route=%2Fwp%2Fv2%2Fcomments&post=1268"}],"version-history":[{"count":1,"href":"https:\/\/cospacc.org\/index.php?rest_route=\/wp\/v2\/posts\/1268\/revisions"}],"predecessor-version":[{"id":1271,"href":"https:\/\/cospacc.org\/index.php?rest_route=\/wp\/v2\/posts\/1268\/revisions\/1271"}],"wp:attachment":[{"href":"https:\/\/cospacc.org\/index.php?rest_route=%2Fwp%2Fv2%2Fmedia&parent=1268"}],"wp:term":[{"taxonomy":"category","embeddable":true,"href":"https:\/\/cospacc.org\/index.php?rest_route=%2Fwp%2Fv2%2Fcategories&post=1268"},{"taxonomy":"post_tag","embeddable":true,"href":"https:\/\/cospacc.org\/index.php?rest_route=%2Fwp%2Fv2%2Ftags&post=1268"}],"curies":[{"name":"wp","href":"https:\/\/api.w.org\/{rel}","templated":true}]}}