{"id":1273,"date":"2023-06-12T04:58:00","date_gmt":"2023-06-12T04:58:00","guid":{"rendered":"https:\/\/cospacc.org\/?p=1273"},"modified":"2025-04-30T05:05:51","modified_gmt":"2025-04-30T05:05:51","slug":"denuncia-publica-yopal-casanare-11-de-junio-de-2023","status":"publish","type":"post","link":"https:\/\/cospacc.org\/?p=1273","title":{"rendered":"Denuncia p\u00fablica, Yopal Casanare 11 de junio de 2023."},"content":{"rendered":"\n<h2 class=\"wp-block-heading\">\u00aballanamiento ilegal\u00bb a sede social de Cospacc y organizaciones sociales en Yopal Casanare<\/h2>\n\n\n\n<figure class=\"wp-block-image size-large\"><img loading=\"lazy\" decoding=\"async\" width=\"768\" height=\"1024\" src=\"https:\/\/cospacc.org\/wp-content\/uploads\/2023\/06\/foto_2023-06-11-154352_004-768x1024.jpg\" alt=\"\" class=\"wp-image-1275\" srcset=\"https:\/\/cospacc.org\/wp-content\/uploads\/2023\/06\/foto_2023-06-11-154352_004-768x1024.jpg 768w, https:\/\/cospacc.org\/wp-content\/uploads\/2023\/06\/foto_2023-06-11-154352_004-225x300.jpg 225w, https:\/\/cospacc.org\/wp-content\/uploads\/2023\/06\/foto_2023-06-11-154352_004-1152x1536.jpg 1152w, https:\/\/cospacc.org\/wp-content\/uploads\/2023\/06\/foto_2023-06-11-154352_004.jpg 1200w\" sizes=\"auto, (max-width: 768px) 100vw, 768px\" \/><\/figure>\n\n\n\n<p>LA CORPORACI\u00d3N SOCIAL PARA LA ASESOR\u00cdA Y CAPACITACI\u00d3N COMUNITARIA COSPACC, denuncia ante la comunidad regional, nacional e internacional la constante y sistem\u00e1tica din\u00e1mica que pone en riesgo el desarrollo de las actividades de organizaci\u00f3n, movilizaci\u00f3n y articulaci\u00f3n comunitaria, por las persistentes amenazas, seguimientos, perfilamientos, estigmatizaci\u00f3n, judicializaci\u00f3n y asesinato de l\u00edderes\/as sociales y dirigentes populares, quienes defienden los Derechos Humanos en el territorio.<\/p>\n\n\n\n<p>ANTECEDENTES:<\/p>\n\n\n\n<p>El 17 de marzo de 2021, la Defensor\u00eda del Pueblo emiti\u00f3 la Alerta Tempana N\u00ba 008-21 de Inminencia, debido a la situaci\u00f3n de riesgo suscitada por las amenazas de las Autodefensas Gaitanistas de Colombia (AGC) en los municipios de S\u00e1cama, La Salina, T\u00e1mara, Yopal y Aguazul, en jurisdicci\u00f3n del Departamento de Casanare, y en los municipios de Pajarito, Paya y Pisba, jurisdicci\u00f3n del Departamento de Boyac\u00e1. Con esta, son cinco las Alertas Tempranas que han emitido con respecto a la presencia de actores armados y, en espec\u00edfico, el riesgo que representa para las comunidades la recomposici\u00f3n de estructuras paramilitares y los llamados \u201cgrupos residuales\u201d.<\/p>\n\n\n\n<p>El pasado 21 de abril la fundaci\u00f3n de DDHH Joel Sierra y la corporaci\u00f3n Cospacc denunciamos p\u00fablicamente hechos preocupantes que colocan en riesgo la labor de los defensores de DDHH en el departamento de Casanare.<\/p>\n\n\n\n<p>Durante la visita realizada el pasado El 16 de febrero de 2023 por la XIX Misi\u00f3n Asturiana de Derechos Humanos y Paz denunci\u00f3 que Casanare vive un proceso de reparamilitarizaci\u00f3n ligado a rutas del narcotr\u00e1fico que utilizan las organizaciones del Clan del Golfo y Autodefensas Gaitanistas de Colombia, para lograr control territorial de negocios legales e ilegales y el sometimiento de la poblaci\u00f3n civil a su autoridad.<\/p>\n\n\n\n<p>Desde 2017-2023, m\u00e1s de 30 l\u00edderes sociales han sido judicializados por ejercer su derecho a la protesta social en una clara cooperaci\u00f3n entre las empresas petroleras y la fiscal\u00eda General de la Naci\u00f3n.<\/p>\n\n\n\n<p>HECHOS:<\/p>\n\n\n\n<ol class=\"wp-block-list\" type=\"1\">\n<li>Denunciamos los hechos de \u201callanamiento ilegal\u201d del que fue objeto la sede de Cospacc y las organizaciones sociales en Yopal Casanare la noche de ayer 10 de junio realizado por desconocidos que ingresaron por el techo, registran toda la vivienda, forzar las chapas puertas y cajones, y dejan la puerta principal y no se llevaron nada.<\/li>\n\n\n\n<li>En horas del d\u00eda varios l\u00edderes sociales ingresaron a la sede social ubicada en la calle 42 #11-03, encontrando la claraboya del techo corrida, &nbsp;cajones abiertos y con signos que estuvieron buscando algo dentro de los muebles de la habitaci\u00f3n y dos bibliotecas, El monitor de las c\u00e1maras desconectado y en otro sitio que no es el suyo, el equipo de trabajo con se\u00f1as de haber sido manipulado Se presume que estuvieron en b\u00fasqueda de informaci\u00f3n ya que los objetos de Valor como el monitor, el computador y la impresora no se los llevaron, solo se llevaron un casco de motocicleta<\/li>\n\n\n\n<li>Lo preocupante es que hoy 11 de junio en la visita realizada por SIGIN a la sede social, le manifiestan a uno de los l\u00edderes presentes que estos hechos no son preocupantes y que les hagan perder el tiempo, dejando en duda del correcto proceder de la instituci\u00f3n ante un hecho tan grave.<\/li>\n<\/ol>\n\n\n\n<p>Exigimos:<\/p>\n\n\n\n<p>Al gobierno nacional, en cabeza de Gustavo Petro a implementar pol\u00edticas que garanticen la vida y los Derechos Humanos de las comunidades y los liderazgos sociales en esta parte del pa\u00eds.<\/p>\n\n\n\n<p>2. Tramitar de manera inmediata, ante las autoridades correspondientes, esta denuncia p\u00fablica, teniendo en cuenta su enfoque territorial, para promover y adoptar las medidas necesarias, urgentes y de prevenci\u00f3n y protecci\u00f3n ante cualquier acci\u00f3n que ponga en riesgo a los l\u00edderes\/as, defensores de Derechos Humanos y a la poblaci\u00f3n que habita estos territorios.<\/p>\n\n\n\n<p>3. A la Defensor\u00eda del Pueblo de Casanare y a la Personer\u00eda Municipal del Yopal a monitorear e informar la evoluci\u00f3n del riesgo la labor social y con particular atenci\u00f3n, a los l\u00edderes\/as sociales.<\/p>\n\n\n\n<p>4. A la Gobernaci\u00f3n de Casanare, en cabeza del Gobernador Salom\u00f3n Sanabria, que rechace de manera p\u00fablica y abierta la constante y sistem\u00e1tica persecuci\u00f3n al proceso social en el departamento, pero sobre todo un pronunciamiento p\u00fablico sobre los hechos particulares de la presente denuncia<\/p>\n\n\n\n<p>5. Al alcalde Luis Eduardo Castro a pronunciarse p\u00fablicamente sobre los hechos de persecuci\u00f3n al movimiento social en Yopal y tambi\u00e9n en particular con los hechos sucedidos durante ayer 10 de junio y hoy 11 de junio.<\/p>\n\n\n\n<p>7. A la fiscal\u00eda general de la Naci\u00f3n, que se detengan las pr\u00e1cticas de persecuci\u00f3n, estigmatizaci\u00f3n y judicializaci\u00f3n de l\u00edderes y lideresas sociales y de quienes defienden los Derechos Humanos, pero adem\u00e1s a investigar los hechos que motivan la presente denuncia.<\/p>\n\n\n\n<p>8. A la comunidad nacional e internacional a vigilar, rechazar denunciar las actuaciones que buscan desarticular los procesos de organizativos de las luchas por las condiciones de vida digna.<\/p>\n\n\n\n<p>Firmado<\/p>\n\n\n\n<p>CORPORACI\u00d3N SOCIAL PARA LA ASESOR\u00cdA Y CAPACITACI\u00d3N COMUNITARIA COSPACC<\/p>\n\n\n\n<div data-wp-interactive=\"core\/file\" class=\"wp-block-file\"><object data-wp-bind--hidden=\"!state.hasPdfPreview\" hidden class=\"wp-block-file__embed\" data=\"https:\/\/cospacc.org\/wp-content\/uploads\/2023\/06\/denuncia-publica_cospacc_2023.pdf\" type=\"application\/pdf\" style=\"width:100%;height:600px\" aria-label=\"Incrustado de denuncia-publica_cospacc_2023.\"><\/object><a id=\"wp-block-file--media-aa8d029f-6a14-4ad4-a98e-08375beb197d\" href=\"https:\/\/cospacc.org\/wp-content\/uploads\/2023\/06\/denuncia-publica_cospacc_2023.pdf\">denuncia-publica_cospacc_2023<\/a><a href=\"https:\/\/cospacc.org\/wp-content\/uploads\/2023\/06\/denuncia-publica_cospacc_2023.pdf\" class=\"wp-block-file__button wp-element-button\" download aria-describedby=\"wp-block-file--media-aa8d029f-6a14-4ad4-a98e-08375beb197d\">Descarga<\/a><\/div>\n","protected":false},"excerpt":{"rendered":"<p>\u00aballanamiento ilegal\u00bb a sede social de Cospacc y organizaciones sociales en Yopal Casanare LA CORPORACI\u00d3N SOCIAL PARA LA ASESOR\u00cdA Y<\/p>\n","protected":false},"author":1,"featured_media":0,"comment_status":"open","ping_status":"open","sticky":false,"template":"","format":"standard","meta":{"colormag_page_layout":"default_layout","footnotes":""},"categories":[47],"tags":[],"class_list":["post-1273","post","type-post","status-publish","format-standard","hentry","category-comunicados-y-denuncias"],"_links":{"self":[{"href":"https:\/\/cospacc.org\/index.php?rest_route=\/wp\/v2\/posts\/1273","targetHints":{"allow":["GET"]}}],"collection":[{"href":"https:\/\/cospacc.org\/index.php?rest_route=\/wp\/v2\/posts"}],"about":[{"href":"https:\/\/cospacc.org\/index.php?rest_route=\/wp\/v2\/types\/post"}],"author":[{"embeddable":true,"href":"https:\/\/cospacc.org\/index.php?rest_route=\/wp\/v2\/users\/1"}],"replies":[{"embeddable":true,"href":"https:\/\/cospacc.org\/index.php?rest_route=%2Fwp%2Fv2%2Fcomments&post=1273"}],"version-history":[{"count":1,"href":"https:\/\/cospacc.org\/index.php?rest_route=\/wp\/v2\/posts\/1273\/revisions"}],"predecessor-version":[{"id":1277,"href":"https:\/\/cospacc.org\/index.php?rest_route=\/wp\/v2\/posts\/1273\/revisions\/1277"}],"wp:attachment":[{"href":"https:\/\/cospacc.org\/index.php?rest_route=%2Fwp%2Fv2%2Fmedia&parent=1273"}],"wp:term":[{"taxonomy":"category","embeddable":true,"href":"https:\/\/cospacc.org\/index.php?rest_route=%2Fwp%2Fv2%2Fcategories&post=1273"},{"taxonomy":"post_tag","embeddable":true,"href":"https:\/\/cospacc.org\/index.php?rest_route=%2Fwp%2Fv2%2Ftags&post=1273"}],"curies":[{"name":"wp","href":"https:\/\/api.w.org\/{rel}","templated":true}]}}