{"id":1284,"date":"2025-04-10T14:06:13","date_gmt":"2025-04-10T14:06:13","guid":{"rendered":"https:\/\/cospacc.org\/?p=1284"},"modified":"2025-04-10T14:12:03","modified_gmt":"2025-04-10T14:12:03","slug":"comunicado-a-la-opinion-publica-4","status":"publish","type":"post","link":"https:\/\/cospacc.org\/?p=1284","title":{"rendered":"COMUNICADO A LA OPINION PUBLICA"},"content":{"rendered":"\n<p>Sogamoso, 08 de abril de 2025<\/p>\n\n\n\n<p>Las Organizaciones sociales y organizaciones defensoras de Derechos Humanos de Boyac\u00e1, expresamos nuestra profunda preocupaci\u00f3n por la creciente militarizaci\u00f3n de los territorios en el departamento. Rechazamos en\u00e9rgicamente la conformaci\u00f3n de los llamados \u00abFrentes de Seguridad\u00bb promovidos principalmente por exmilitares, la Polic\u00eda Nacional y otras instituciones como la Alcald\u00eda Municipal de Sogamoso, lo cual pone en riesgo la vida y los derechos de la poblaci\u00f3n.<\/p>\n\n\n\n<p>Denunciamos que estas acciones, incluyen estigmatizaci\u00f3n y control por parte de personas ajenas al territorio que involucran y ponen en riesgo a las comunidades como actores dentro del conflicto y promueven la falsa noci\u00f3n de la doctrina del enemigo interno, violan los Derechos Humanos y podr\u00edan escalar hacia formas de violencia paramilitar.<\/p>\n\n\n\n<h1 class=\"wp-block-heading has-text-align-center\">Exigimos<\/h1>\n\n\n\n<p>Al gobierno nacional, en cabeza del presidente Gustavo Petro, garantizar el derecho a la vida y la integridad de las comunidades y l\u00edderes sociales, evitando su vinculaci\u00f3n con actividades militares y C\u00edvico-militares y dando le cumplimiento al derecho internacional Humanitario de la no injerencia de la poblaci\u00f3n civil en el conflicto armado interno.<\/p>\n\n\n\n<p>A la Defensor\u00eda del Pueblo y a las personer\u00edas municipales a monitorear de manera urgente esta situaci\u00f3n y brindar protecci\u00f3n efectiva a las comunidades para que no sean involucradas en el conflicto armado.<\/p>\n\n\n\n<p>Llamamos a la solidaridad nacional e internacional para evitar que se consolide un modelo de seguridad basado en la militarizaci\u00f3n de la vida. Alertamos sobre el peligro que estas pr\u00e1cticas representan y se deriven en persecuci\u00f3n y violencia contra el movimiento social y popular, o contra cualquier expresi\u00f3n organizativa en Boyac\u00e1.<\/p>\n\n\n\n<p class=\"has-text-align-center\"><strong><em>\u00a1No permitiremos que la paz de nuestro territorio se rompa con acciones que atentan <\/em><\/strong><strong><em>contra la dignidad y los derechos de las comunidades!<\/em><\/strong><strong><em><\/em><\/strong><\/p>\n\n\n\n<p class=\"has-text-align-center\">Organizaciones del <strong>Congreso de los Pueblos &#8211; Boyac\u00e1 <\/strong><\/p>\n\n\n\n<p class=\"has-text-align-center\"><strong>Corporaci\u00f3n Social para la Asesor\u00eda y Capacitaci\u00f3n Comunitaria &#8211; COSPACC<\/strong><\/p>\n\n\n\n<figure class=\"wp-block-image size-large is-resized\"><img loading=\"lazy\" decoding=\"async\" width=\"791\" height=\"1024\" src=\"https:\/\/cospacc.org\/wp-content\/uploads\/2025\/04\/photo_2025-04-08_18-46-14-791x1024.jpg\" alt=\"\" class=\"wp-image-1285\" style=\"width:1139px;height:auto\" srcset=\"https:\/\/cospacc.org\/wp-content\/uploads\/2025\/04\/photo_2025-04-08_18-46-14-791x1024.jpg 791w, https:\/\/cospacc.org\/wp-content\/uploads\/2025\/04\/photo_2025-04-08_18-46-14-232x300.jpg 232w, https:\/\/cospacc.org\/wp-content\/uploads\/2025\/04\/photo_2025-04-08_18-46-14-768x994.jpg 768w, https:\/\/cospacc.org\/wp-content\/uploads\/2025\/04\/photo_2025-04-08_18-46-14.jpg 989w\" sizes=\"auto, (max-width: 791px) 100vw, 791px\" \/><\/figure>\n","protected":false},"excerpt":{"rendered":"<p>Sogamoso, 08 de abril de 2025 Las Organizaciones sociales y organizaciones defensoras de Derechos Humanos de Boyac\u00e1, expresamos nuestra profunda<\/p>\n","protected":false},"author":2,"featured_media":1286,"comment_status":"open","ping_status":"open","sticky":false,"template":"","format":"standard","meta":{"colormag_page_layout":"default_layout","footnotes":""},"categories":[47],"tags":[],"class_list":["post-1284","post","type-post","status-publish","format-standard","has-post-thumbnail","hentry","category-comunicados-y-denuncias"],"_links":{"self":[{"href":"https:\/\/cospacc.org\/index.php?rest_route=\/wp\/v2\/posts\/1284","targetHints":{"allow":["GET"]}}],"collection":[{"href":"https:\/\/cospacc.org\/index.php?rest_route=\/wp\/v2\/posts"}],"about":[{"href":"https:\/\/cospacc.org\/index.php?rest_route=\/wp\/v2\/types\/post"}],"author":[{"embeddable":true,"href":"https:\/\/cospacc.org\/index.php?rest_route=\/wp\/v2\/users\/2"}],"replies":[{"embeddable":true,"href":"https:\/\/cospacc.org\/index.php?rest_route=%2Fwp%2Fv2%2Fcomments&post=1284"}],"version-history":[{"count":2,"href":"https:\/\/cospacc.org\/index.php?rest_route=\/wp\/v2\/posts\/1284\/revisions"}],"predecessor-version":[{"id":1290,"href":"https:\/\/cospacc.org\/index.php?rest_route=\/wp\/v2\/posts\/1284\/revisions\/1290"}],"wp:featuredmedia":[{"embeddable":true,"href":"https:\/\/cospacc.org\/index.php?rest_route=\/wp\/v2\/media\/1286"}],"wp:attachment":[{"href":"https:\/\/cospacc.org\/index.php?rest_route=%2Fwp%2Fv2%2Fmedia&parent=1284"}],"wp:term":[{"taxonomy":"category","embeddable":true,"href":"https:\/\/cospacc.org\/index.php?rest_route=%2Fwp%2Fv2%2Fcategories&post=1284"},{"taxonomy":"post_tag","embeddable":true,"href":"https:\/\/cospacc.org\/index.php?rest_route=%2Fwp%2Fv2%2Ftags&post=1284"}],"curies":[{"name":"wp","href":"https:\/\/api.w.org\/{rel}","templated":true}]}}