{"id":1291,"date":"2025-04-23T16:09:16","date_gmt":"2025-04-23T16:09:16","guid":{"rendered":"https:\/\/cospacc.org\/?p=1291"},"modified":"2025-04-30T05:02:29","modified_gmt":"2025-04-30T05:02:29","slug":"desde-la-corporacion-social-para-la-asesoria-y-capacitacion-comunitaria-cospacc-rechazamos-el-atentado-realizado-en-contra-el-dirigente-campesino-de-asonalca-y-del-movimiento-social-araucano-ernesto","status":"publish","type":"post","link":"https:\/\/cospacc.org\/?p=1291","title":{"rendered":"DENUNCIA PUBLICA"},"content":{"rendered":"\n<p>Desde la Corporaci\u00f3n Social Para la Asesor\u00eda y Capacitaci\u00f3n Comunitaria -COSPACC Rechazamos el atentado realizado en contra el dirigente campesino de Asonalca y del movimiento social Araucano Ernesto Roa, y continuamos exigiendo al Gobierno Nacional y departamentales que brinden garant\u00edas para el ejercicio del trabajo social y la defensa de la vida y la permanencia en los territorios.<\/p>\n\n\n\n<figure class=\"wp-block-image size-large\"><img loading=\"lazy\" decoding=\"async\" width=\"778\" height=\"1024\" src=\"https:\/\/cospacc.org\/wp-content\/uploads\/2025\/04\/denuncia-ASONALCA-22-04-25-778x1024.jpg\" alt=\"\" class=\"wp-image-1292\" srcset=\"https:\/\/cospacc.org\/wp-content\/uploads\/2025\/04\/denuncia-ASONALCA-22-04-25-778x1024.jpg 778w, https:\/\/cospacc.org\/wp-content\/uploads\/2025\/04\/denuncia-ASONALCA-22-04-25-228x300.jpg 228w, https:\/\/cospacc.org\/wp-content\/uploads\/2025\/04\/denuncia-ASONALCA-22-04-25-768x1010.jpg 768w, https:\/\/cospacc.org\/wp-content\/uploads\/2025\/04\/denuncia-ASONALCA-22-04-25.jpg 973w\" sizes=\"auto, (max-width: 778px) 100vw, 778px\" \/><\/figure>\n","protected":false},"excerpt":{"rendered":"<p>Desde la Corporaci\u00f3n Social Para la Asesor\u00eda y Capacitaci\u00f3n Comunitaria -COSPACC Rechazamos el atentado realizado en contra el dirigente campesino<\/p>\n","protected":false},"author":2,"featured_media":0,"comment_status":"open","ping_status":"open","sticky":false,"template":"","format":"standard","meta":{"colormag_page_layout":"default_layout","footnotes":""},"categories":[47,1],"tags":[],"class_list":["post-1291","post","type-post","status-publish","format-standard","hentry","category-comunicados-y-denuncias","category-nuestras-luchas"],"_links":{"self":[{"href":"https:\/\/cospacc.org\/index.php?rest_route=\/wp\/v2\/posts\/1291","targetHints":{"allow":["GET"]}}],"collection":[{"href":"https:\/\/cospacc.org\/index.php?rest_route=\/wp\/v2\/posts"}],"about":[{"href":"https:\/\/cospacc.org\/index.php?rest_route=\/wp\/v2\/types\/post"}],"author":[{"embeddable":true,"href":"https:\/\/cospacc.org\/index.php?rest_route=\/wp\/v2\/users\/2"}],"replies":[{"embeddable":true,"href":"https:\/\/cospacc.org\/index.php?rest_route=%2Fwp%2Fv2%2Fcomments&post=1291"}],"version-history":[{"count":3,"href":"https:\/\/cospacc.org\/index.php?rest_route=\/wp\/v2\/posts\/1291\/revisions"}],"predecessor-version":[{"id":1296,"href":"https:\/\/cospacc.org\/index.php?rest_route=\/wp\/v2\/posts\/1291\/revisions\/1296"}],"wp:attachment":[{"href":"https:\/\/cospacc.org\/index.php?rest_route=%2Fwp%2Fv2%2Fmedia&parent=1291"}],"wp:term":[{"taxonomy":"category","embeddable":true,"href":"https:\/\/cospacc.org\/index.php?rest_route=%2Fwp%2Fv2%2Fcategories&post=1291"},{"taxonomy":"post_tag","embeddable":true,"href":"https:\/\/cospacc.org\/index.php?rest_route=%2Fwp%2Fv2%2Ftags&post=1291"}],"curies":[{"name":"wp","href":"https:\/\/api.w.org\/{rel}","templated":true}]}}