{"id":1377,"date":"2025-07-02T19:24:36","date_gmt":"2025-07-02T19:24:36","guid":{"rendered":"https:\/\/cospacc.org\/?p=1377"},"modified":"2025-07-02T19:24:36","modified_gmt":"2025-07-02T19:24:36","slug":"comunicado-a-la-opinion-publica-5","status":"publish","type":"post","link":"https:\/\/cospacc.org\/?p=1377","title":{"rendered":"COMUNICADO A LA OPINI\u00d3N P\u00daBLICA"},"content":{"rendered":"\n<p class=\"has-text-align-center\">COMUNICADO A LA OPINI\u00d3N P\u00daBLICA<\/p>\n\n\n\n<p class=\"has-text-align-center\"><strong>Sogamoso, 1 de julio de 2025<\/strong><\/p>\n\n\n\n<p><\/p>\n\n\n\n<p>Las organizaciones sociales y defensoras de Derechos Humanos del Departamento de Boyac\u00e1, nos hemos tenido que pronunciar en repetidas ocasiones frente a las diferentes afectaciones que diferentes actores sobre todo de la institucionalidad, cometen en contra de las comunidades, organizaciones y procesos.<\/p>\n\n\n\n<p>Es el caso del comunicado del 8 de abril de 2025, en el cual denunciamos nuestra preocupaci\u00f3n por la militarizaci\u00f3n de los territorios, que se ha materializado en la conformaci\u00f3n de los mal llamados \u00a8frentes de seguridad\u00a8, promovidos por la Alcald\u00eda de Sogamoso, en Boyac\u00e1, que nos hacen recordar la conformaci\u00f3n de grupos de seguridad privada, que en su momento fueron denominadas <strong>\u00a8CONVIVIR\u00a8<\/strong> y que luego trajo episodios sangrientos, pues se convirtieron en grupos Paramilitares.<\/p>\n\n\n\n<p>Ahora en el lanzamiento del Programa de Gestores de Convivencia, conformado por exmilitares, que se llev\u00f3 a cabo el pasado 27 de junio de 2025, en su discurso el alcalde Municipal de Sogamoso estigmatiza a habitantes en condici\u00f3n de calle y la labor de defensa de derechos humanos, cuando se refiriere a \u00a8los entrecomillas Defensores de Derechos Humanos\u00a8.<\/p>\n\n\n\n<p class=\"has-text-align-center\"><strong><u>Exigimos<\/u><\/strong><strong><u><\/u><\/strong><\/p>\n\n\n\n<p>Al gobierno nacional a garantizar derechos constitucionales y la defensa de quienes defienden los Derechos Humanos.<\/p>\n\n\n\n<p>A la Defensor\u00eda del Pueblo y a las Personer\u00edas Municipales a ejercer vigilancia frente a los servidores p\u00fablicos que estigmatizan y ponen en riesgo a comunidades vulnerables y a quienes ejercen la labor de defensa de sus derechos<\/p>\n\n\n\n<p>Al alcalde del Municipio de Sogamoso, no segregar a trav\u00e9s de discursos en contra de poblaci\u00f3n en condici\u00f3n de calle, ni estigmatizar la labor de defensa de los Derechos Humanos ni a quienes ejercen su defensa.<\/p>\n\n\n\n<p>Hacemos un llamado a la comunidad nacional e internacional a evitar que los discursos segregacionistas, racistas y estigmatizantes sigan generando acciones violentas en contra de la poblaci\u00f3n vulnerable y contra la labor de la defensa de los Derechos Humanos.<\/p>\n\n\n\n<p>\u00a1No a los discursos en contra de la dignidad de las poblaciones vulnerables ni a la estigmatizaci\u00f3n!<\/p>\n\n\n\n<p class=\"has-text-align-center\"><strong>Organizaciones del Congreso de los Pueblos Boyac\u00e1<\/strong><\/p>\n\n\n\n<p class=\"has-text-align-center\"><strong>Corporaci\u00f3n Social Para La Asesor\u00eda Y Capacitaci\u00f3n Comunitaria<\/strong><\/p>\n\n\n\n<p class=\"has-text-align-center\"><strong>COSPACC<\/strong><\/p>\n\n\n\n<figure class=\"wp-block-image size-large\"><img loading=\"lazy\" decoding=\"async\" width=\"809\" height=\"1024\" src=\"https:\/\/cospacc.org\/wp-content\/uploads\/2025\/07\/image-809x1024.png\" alt=\"\" class=\"wp-image-1378\" srcset=\"https:\/\/cospacc.org\/wp-content\/uploads\/2025\/07\/image-809x1024.png 809w, https:\/\/cospacc.org\/wp-content\/uploads\/2025\/07\/image-237x300.png 237w, https:\/\/cospacc.org\/wp-content\/uploads\/2025\/07\/image-768x972.png 768w, https:\/\/cospacc.org\/wp-content\/uploads\/2025\/07\/image.png 817w\" sizes=\"auto, (max-width: 809px) 100vw, 809px\" \/><\/figure>\n","protected":false},"excerpt":{"rendered":"<p>COMUNICADO A LA OPINI\u00d3N P\u00daBLICA Sogamoso, 1 de julio de 2025 Las organizaciones sociales y defensoras de Derechos Humanos del<\/p>\n","protected":false},"author":2,"featured_media":0,"comment_status":"open","ping_status":"open","sticky":false,"template":"","format":"standard","meta":{"colormag_page_layout":"default_layout","footnotes":""},"categories":[1],"tags":[],"class_list":["post-1377","post","type-post","status-publish","format-standard","hentry","category-nuestras-luchas"],"_links":{"self":[{"href":"https:\/\/cospacc.org\/index.php?rest_route=\/wp\/v2\/posts\/1377","targetHints":{"allow":["GET"]}}],"collection":[{"href":"https:\/\/cospacc.org\/index.php?rest_route=\/wp\/v2\/posts"}],"about":[{"href":"https:\/\/cospacc.org\/index.php?rest_route=\/wp\/v2\/types\/post"}],"author":[{"embeddable":true,"href":"https:\/\/cospacc.org\/index.php?rest_route=\/wp\/v2\/users\/2"}],"replies":[{"embeddable":true,"href":"https:\/\/cospacc.org\/index.php?rest_route=%2Fwp%2Fv2%2Fcomments&post=1377"}],"version-history":[{"count":2,"href":"https:\/\/cospacc.org\/index.php?rest_route=\/wp\/v2\/posts\/1377\/revisions"}],"predecessor-version":[{"id":1380,"href":"https:\/\/cospacc.org\/index.php?rest_route=\/wp\/v2\/posts\/1377\/revisions\/1380"}],"wp:attachment":[{"href":"https:\/\/cospacc.org\/index.php?rest_route=%2Fwp%2Fv2%2Fmedia&parent=1377"}],"wp:term":[{"taxonomy":"category","embeddable":true,"href":"https:\/\/cospacc.org\/index.php?rest_route=%2Fwp%2Fv2%2Fcategories&post=1377"},{"taxonomy":"post_tag","embeddable":true,"href":"https:\/\/cospacc.org\/index.php?rest_route=%2Fwp%2Fv2%2Ftags&post=1377"}],"curies":[{"name":"wp","href":"https:\/\/api.w.org\/{rel}","templated":true}]}}