{"id":143,"date":"2019-02-04T19:29:25","date_gmt":"2019-02-04T19:29:25","guid":{"rendered":"https:\/\/cospacc.org\/?p=143"},"modified":"2019-02-04T19:38:21","modified_gmt":"2019-02-04T19:38:21","slug":"comunidades-campesinas-victimas-de-las-fuerzas-armadas-en-boyaca","status":"publish","type":"post","link":"https:\/\/cospacc.org\/?p=143","title":{"rendered":"Comunidades campesinas v\u00edctimas de las Fuerzas Armadas en Boyac\u00e1"},"content":{"rendered":"\n<p>Fotos: archivo Organizaciones sociales y de Derechos Humanos de Boyac\u00e1<\/p>\n\n\n\n<ul class=\"wp-block-gallery columns-3 is-cropped wp-block-gallery-1 is-layout-flex wp-block-gallery-is-layout-flex\"><li class=\"blocks-gallery-item\"><figure><img loading=\"lazy\" decoding=\"async\" width=\"756\" height=\"567\" src=\"https:\/\/cospacc.org\/wp-content\/uploads\/2019\/02\/Ocobe.jpg\" alt=\"\" data-id=\"144\" data-link=\"https:\/\/cospacc.org\/?attachment_id=144\" class=\"wp-image-144\" srcset=\"https:\/\/cospacc.org\/wp-content\/uploads\/2019\/02\/Ocobe.jpg 756w, https:\/\/cospacc.org\/wp-content\/uploads\/2019\/02\/Ocobe-300x225.jpg 300w\" sizes=\"auto, (max-width: 756px) 100vw, 756px\" \/><\/figure><\/li><li class=\"blocks-gallery-item\"><figure><img loading=\"lazy\" decoding=\"async\" width=\"756\" height=\"567\" src=\"https:\/\/cospacc.org\/wp-content\/uploads\/2019\/02\/ocobe-3.jpg\" alt=\"\" data-id=\"145\" data-link=\"https:\/\/cospacc.org\/?attachment_id=145\" class=\"wp-image-145\" srcset=\"https:\/\/cospacc.org\/wp-content\/uploads\/2019\/02\/ocobe-3.jpg 756w, https:\/\/cospacc.org\/wp-content\/uploads\/2019\/02\/ocobe-3-300x225.jpg 300w\" sizes=\"auto, (max-width: 756px) 100vw, 756px\" \/><\/figure><\/li><li class=\"blocks-gallery-item\"><figure><img loading=\"lazy\" decoding=\"async\" width=\"756\" height=\"567\" src=\"https:\/\/cospacc.org\/wp-content\/uploads\/2019\/02\/Ocobe-2.jpg\" alt=\"\" data-id=\"146\" data-link=\"https:\/\/cospacc.org\/?attachment_id=146\" class=\"wp-image-146\" srcset=\"https:\/\/cospacc.org\/wp-content\/uploads\/2019\/02\/Ocobe-2.jpg 756w, https:\/\/cospacc.org\/wp-content\/uploads\/2019\/02\/Ocobe-2-300x225.jpg 300w\" sizes=\"auto, (max-width: 756px) 100vw, 756px\" \/><\/figure><\/li><li class=\"blocks-gallery-item\"><figure><img loading=\"lazy\" decoding=\"async\" width=\"756\" height=\"567\" src=\"https:\/\/cospacc.org\/wp-content\/uploads\/2019\/02\/ocube-3.jpg\" alt=\"\" data-id=\"147\" data-link=\"https:\/\/cospacc.org\/?attachment_id=147\" class=\"wp-image-147\" srcset=\"https:\/\/cospacc.org\/wp-content\/uploads\/2019\/02\/ocube-3.jpg 756w, https:\/\/cospacc.org\/wp-content\/uploads\/2019\/02\/ocube-3-300x225.jpg 300w\" sizes=\"auto, (max-width: 756px) 100vw, 756px\" \/><\/figure><\/li><\/ul>\n\n\n\n<p>DENUNCIA P\u00daBLICA<\/p>\n\n\n\n<p>Las organizaciones sociales y defensores de Derechos Humanos de Boyac\u00e1, denunciamos, la violaci\u00f3n sistem\u00e1tica a la vida, la integridad, la libertad, la persecuci\u00f3n, la estigmatizaci\u00f3n, el hostigamiento y los se\u00f1alamientos hacia la comunidad campesina de las veredas de Sabanalarga y Ocob\u00e9 de los municipios de Pajarito y Labranzagrande por parte de las Fuerza Armadas de Colombia.<\/p>\n\n\n\n<p>ANTECEDENTES<\/p>\n\n\n\n<p>En el a\u00f1o 2016 en las veredas de Ocob\u00e9 del municipio de Labranzagrande, las Fuerzas Armadas, en cabeza del Batall\u00f3n Tarqui, efectuaron ataques con armas de fuego v\u00eda a\u00e9rea, dejando rastros de casquillos en el patio de algunas casas, entre ellas la de la familia Alfonso Alarc\u00f3n.<\/p>\n\n\n\n<p>Las Fuerzas Armadas durante varios a\u00f1os han estigmatizado perseguido, se\u00f1alado y hostigado a la comunidad del \u00e1rea rural de Pajarito y Labranza grande, siendo sistem\u00e1tico las requisas de las cargas que transportan por los caminos de herradura, generando da\u00f1o y p\u00e9rdida en los mismos.<\/p>\n\n\n\n<p>A trav\u00e9s de una denuncia p\u00fablica, con fecha 30 de diciembre<em>[1]<\/em>&nbsp;se dieron a conocer hechos que defensores de derechos humanos con acompa\u00f1amiento internacional realizaron una visita al terreno para la respectiva verificaci\u00f3n.<\/p>\n\n\n\n<p>HECHOS<\/p>\n\n\n\n<ol class=\"wp-block-list\"><li>El s\u00e1bado 15 de diciembre a la 1:30 Am, en la vereda Ocob\u00e9 del municipio de Labranzagrande la Brigada XVI del Ej\u00e9rcito Nacional, efectu\u00f3 un ataque por bombardeo, que alcanzo bienes civiles, en dos detonaciones que impactaron la finca de la familia Alfonso Alarc\u00f3n, encontr\u00e1ndose la vivienda a 200 metros de distancia del \u00e1rea de impacto, en la que estaban los 3 integrantes de esta familia.<\/li><li>Desde la 1:50 am hasta las 4:00 am aproximadamente desembarcaron en dos ocasiones integrantes del Ej\u00e9rcito, en un helic\u00f3ptero que aterrizo a unos 50 metros de la vivienda.<\/li><li>Sobre las 6:00 am, miembros del Ej\u00e9rcito ingresan a la vivienda, efectuando un allanamiento ilegal e impidiendo que los 3 miembros de esta familia salieran de su propiedad, lo cual configura una detenci\u00f3n arbitraria, incluso cuando la se\u00f1ora de la familia manifest\u00f3 que su hija se encontraba por los d\u00edas de parto.<\/li><li>A las 8:00am descienden 6 Polic\u00edas de un helic\u00f3ptero, los cuales ordenan a la familia salir de la casa, entregar sus documentos de identificaci\u00f3n y les obligan a firmar un documento, del cual no tienen conocimiento de su contenido, para este momento se encontraban aproximadamente 100 agentes en el predio y sus alrededores.<\/li><li>El domingo 16 de diciembre a las 3:00 pm descienden de un helic\u00f3ptero 6 agentes de la Fuerza A\u00e9rea, quienes realizan preguntas a la familia sobre los da\u00f1os materiales e integridad f\u00edsica, producto del bombardeo, haci\u00e9ndoles firmar un documento, del que desconoc\u00edan su contenido.<\/li><li>Miembros de la Fuerza A\u00e9rea, Polic\u00eda y Ej\u00e9rcito, se retiran en helic\u00f3ptero, quedando 50 soldados aproximadamente, de la Brigada XVI quienes durante tres d\u00edas privan de la libertan a los miembros de esta familia.<\/li><li>El capit\u00e1n del operativo se\u00f1al\u00f3 al joven de la familia, de pertenecer a grupos de la insurgencia y lo amenaz\u00f3 dici\u00e9ndole \u201c<em>si lo vemos por un camino solo, lo prendo a plomo\u201d.<\/em><\/li><li>El joven de la familia es amenazado con ser retenido y llevado arbitrariamente de la finca, a lo cual su madre lo impide argumentando que es una violaci\u00f3n a los derechos humanos, raz\u00f3n por la cual desisten de llev\u00e1rselo.<\/li><li>Estos militares se\u00f1alaron a la familia de tener elementos b\u00e9licos y ser colaboradores de grupos insurgentes.<\/li><li>Resultado del ataque por bombardeo, esta familia sufri\u00f3, da\u00f1o psicol\u00f3gico, adem\u00e1s perdidas en cultivo de ca\u00f1a de az\u00facar, maderas nativas, carne, infraestructura de la ramada del trapiche.<\/li><li><\/li><\/ol>\n\n\n\n<p><strong>INVESTIGACI\u00d3N, SANCIONES PENALES Y DISCIPLINARIAS<\/strong><\/p>\n\n\n\n<p>Exigimos el respeto y garant\u00eda de la vida, la integridad y la seguridad de las personas que se ven afectadas por los hechos que se denuncian, as\u00ed como de la comunidad de los municipios de Pajarito y Labranzagrande que han sido v\u00edctimas de constante estigmatizaci\u00f3n y se\u00f1alamiento por parte de la Fuerza P\u00fablica y en especial a la Brigada XVI acorde con los lineamientos constitucionales y el Derecho Internacional Humanitario que los rige en el marco del conflicto armado, toda vez que han atentado contra civiles mediante amenazas y perjuicios a sus bienes, reteni\u00e9ndolos adem\u00e1s contra su voluntad durante tres d\u00edas.<\/p>\n\n\n\n<p>Solicitamos de manera urgente la investigaci\u00f3n de estos hechos por parte de las entidades de control disciplinario como la Procuradur\u00eda y de las entidades de Derechos Humanos como Defensor\u00eda del Pueblo y Personer\u00eda.<\/p>\n\n\n\n<p><em>[1]HOSTIGAMIENTO Y PERSECUCI\u00d3N A COMUNIDADES CAMPESINAS EN BOYAC\u00c1, 30 diciembre 2018. Disponible en Internet: http:\/\/centroriente.org\/hostigamiento-y-persecucion-a-comunidades-campesinas-en-boyaca\/.<\/em><\/p>\n\n\n\n<p>Firman:<\/p>\n\n\n\n<p>ASONALCA Asociaci\u00f3n Campesina Antonio Gal\u00e1n Zorro<\/p>\n\n\n\n<p>COSPACC Corporaci\u00f3n Social Para la Asesor\u00eda y Capacitaci\u00f3n Comunitaria<\/p>\n","protected":false},"excerpt":{"rendered":"<p>Fotos: archivo Organizaciones sociales y de Derechos Humanos de Boyac\u00e1 DENUNCIA P\u00daBLICA Las organizaciones sociales y defensores de Derechos Humanos<\/p>\n","protected":false},"author":1,"featured_media":0,"comment_status":"open","ping_status":"open","sticky":false,"template":"","format":"standard","meta":{"colormag_page_layout":"default_layout","footnotes":""},"categories":[1],"tags":[],"class_list":["post-143","post","type-post","status-publish","format-standard","hentry","category-nuestras-luchas"],"_links":{"self":[{"href":"https:\/\/cospacc.org\/index.php?rest_route=\/wp\/v2\/posts\/143","targetHints":{"allow":["GET"]}}],"collection":[{"href":"https:\/\/cospacc.org\/index.php?rest_route=\/wp\/v2\/posts"}],"about":[{"href":"https:\/\/cospacc.org\/index.php?rest_route=\/wp\/v2\/types\/post"}],"author":[{"embeddable":true,"href":"https:\/\/cospacc.org\/index.php?rest_route=\/wp\/v2\/users\/1"}],"replies":[{"embeddable":true,"href":"https:\/\/cospacc.org\/index.php?rest_route=%2Fwp%2Fv2%2Fcomments&post=143"}],"version-history":[{"count":4,"href":"https:\/\/cospacc.org\/index.php?rest_route=\/wp\/v2\/posts\/143\/revisions"}],"predecessor-version":[{"id":152,"href":"https:\/\/cospacc.org\/index.php?rest_route=\/wp\/v2\/posts\/143\/revisions\/152"}],"wp:attachment":[{"href":"https:\/\/cospacc.org\/index.php?rest_route=%2Fwp%2Fv2%2Fmedia&parent=143"}],"wp:term":[{"taxonomy":"category","embeddable":true,"href":"https:\/\/cospacc.org\/index.php?rest_route=%2Fwp%2Fv2%2Fcategories&post=143"},{"taxonomy":"post_tag","embeddable":true,"href":"https:\/\/cospacc.org\/index.php?rest_route=%2Fwp%2Fv2%2Ftags&post=143"}],"curies":[{"name":"wp","href":"https:\/\/api.w.org\/{rel}","templated":true}]}}