{"id":182,"date":"2019-03-03T06:45:59","date_gmt":"2019-03-03T06:45:59","guid":{"rendered":"https:\/\/cospacc.org\/?p=182"},"modified":"2019-03-03T12:07:26","modified_gmt":"2019-03-03T12:07:26","slug":"denuncia-publica","status":"publish","type":"post","link":"https:\/\/cospacc.org\/?p=182","title":{"rendered":"Denuncia p\u00fablica"},"content":{"rendered":"\n<p><strong>Amenaza contra l\u00edder estudiantil de la UPTC &#8211; Duitama<\/strong><\/p>\n\n\n\n<figure class=\"wp-block-image\"><img loading=\"lazy\" decoding=\"async\" width=\"750\" height=\"500\" src=\"https:\/\/cospacc.org\/wp-content\/uploads\/2019\/03\/MEU-mayo.jpg\" alt=\"\" class=\"wp-image-183\" srcset=\"https:\/\/cospacc.org\/wp-content\/uploads\/2019\/03\/MEU-mayo.jpg 750w, https:\/\/cospacc.org\/wp-content\/uploads\/2019\/03\/MEU-mayo-300x200.jpg 300w\" sizes=\"auto, (max-width: 750px) 100vw, 750px\" \/><\/figure>\n\n\n\n<p><\/p>\n\n\n\n<p><strong>LA CORPORACI\u00d3N SOCIAL PARA LA ASESOR\u00cdA Y CAPACITACI\u00d3N COMUNITARIA (COSPACC) DENUNCIA P\u00daBLICAMENTE LA AMENAZA CONTRA L\u00cdDER ESTUDIANTIL DE LA UPTC, INTEGRANTE DE LA ASOCIACI\u00d3N NACIONAL DE J\u00d3VENES Y ESTUDIANTES DE COLOMBIA (ANJECO) EN BOYAC\u00c1.<\/strong><\/p>\n\n\n\n<p>ANTECEDENTES<\/p>\n\n\n\n<p>Bryam Hern\u00e1ndez, estudiante de Dise\u00f1o\nIndustrial de la UPTC seccional Duitama, se ha caracterizado por su trabajo\nestudiantil, pol\u00edtico y organizativo. Producto de esa labor como l\u00edder\nestudiantil, ha sido se\u00f1alado, hostigado y estigmatizado por sectores pol\u00edticos\ny en redes sociales. Estos hechos est\u00e1n en conocimiento de la Fiscal\u00eda General\nde la Naci\u00f3n, pero dicha entidad no ha investigado el caso de manera diligente.<\/p>\n\n\n\n<p>HECHOS<\/p>\n\n\n\n<p>PRIMERO. El d\u00eda 27 de febrero de 2019, sobre\nlas 9:00 pm, el compa\u00f1ero Bryam Hern\u00e1ndez se dirig\u00eda a su casa en las\ninmediaciones de la UPTC sede Duitama.<\/p>\n\n\n\n<p>SEGUNDO. A pocos metros de su vivienda, Bryam\nHern\u00e1ndez fue abordado de manera violenta por dos sujetos que no se\nidentificaron, uno de ellos lo empuj\u00f3 abruptamente contra una pared y con un\narma blanca le amenaz\u00f3, advirti\u00e9ndole: \u201cNo se meta m\u00e1s en l\u00edos, no se meta\ndonde no debe, usted sabe a qu\u00e9 me refiero, la pr\u00f3xima vez no vamos a tener\npiedad\u201d, haciendo referencia al trabajo organizativo que adelanta el compa\u00f1ero\nen la Universidad. <\/p>\n\n\n\n<p>En concordancia con lo anterior advertimos a\nla comunidad boyacense, a las organizaciones de derechos humanos, a la\npersoner\u00eda, a la defensor\u00eda del pueblo, a la Alcald\u00eda de Duitama, a la\nGobernaci\u00f3n de Boyac\u00e1 y al Gobierno Nacional sobre el riesgo inminente en el\nque se encuentra el compa\u00f1ero mencionado, as\u00ed como los dem\u00e1s l\u00edderes\nestudiantiles de la UPTC.<\/p>\n\n\n\n<p>Responsabilizamos en primera instancia a la\nadministraci\u00f3n de la UPTC encabezada por el Rector \u00d3scar Ram\u00edrez, a la Polic\u00eda\nNacional, al gobernador Carlos Amaya, al presidente Iv\u00e1n Duque y a todas las\ninstituciones que tienen el deber de protecci\u00f3n a las personas, por las\nrepercusiones que puedan llegar a suceder contra la vida, integridad y libertad\ndel l\u00edder estudiantil Bryam Hern\u00e1ndez. <\/p>\n\n\n\n<p>Exigimos al Estado colombiano que garantice la\nvida, la debida protecci\u00f3n, la integridad de los integrantes de Anjeco,\nespec\u00edficamente de Bryam Hern\u00e1ndez.<\/p>\n\n\n\n<p>Que las autoridades competentes aseguren la\nrealizaci\u00f3n de una investigaci\u00f3n exhaustiva y urgente con el fin de frenar\ncualquier acci\u00f3n contra los l\u00edderes estudiantiles de la UPTC y las\norganizaciones sociales que tengan presencia en la misma.<\/p>\n\n\n\n<p>A la Fiscal\u00eda General de la Naci\u00f3n, dar\ntr\u00e1mite expedito a las denuncias expuestas por l\u00edderes sociales, estudiantiles\ny defensores de derechos humanos. Se proceda a realizar una investigaci\u00f3n\neficaz que individualice a los autores de estos delitos, con el fin de evitar\nrepeticiones a estas series de amenazas.<\/p>\n","protected":false},"excerpt":{"rendered":"<p>Amenaza contra l\u00edder estudiantil de la UPTC &#8211; Duitama LA CORPORACI\u00d3N SOCIAL PARA LA ASESOR\u00cdA Y CAPACITACI\u00d3N COMUNITARIA (COSPACC) DENUNCIA<\/p>\n","protected":false},"author":1,"featured_media":0,"comment_status":"open","ping_status":"open","sticky":false,"template":"","format":"standard","meta":{"colormag_page_layout":"default_layout","footnotes":""},"categories":[1],"tags":[37,18,39,35,38],"class_list":["post-182","post","type-post","status-publish","format-standard","hentry","category-nuestras-luchas","tag-denuncia-publica","tag-derechos-humanos","tag-estudiantes","tag-lideres-sociales","tag-uptc"],"_links":{"self":[{"href":"https:\/\/cospacc.org\/index.php?rest_route=\/wp\/v2\/posts\/182","targetHints":{"allow":["GET"]}}],"collection":[{"href":"https:\/\/cospacc.org\/index.php?rest_route=\/wp\/v2\/posts"}],"about":[{"href":"https:\/\/cospacc.org\/index.php?rest_route=\/wp\/v2\/types\/post"}],"author":[{"embeddable":true,"href":"https:\/\/cospacc.org\/index.php?rest_route=\/wp\/v2\/users\/1"}],"replies":[{"embeddable":true,"href":"https:\/\/cospacc.org\/index.php?rest_route=%2Fwp%2Fv2%2Fcomments&post=182"}],"version-history":[{"count":3,"href":"https:\/\/cospacc.org\/index.php?rest_route=\/wp\/v2\/posts\/182\/revisions"}],"predecessor-version":[{"id":186,"href":"https:\/\/cospacc.org\/index.php?rest_route=\/wp\/v2\/posts\/182\/revisions\/186"}],"wp:attachment":[{"href":"https:\/\/cospacc.org\/index.php?rest_route=%2Fwp%2Fv2%2Fmedia&parent=182"}],"wp:term":[{"taxonomy":"category","embeddable":true,"href":"https:\/\/cospacc.org\/index.php?rest_route=%2Fwp%2Fv2%2Fcategories&post=182"},{"taxonomy":"post_tag","embeddable":true,"href":"https:\/\/cospacc.org\/index.php?rest_route=%2Fwp%2Fv2%2Ftags&post=182"}],"curies":[{"name":"wp","href":"https:\/\/api.w.org\/{rel}","templated":true}]}}