{"id":188,"date":"2019-03-23T23:01:41","date_gmt":"2019-03-23T23:01:41","guid":{"rendered":"https:\/\/cospacc.org\/?p=188"},"modified":"2019-03-23T23:39:35","modified_gmt":"2019-03-23T23:39:35","slug":"presentacion-caso-tipo-parcial-sobre-violencia-politica-en-la-provincia-de-lengupa-boyaca","status":"publish","type":"post","link":"https:\/\/cospacc.org\/?p=188","title":{"rendered":"Presentaci\u00f3n caso tipo parcial sobre violencia pol\u00edtica en la provincia de Lengup\u00e1 Boyac\u00e1."},"content":{"rendered":"\n<p>La\nprovincia de Lengup\u00e1, ubicada en el departamento de Boyac\u00e1, es uno de los\nlugares de Colombia que ha padecido la violencia pol\u00edtica por parte de actores\narmados. Desde el a\u00f1o 2010 COSPACC adelanta un proceso de documentaci\u00f3n de los\ncasos de v\u00edctimas con el \u00e1nimo de romper el silencio y exigir garant\u00edas de\nverdad, justicia, reparaci\u00f3n y garant\u00edas de no repetici\u00f3n. <\/p>\n\n\n\n<p style=\"text-align:left\">Producto del proceso de documentaci\u00f3n y an\u00e1lisis colectivo en el que se fueron sumando asociaciones de v\u00edctimas de la regi\u00f3n como las de Miraflores, San Eduardo, Berbeo, Campo Hermoso y algunas organizaciones locales como la corporaci\u00f3n Tejiendo OSC, tambi\u00e9n a nivel nacional el Banco de Datos del CINEP y la alianza de b\u00fasqueda de personas desaparecidas forzadamente.<\/p>\n\n\n\n<p> El pr\u00f3ximo domingo 31 de marzo del a\u00f1o en curso, de 9.00 a.m. a 1.00 p.m. en el sal\u00f3n parroquial del municipio de Miraflores se realizar\u00e1 el lanzamiento del Caso Tipo No. 14 \u201c<strong>Hilando voces, tejiendo memorias. Tras las huellas de la violencia de Lengup\u00e1, Boyac\u00e1<\/strong>\u201d como un documento parcial de memoria hist\u00f3rica que evidencia el contexto de la violencia en la provincia de Lengup\u00e1; contiene los casos documentados al 2018 y en \u00e9l se reconocen diversos tipos de cr\u00edmenes y hechos victimizantes contra la poblaci\u00f3n y las organizaciones sociales de la regi\u00f3n.<\/p>\n\n\n\n<p>Equipo Cospacc, marzo de 2019<\/p>\n","protected":false},"excerpt":{"rendered":"<p>La provincia de Lengup\u00e1, ubicada en el departamento de Boyac\u00e1, es uno de los lugares de Colombia que ha padecido<\/p>\n","protected":false},"author":1,"featured_media":189,"comment_status":"open","ping_status":"open","sticky":false,"template":"","format":"standard","meta":{"colormag_page_layout":"default_layout","footnotes":""},"categories":[1],"tags":[],"class_list":["post-188","post","type-post","status-publish","format-standard","has-post-thumbnail","hentry","category-nuestras-luchas"],"_links":{"self":[{"href":"https:\/\/cospacc.org\/index.php?rest_route=\/wp\/v2\/posts\/188","targetHints":{"allow":["GET"]}}],"collection":[{"href":"https:\/\/cospacc.org\/index.php?rest_route=\/wp\/v2\/posts"}],"about":[{"href":"https:\/\/cospacc.org\/index.php?rest_route=\/wp\/v2\/types\/post"}],"author":[{"embeddable":true,"href":"https:\/\/cospacc.org\/index.php?rest_route=\/wp\/v2\/users\/1"}],"replies":[{"embeddable":true,"href":"https:\/\/cospacc.org\/index.php?rest_route=%2Fwp%2Fv2%2Fcomments&post=188"}],"version-history":[{"count":3,"href":"https:\/\/cospacc.org\/index.php?rest_route=\/wp\/v2\/posts\/188\/revisions"}],"predecessor-version":[{"id":193,"href":"https:\/\/cospacc.org\/index.php?rest_route=\/wp\/v2\/posts\/188\/revisions\/193"}],"wp:featuredmedia":[{"embeddable":true,"href":"https:\/\/cospacc.org\/index.php?rest_route=\/wp\/v2\/media\/189"}],"wp:attachment":[{"href":"https:\/\/cospacc.org\/index.php?rest_route=%2Fwp%2Fv2%2Fmedia&parent=188"}],"wp:term":[{"taxonomy":"category","embeddable":true,"href":"https:\/\/cospacc.org\/index.php?rest_route=%2Fwp%2Fv2%2Fcategories&post=188"},{"taxonomy":"post_tag","embeddable":true,"href":"https:\/\/cospacc.org\/index.php?rest_route=%2Fwp%2Fv2%2Ftags&post=188"}],"curies":[{"name":"wp","href":"https:\/\/api.w.org\/{rel}","templated":true}]}}