{"id":197,"date":"2019-04-07T02:33:02","date_gmt":"2019-04-07T02:33:02","guid":{"rendered":"https:\/\/cospacc.org\/?p=197"},"modified":"2019-06-13T17:58:45","modified_gmt":"2019-06-13T17:58:45","slug":"hilar-voces-tejer-memorias-la-propuesta-de-las-victimas-en-lengupa","status":"publish","type":"post","link":"https:\/\/cospacc.org\/?p=197","title":{"rendered":"Hilar voces, tejer memorias, la propuesta de las v\u00edctimas en Lengup\u00e1"},"content":{"rendered":"\n<figure class=\"wp-block-image\"><img loading=\"lazy\" decoding=\"async\" width=\"1024\" height=\"768\" src=\"https:\/\/cospacc.org\/wp-content\/uploads\/2019\/04\/lengupa-c6-1-1024x768.jpg\" alt=\"\" class=\"wp-image-205\" srcset=\"https:\/\/cospacc.org\/wp-content\/uploads\/2019\/04\/lengupa-c6-1-1024x768.jpg 1024w, https:\/\/cospacc.org\/wp-content\/uploads\/2019\/04\/lengupa-c6-1-300x225.jpg 300w, https:\/\/cospacc.org\/wp-content\/uploads\/2019\/04\/lengupa-c6-1-768x576.jpg 768w, https:\/\/cospacc.org\/wp-content\/uploads\/2019\/04\/lengupa-c6-1.jpg 1152w\" sizes=\"auto, (max-width: 1024px) 100vw, 1024px\" \/><\/figure>\n\n\n\n<p>La violencia en este departamento, tiene algunos hitos como en los a\u00f1os cincuenta con la guerra bipartidista entre liberales y conservadores, la historia de los Chulavitas<em>[1]&nbsp;<\/em>el embri\u00f3n que dio nacimiento a los grupos de autodefensas y paramilitares en Colombia. Tampoco se puede olvidar que en Puerto Boyac\u00e1 tuvieron origen las Autodefensas Unidas de Colombia -AUC-<em>[2]<\/em>&nbsp;las cuales sembraron el terror en el pa\u00eds. Incluso este municipio es considerado como la capital antisubversiva de Colombia.<\/p>\n\n\n\n<ul class=\"wp-block-gallery columns-3 is-cropped wp-block-gallery-1 is-layout-flex wp-block-gallery-is-layout-flex\"><li class=\"blocks-gallery-item\"><figure><img loading=\"lazy\" decoding=\"async\" width=\"1024\" height=\"768\" src=\"https:\/\/cospacc.org\/wp-content\/uploads\/2019\/04\/Lengupa-C-1024x768.jpg\" alt=\"\" data-id=\"198\" class=\"wp-image-198\" srcset=\"https:\/\/cospacc.org\/wp-content\/uploads\/2019\/04\/Lengupa-C-1024x768.jpg 1024w, https:\/\/cospacc.org\/wp-content\/uploads\/2019\/04\/Lengupa-C-300x225.jpg 300w, https:\/\/cospacc.org\/wp-content\/uploads\/2019\/04\/Lengupa-C-768x576.jpg 768w, https:\/\/cospacc.org\/wp-content\/uploads\/2019\/04\/Lengupa-C.jpg 1152w\" sizes=\"auto, (max-width: 1024px) 100vw, 1024px\" \/><\/figure><\/li><li class=\"blocks-gallery-item\"><figure><img loading=\"lazy\" decoding=\"async\" width=\"1024\" height=\"768\" src=\"https:\/\/cospacc.org\/wp-content\/uploads\/2019\/04\/lengupa-c4-1024x768.jpg\" alt=\"\" data-id=\"199\" data-link=\"https:\/\/cospacc.org\/?attachment_id=199\" class=\"wp-image-199\" srcset=\"https:\/\/cospacc.org\/wp-content\/uploads\/2019\/04\/lengupa-c4-1024x768.jpg 1024w, https:\/\/cospacc.org\/wp-content\/uploads\/2019\/04\/lengupa-c4-300x225.jpg 300w, https:\/\/cospacc.org\/wp-content\/uploads\/2019\/04\/lengupa-c4-768x576.jpg 768w, https:\/\/cospacc.org\/wp-content\/uploads\/2019\/04\/lengupa-c4.jpg 1152w\" sizes=\"auto, (max-width: 1024px) 100vw, 1024px\" \/><\/figure><\/li><li class=\"blocks-gallery-item\"><figure><img loading=\"lazy\" decoding=\"async\" width=\"1024\" height=\"768\" src=\"https:\/\/cospacc.org\/wp-content\/uploads\/2019\/04\/Lengupa-c1-1024x768.jpg\" alt=\"\" data-id=\"200\" data-link=\"https:\/\/cospacc.org\/?attachment_id=200\" class=\"wp-image-200\" srcset=\"https:\/\/cospacc.org\/wp-content\/uploads\/2019\/04\/Lengupa-c1-1024x768.jpg 1024w, https:\/\/cospacc.org\/wp-content\/uploads\/2019\/04\/Lengupa-c1-300x225.jpg 300w, https:\/\/cospacc.org\/wp-content\/uploads\/2019\/04\/Lengupa-c1-768x576.jpg 768w, https:\/\/cospacc.org\/wp-content\/uploads\/2019\/04\/Lengupa-c1.jpg 1152w\" sizes=\"auto, (max-width: 1024px) 100vw, 1024px\" \/><\/figure><\/li><li class=\"blocks-gallery-item\"><figure><img loading=\"lazy\" decoding=\"async\" width=\"1024\" height=\"768\" src=\"https:\/\/cospacc.org\/wp-content\/uploads\/2019\/04\/lengupa-c6-1024x768.jpg\" alt=\"\" data-id=\"201\" data-link=\"https:\/\/cospacc.org\/?attachment_id=201\" class=\"wp-image-201\" srcset=\"https:\/\/cospacc.org\/wp-content\/uploads\/2019\/04\/lengupa-c6-1024x768.jpg 1024w, https:\/\/cospacc.org\/wp-content\/uploads\/2019\/04\/lengupa-c6-300x225.jpg 300w, https:\/\/cospacc.org\/wp-content\/uploads\/2019\/04\/lengupa-c6-768x576.jpg 768w, https:\/\/cospacc.org\/wp-content\/uploads\/2019\/04\/lengupa-c6.jpg 1152w\" sizes=\"auto, (max-width: 1024px) 100vw, 1024px\" \/><\/figure><\/li><li class=\"blocks-gallery-item\"><figure><img loading=\"lazy\" decoding=\"async\" width=\"1024\" height=\"768\" src=\"https:\/\/cospacc.org\/wp-content\/uploads\/2019\/04\/lengupa-c2-1024x768.jpg\" alt=\"\" data-id=\"206\" data-link=\"https:\/\/cospacc.org\/?attachment_id=206\" class=\"wp-image-206\" srcset=\"https:\/\/cospacc.org\/wp-content\/uploads\/2019\/04\/lengupa-c2-1024x768.jpg 1024w, https:\/\/cospacc.org\/wp-content\/uploads\/2019\/04\/lengupa-c2-300x225.jpg 300w, https:\/\/cospacc.org\/wp-content\/uploads\/2019\/04\/lengupa-c2-768x576.jpg 768w, https:\/\/cospacc.org\/wp-content\/uploads\/2019\/04\/lengupa-c2.jpg 1152w\" sizes=\"auto, (max-width: 1024px) 100vw, 1024px\" \/><\/figure><\/li><\/ul>\n\n\n\n<p>Boyac\u00e1, es uno de los departamentos donde se pretendi\u00f3 invisibilizar la violencia. De las masacres que all\u00ed perpetraron los paramilitares poco se sabe, igual de las v\u00edctimas del conflicto social y pol\u00edtico, especialmente en la provincia de Lengup\u00e1.<\/p>\n\n\n\n<p>Ante la necesidad de construir memoria. Comunidades, organizaciones sociales y de derechos humanos el pasado 31 marzo de 2019, en Miraflores \u2013 Boyac\u00e1, desarrollaron el lanzamiento del Caso tipo n\u00famero 14 Hilando voces, tejiendo memorias, tras la huella de la violencia vivida desde los a\u00f1os 80\u2019s hasta el 2005. resultado parcial de un proceso de investigaci\u00f3n que tiene como objetivo la b\u00fasqueda e identificaci\u00f3n de personas desaparecidas.<\/p>\n\n\n\n<p>Para los habitantes que vivieron esta \u00e9poca, el n\u00famero de v\u00edctimas es indeterminado, \u201c<em>hasta este lugar, los paramilitares llevaban a sus v\u00edctimas, para luego lanzarlas de este precipicio al lecho del r\u00edo Lengup\u00e1<\/em>\u201c.<\/p>\n\n\n\n<p>Para Tatiana Triana, de la corporaci\u00f3n COSPACC, \u201c<em>se viene adelantando un proceso de investigaci\u00f3n con el fin de aportar a la memoria y la verdad, y visibilizar los procesos de violencia. El lanzamiento de Hilando voces, tejiendo memorias, tras la huella de la violencia en Lengup\u00e1 Boyac\u00e1, como un primer producto, que entregamos a la regi\u00f3n y a la naci\u00f3n, evidenciando y visibilizando los casos que se presentaron, en Lengup\u00e1 \u2013 Boyac\u00e1, documentados desde 1985 hasta el a\u00f1o 2005<\/em>\u201d. Asegur\u00f3.<\/p>\n\n\n\n<p>Yolanda Acevedo una de las v\u00edctimas narr\u00f3 \u201c<em>El hecho victimizante fue la desaparici\u00f3n de mi hermano, con alegr\u00eda expongo mi caso, porque muchos se van a dar cuenta que s\u00ed me quitaron un miembro de mi familia, que sali\u00f3 a la luz p\u00fablica ese caso que tanto duele, ejemplo para que muchos otros, lo tomen y lo hagan, lo que se hasta haciendo es llevar una voz a estas v\u00edctimas que no quieren hablar, que no quieren decir lo que sucedi\u00f3, decirles hablen, comenten para que salga a la luz p\u00fablica, por dicen que la regi\u00f3n de Lengup\u00e1 no tiene violencia, pero si la tenemos<\/em>\u201d<\/p>\n\n\n\n<p>Tomado de:   <br><a href=\"https:\/\/trochandosinfronteras.info\/hilar-voces-tejer-memorias-la-propuesta-de-las-victimas-en-lengupa\/?fbclid=IwAR2Dgm-OKNQvYPulN3k1VJIbYlXEeE-nvZCIs8pjxnjt1-LmpdZmOr54SIg\">https:\/\/trochandosinfronteras.info\/hilar-voces-tejer-memorias-la-propuesta-de-las-victimas-en-lengupa\/?fbclid=IwAR2Dgm-OKNQvYPulN3k1VJIbYlXEeE-nvZCIs8pjxnjt1-LmpdZmOr54SIg<\/a> <br><br><\/p>\n","protected":false},"excerpt":{"rendered":"<p>La violencia en este departamento, tiene algunos hitos como en los a\u00f1os cincuenta con la guerra bipartidista entre liberales y<\/p>\n","protected":false},"author":1,"featured_media":0,"comment_status":"open","ping_status":"open","sticky":false,"template":"","format":"gallery","meta":{"colormag_page_layout":"default_layout","footnotes":""},"categories":[15],"tags":[14,24,40,41],"class_list":["post-197","post","type-post","status-publish","format-gallery","hentry","category-derechos-humanos","tag-ddhh","tag-lengupa","tag-memoria","tag-victimas","post_format-post-format-gallery"],"_links":{"self":[{"href":"https:\/\/cospacc.org\/index.php?rest_route=\/wp\/v2\/posts\/197","targetHints":{"allow":["GET"]}}],"collection":[{"href":"https:\/\/cospacc.org\/index.php?rest_route=\/wp\/v2\/posts"}],"about":[{"href":"https:\/\/cospacc.org\/index.php?rest_route=\/wp\/v2\/types\/post"}],"author":[{"embeddable":true,"href":"https:\/\/cospacc.org\/index.php?rest_route=\/wp\/v2\/users\/1"}],"replies":[{"embeddable":true,"href":"https:\/\/cospacc.org\/index.php?rest_route=%2Fwp%2Fv2%2Fcomments&post=197"}],"version-history":[{"count":2,"href":"https:\/\/cospacc.org\/index.php?rest_route=\/wp\/v2\/posts\/197\/revisions"}],"predecessor-version":[{"id":207,"href":"https:\/\/cospacc.org\/index.php?rest_route=\/wp\/v2\/posts\/197\/revisions\/207"}],"wp:attachment":[{"href":"https:\/\/cospacc.org\/index.php?rest_route=%2Fwp%2Fv2%2Fmedia&parent=197"}],"wp:term":[{"taxonomy":"category","embeddable":true,"href":"https:\/\/cospacc.org\/index.php?rest_route=%2Fwp%2Fv2%2Fcategories&post=197"},{"taxonomy":"post_tag","embeddable":true,"href":"https:\/\/cospacc.org\/index.php?rest_route=%2Fwp%2Fv2%2Ftags&post=197"}],"curies":[{"name":"wp","href":"https:\/\/api.w.org\/{rel}","templated":true}]}}