{"id":208,"date":"2019-04-12T20:51:29","date_gmt":"2019-04-12T20:51:29","guid":{"rendered":"https:\/\/cospacc.org\/?p=208"},"modified":"2019-04-12T20:51:29","modified_gmt":"2019-04-12T20:51:29","slug":"denuncia-publica-2","status":"publish","type":"post","link":"https:\/\/cospacc.org\/?p=208","title":{"rendered":"DENUNCIA PUBLICA"},"content":{"rendered":"\n<p>Hoy 12 de abril de 2019 denunciamos a la opini\u00f3n p\u00fablica regional, nacional e internacional los siguientes hechos.<\/p>\n\n\n\n<figure class=\"wp-block-image\"><img loading=\"lazy\" decoding=\"async\" width=\"640\" height=\"640\" src=\"https:\/\/cospacc.org\/wp-content\/uploads\/2019\/04\/Serlidersocial.jpeg\" alt=\"\" class=\"wp-image-209\" srcset=\"https:\/\/cospacc.org\/wp-content\/uploads\/2019\/04\/Serlidersocial.jpeg 640w, https:\/\/cospacc.org\/wp-content\/uploads\/2019\/04\/Serlidersocial-150x150.jpeg 150w, https:\/\/cospacc.org\/wp-content\/uploads\/2019\/04\/Serlidersocial-300x300.jpeg 300w, https:\/\/cospacc.org\/wp-content\/uploads\/2019\/04\/Serlidersocial-100x100.jpeg 100w\" sizes=\"auto, (max-width: 640px) 100vw, 640px\" \/><\/figure>\n\n\n\n<ol class=\"wp-block-list\"><li>La persecuci\u00f3n sistem\u00e1tica, asesinatos, atentados,\namenazas, y estigmatizaci\u00f3n a l\u00edderes sociales en Casanare.<\/li><li>Denunciamos la detenci\u00f3n en horas de la ma\u00f1ana\ndel d\u00eda de ayer 11 de abril de 2019 de los Integrantes de <strong>La Asociaci\u00f3n Nacional Campesina Jos\u00e9 Antonio Gal\u00e1n Zorro \u2013 ASONALCA, FREDY\nADOLFO FIGUEROA y CARLOS ROMERO.<\/strong><\/li><li>Tanto <strong>Freddy\nFigueroa<\/strong> c\u00f3mo <strong>Carlos Romero<\/strong> se\nPresentaron de forma voluntaria a la <strong>Fiscal\u00eda\nGeneral De La Naci\u00f3n<\/strong> seccional <strong>CASANARE<\/strong>\nel pasado 19 noviembre del 2018 en Yopal Casanare d\u00f3nde el fiscal Encinales\nmanifest\u00f3 que revisada la base de datos ellos no ten\u00edan ning\u00fan requerimiento\npor la justicia.<\/li><\/ol>\n\n\n\n<p>Por lo anterior solicitamos al Ministerio P\u00fablico, Procuradur\u00eda General de la Naci\u00f3n su intervenci\u00f3n como garantes del respeto de los derechos humanos y exigimos a la Fiscal\u00eda y autoridades judiciales garantizar el debido proceso.<\/p>\n\n\n\n<p>Una vez m\u00e1s rechazamos estos hechos que reiteran la\nconstante persecuci\u00f3n al movimiento social en Casanare.<\/p>\n\n\n\n<p>Firma:<\/p>\n\n\n\n<p><strong>CORPORACI\u00d3N SOCIAL PARA LA ASESOR\u00cdA Y\nCAPACITACI\u00d3N COMUNITARIA<\/strong><\/p>\n\n\n\n<p><strong>\u2013&nbsp;<\/strong><em><strong>COSPACC &#8211; <\/strong><\/em><\/p>\n","protected":false},"excerpt":{"rendered":"<p>Hoy 12 de abril de 2019 denunciamos a la opini\u00f3n p\u00fablica regional, nacional e internacional los siguientes hechos. La persecuci\u00f3n<\/p>\n","protected":false},"author":1,"featured_media":0,"comment_status":"open","ping_status":"open","sticky":false,"template":"","format":"standard","meta":{"colormag_page_layout":"default_layout","footnotes":""},"categories":[1],"tags":[17,37,18],"class_list":["post-208","post","type-post","status-publish","format-standard","hentry","category-nuestras-luchas","tag-casanare","tag-denuncia-publica","tag-derechos-humanos"],"_links":{"self":[{"href":"https:\/\/cospacc.org\/index.php?rest_route=\/wp\/v2\/posts\/208","targetHints":{"allow":["GET"]}}],"collection":[{"href":"https:\/\/cospacc.org\/index.php?rest_route=\/wp\/v2\/posts"}],"about":[{"href":"https:\/\/cospacc.org\/index.php?rest_route=\/wp\/v2\/types\/post"}],"author":[{"embeddable":true,"href":"https:\/\/cospacc.org\/index.php?rest_route=\/wp\/v2\/users\/1"}],"replies":[{"embeddable":true,"href":"https:\/\/cospacc.org\/index.php?rest_route=%2Fwp%2Fv2%2Fcomments&post=208"}],"version-history":[{"count":1,"href":"https:\/\/cospacc.org\/index.php?rest_route=\/wp\/v2\/posts\/208\/revisions"}],"predecessor-version":[{"id":210,"href":"https:\/\/cospacc.org\/index.php?rest_route=\/wp\/v2\/posts\/208\/revisions\/210"}],"wp:attachment":[{"href":"https:\/\/cospacc.org\/index.php?rest_route=%2Fwp%2Fv2%2Fmedia&parent=208"}],"wp:term":[{"taxonomy":"category","embeddable":true,"href":"https:\/\/cospacc.org\/index.php?rest_route=%2Fwp%2Fv2%2Fcategories&post=208"},{"taxonomy":"post_tag","embeddable":true,"href":"https:\/\/cospacc.org\/index.php?rest_route=%2Fwp%2Fv2%2Ftags&post=208"}],"curies":[{"name":"wp","href":"https:\/\/api.w.org\/{rel}","templated":true}]}}