{"id":212,"date":"2019-04-22T21:02:26","date_gmt":"2019-04-22T21:02:26","guid":{"rendered":"https:\/\/cospacc.org\/?p=212"},"modified":"2019-06-13T17:57:54","modified_gmt":"2019-06-13T17:57:54","slug":"lanzamiento-caso-tipo-no-14-hilando-voces-tejiendo-memoria","status":"publish","type":"post","link":"https:\/\/cospacc.org\/?p=212","title":{"rendered":"Lanzamiento Caso tipo No 14: Hilando voces, tejiendo memoria"},"content":{"rendered":"\n<p>El pr\u00f3ximo s\u00e1bado 27 de abril a las 9.00 am se realizar\u00e1 el lanzamiento del Caso Tipo No 14 Hilando voces, tejiendo memorias. Tras las huellas de la violencia de Lengup\u00e1, Boyac\u00e1.<\/p>\n\n\n\n<figure class=\"wp-block-image\"><img loading=\"lazy\" decoding=\"async\" width=\"682\" height=\"1024\" src=\"https:\/\/cospacc.org\/wp-content\/uploads\/2019\/04\/WhatsApp-Image-2019-04-18-at-13.19.20-682x1024.jpeg\" alt=\"\" class=\"wp-image-213\" srcset=\"https:\/\/cospacc.org\/wp-content\/uploads\/2019\/04\/WhatsApp-Image-2019-04-18-at-13.19.20-682x1024.jpeg 682w, https:\/\/cospacc.org\/wp-content\/uploads\/2019\/04\/WhatsApp-Image-2019-04-18-at-13.19.20-200x300.jpeg 200w, https:\/\/cospacc.org\/wp-content\/uploads\/2019\/04\/WhatsApp-Image-2019-04-18-at-13.19.20-768x1152.jpeg 768w, https:\/\/cospacc.org\/wp-content\/uploads\/2019\/04\/WhatsApp-Image-2019-04-18-at-13.19.20.jpeg 853w\" sizes=\"auto, (max-width: 682px) 100vw, 682px\" \/><\/figure>\n\n\n\n<p>Tendr\u00e1 lugar en la Casa de la Cultura del municipio de P\u00e1ez, en la provincia de Lengup\u00e1.<\/p>\n","protected":false},"excerpt":{"rendered":"<p>El pr\u00f3ximo s\u00e1bado 27 de abril a las 9.00 am se realizar\u00e1 el lanzamiento del Caso Tipo No 14 Hilando<\/p>\n","protected":false},"author":1,"featured_media":0,"comment_status":"open","ping_status":"open","sticky":false,"template":"","format":"standard","meta":{"colormag_page_layout":"default_layout","footnotes":""},"categories":[15],"tags":[14,24,40],"class_list":["post-212","post","type-post","status-publish","format-standard","hentry","category-derechos-humanos","tag-ddhh","tag-lengupa","tag-memoria"],"_links":{"self":[{"href":"https:\/\/cospacc.org\/index.php?rest_route=\/wp\/v2\/posts\/212","targetHints":{"allow":["GET"]}}],"collection":[{"href":"https:\/\/cospacc.org\/index.php?rest_route=\/wp\/v2\/posts"}],"about":[{"href":"https:\/\/cospacc.org\/index.php?rest_route=\/wp\/v2\/types\/post"}],"author":[{"embeddable":true,"href":"https:\/\/cospacc.org\/index.php?rest_route=\/wp\/v2\/users\/1"}],"replies":[{"embeddable":true,"href":"https:\/\/cospacc.org\/index.php?rest_route=%2Fwp%2Fv2%2Fcomments&post=212"}],"version-history":[{"count":1,"href":"https:\/\/cospacc.org\/index.php?rest_route=\/wp\/v2\/posts\/212\/revisions"}],"predecessor-version":[{"id":214,"href":"https:\/\/cospacc.org\/index.php?rest_route=\/wp\/v2\/posts\/212\/revisions\/214"}],"wp:attachment":[{"href":"https:\/\/cospacc.org\/index.php?rest_route=%2Fwp%2Fv2%2Fmedia&parent=212"}],"wp:term":[{"taxonomy":"category","embeddable":true,"href":"https:\/\/cospacc.org\/index.php?rest_route=%2Fwp%2Fv2%2Fcategories&post=212"},{"taxonomy":"post_tag","embeddable":true,"href":"https:\/\/cospacc.org\/index.php?rest_route=%2Fwp%2Fv2%2Ftags&post=212"}],"curies":[{"name":"wp","href":"https:\/\/api.w.org\/{rel}","templated":true}]}}