{"id":222,"date":"2019-04-24T19:58:58","date_gmt":"2019-04-24T19:58:58","guid":{"rendered":"https:\/\/cospacc.org\/?p=222"},"modified":"2019-04-24T19:58:58","modified_gmt":"2019-04-24T19:58:58","slug":"continua-persecucion-a-lideres-y-lideresas-sociales-en-el-departamento-de-casanare","status":"publish","type":"post","link":"https:\/\/cospacc.org\/?p=222","title":{"rendered":"CONTIN\u00daA PERSECUCI\u00d3N A L\u00cdDERES Y LIDERESAS SOCIALES EN EL DEPARTAMENTO DE CASANARE"},"content":{"rendered":"\n<p>Casanare, octubre 1 de 2018<\/p>\n\n\n\n<pre class=\"wp-block-preformatted\">COMUNICADO A LA OPINI\u00d3N P\u00daBLICA<br><br><br><br><\/pre>\n\n\n\n<p>Las organizaciones sociales del departamento de Casanare como parte del Movimiento Pol\u00edtico de\u00a0Masas Social y Popular del Centro Oriente de Colombia y del Congreso de los Pueblos denunciamos\u00a0a la comunidad internacional y nacional los hechos de criminalizaci\u00f3n y persecusi\u00f3n a los que el\u00a0Estado colombiano somete a los l\u00edderes y lideresas del departamento.<\/p>\n\n\n\n<figure class=\"wp-block-image\"><img loading=\"lazy\" decoding=\"async\" width=\"720\" height=\"480\" src=\"https:\/\/cospacc.org\/wp-content\/uploads\/2019\/04\/Miriam-Periferia.png\" alt=\"\" class=\"wp-image-223\" srcset=\"https:\/\/cospacc.org\/wp-content\/uploads\/2019\/04\/Miriam-Periferia.png 720w, https:\/\/cospacc.org\/wp-content\/uploads\/2019\/04\/Miriam-Periferia-300x200.png 300w\" sizes=\"auto, (max-width: 720px) 100vw, 720px\" \/><figcaption>foto tomada de: Peri\u00f3dico Periferia <\/figcaption><\/figure>\n\n\n\n<p>En horas de la madrugada del d\u00eda lunes primero de Octubre miembros del Gaula de la polic\u00eda llegaron&nbsp;&nbsp;a la vivienda de la Lideresa social Alix Miriam Aguilar en la ciudad de Yopal, Casanare. Luego de&nbsp;realizar un allanamiento proceden a capturar a la lideresa social en un nuevo caso de falso positivo&nbsp;judicial y de criminalizaci\u00f3n de la organizaci\u00f3n popular.<\/p>\n\n\n\n<p>Alix Miriam es una reconocida lideresa social de la ciudad, su labor social ha estado encaminada a&nbsp;impulsar los movimientos en b\u00fasqueda de vivienda digna, Miriam es adem\u00e1s presidenta del comit\u00e9&nbsp;municipal de la Asociaci\u00f3n de Mujeres Unidas Por Casanare -ASMUC-, organizaci\u00f3n que ha&nbsp;entablado acciones legales y leg\u00edtimas en defensa de los derechos de las clases populares y con la&nbsp;cual la gobernaci\u00f3n del Casanare y diferentes alcald\u00edas se han sentado en espacios de di\u00e1logo&nbsp;interlocuci\u00f3n y negociaci\u00f3n, siendo ella misma vocera. Resaltamos que El Estado colombiano en<br>lugar de ofrecer soluciones a la problem\u00e1tica de vivienda, persigue a los l\u00edderes y lideresas y busca&nbsp;encarcerlarlas.<\/p>\n\n\n\n<p>La persecuci\u00f3n a Alix Miriam ha sido reiterativa y ha tomado cada vez mayores niveles de\u00a0hostigamiento por parte de las fuerzas estatales, en el a\u00f1o 2015, tambi\u00e9n su lugar de residencia fue\u00a0allanado, sin encontrar ning\u00fan tipo de material probatorio o ilegal. Sin embargo si emprendieron una\u00a0campa\u00f1a medi\u00e1tica de se\u00f1alamiento y persecusi\u00f3n. Debido a esta persecuci\u00f3n, Miriam cuenta en la\u00a0actualidad con medidas de protecci\u00f3n de la Unidad Nacional de Protecci\u00f3n.<\/p>\n\n\n\n<p>Estos allanamientos y detenciones se dan en un marco de criminalizaci\u00f3n de la protesta social, donde&nbsp;se cuentan en los \u00faltimos a\u00f1os m\u00e1s de 460 asesinatos -como el presentado en Trinidad Casanare&nbsp;contra el l\u00edder social y ambiental Daniel Abril en el que est\u00e1n vinculados miembros de la brigada XVI-,&nbsp;decenas de casos de judicializaciones, capturas masivas, procesos y acusaciones.<\/p>\n\n\n\n<p>De igual manera todos estos hechos se profundizan con la llegada de un gobierno con tintes fascistas&nbsp;donde el ministro de defensa plantea regular la protesta social y declara que quienes se manifiestan&nbsp;est\u00e1n financiados por la mafia. Todas estas medidas est\u00e1n encaminadas a romper la capacidad&nbsp;organizativa y de lucha del pueblo colombiano, resquebrajar el tejido social y por esta v\u00eda brindar&nbsp;mayores garant\u00edas para el despojo de los territorios, empeorar las condiciones de los trabajadores y&nbsp;trabajadoras y aumentar las ganancias del gran capital.<\/p>\n\n\n\n<p>Hacemos un llamado a las organizaciones sociales, de mujeres, campesinas, j\u00f3venes, ind\u00edgenas,&nbsp;estudiantiles, de afrocolombianos, defensoras de los derechos humanos, culturales y en general al&nbsp;movimiento popular del pa\u00eds a acompa\u00f1ar las personas, familias y procesos sociales perseguidos.<\/p>\n\n\n\n<p>A la comunidad internacional a denunciar y presionar al gobierno de Iv\u00e1n Duque por estos falsos&nbsp;positivos judiciales visibilizando las pr\u00e1cticas de exterminio y acallamiento contra el movimiento&nbsp;social.<\/p>\n\n\n\n<pre class=\"wp-block-preformatted\">Asociaci\u00f3n de Mujeres Unidas Por Casanare -ASMUCAsociaci\u00f3n\nNacional de J\u00f3venes y Estudiantes de Colombia -ANJECOAsociaci\u00f3n\nNacional Campesina Jos\u00e9 Antonio Gal\u00e1n Zorro -ASONALCACorporaci\u00f3n\nSocial Para La Asesor\u00eda y Capacitaci\u00f3n Comunitaria -COSPACC-<\/pre>\n","protected":false},"excerpt":{"rendered":"<p>Casanare, octubre 1 de 2018 COMUNICADO A LA OPINI\u00d3N P\u00daBLICA Las organizaciones sociales del departamento de Casanare como parte del<\/p>\n","protected":false},"author":1,"featured_media":0,"comment_status":"open","ping_status":"open","sticky":false,"template":"","format":"standard","meta":{"colormag_page_layout":"default_layout","footnotes":""},"categories":[1],"tags":[17,45],"class_list":["post-222","post","type-post","status-publish","format-standard","hentry","category-nuestras-luchas","tag-casanare","tag-judicializacion"],"_links":{"self":[{"href":"https:\/\/cospacc.org\/index.php?rest_route=\/wp\/v2\/posts\/222","targetHints":{"allow":["GET"]}}],"collection":[{"href":"https:\/\/cospacc.org\/index.php?rest_route=\/wp\/v2\/posts"}],"about":[{"href":"https:\/\/cospacc.org\/index.php?rest_route=\/wp\/v2\/types\/post"}],"author":[{"embeddable":true,"href":"https:\/\/cospacc.org\/index.php?rest_route=\/wp\/v2\/users\/1"}],"replies":[{"embeddable":true,"href":"https:\/\/cospacc.org\/index.php?rest_route=%2Fwp%2Fv2%2Fcomments&post=222"}],"version-history":[{"count":1,"href":"https:\/\/cospacc.org\/index.php?rest_route=\/wp\/v2\/posts\/222\/revisions"}],"predecessor-version":[{"id":224,"href":"https:\/\/cospacc.org\/index.php?rest_route=\/wp\/v2\/posts\/222\/revisions\/224"}],"wp:attachment":[{"href":"https:\/\/cospacc.org\/index.php?rest_route=%2Fwp%2Fv2%2Fmedia&parent=222"}],"wp:term":[{"taxonomy":"category","embeddable":true,"href":"https:\/\/cospacc.org\/index.php?rest_route=%2Fwp%2Fv2%2Fcategories&post=222"},{"taxonomy":"post_tag","embeddable":true,"href":"https:\/\/cospacc.org\/index.php?rest_route=%2Fwp%2Fv2%2Ftags&post=222"}],"curies":[{"name":"wp","href":"https:\/\/api.w.org\/{rel}","templated":true}]}}