{"id":226,"date":"2019-04-24T20:05:24","date_gmt":"2019-04-24T20:05:24","guid":{"rendered":"https:\/\/cospacc.org\/?p=226"},"modified":"2019-04-24T20:05:24","modified_gmt":"2019-04-24T20:05:24","slug":"hermes-jose-burgos-fiscal-de-asonalca-detenido-en-falso-positivo-judicial","status":"publish","type":"post","link":"https:\/\/cospacc.org\/?p=226","title":{"rendered":"HERMES JOS\u00c9 BURGOS, FISCAL DE -ASONALCA- DETENIDO EN FALSO POSITIVO JUDICIAL"},"content":{"rendered":"\n<p><em>Centro oriente de Colombia, 2 de octubre de 2018<\/em><\/p>\n\n\n\n<pre class=\"wp-block-preformatted\"><em>Comunicado a la opini\u00f3n p\u00fablica<br><\/em><br><br><\/pre>\n\n\n\n<p><strong>Detenido el compa\u00f1ero Hermes Jos\u00e9 Burgos, Fiscal de ASONALCA.<\/strong><\/p>\n\n\n\n<p><\/p>\n\n\n\n<figure class=\"wp-block-image\"><img loading=\"lazy\" decoding=\"async\" width=\"1024\" height=\"768\" src=\"https:\/\/cospacc.org\/wp-content\/uploads\/2019\/04\/hERMES-1024x768.jpg\" alt=\"\" class=\"wp-image-227\" srcset=\"https:\/\/cospacc.org\/wp-content\/uploads\/2019\/04\/hERMES-1024x768.jpg 1024w, https:\/\/cospacc.org\/wp-content\/uploads\/2019\/04\/hERMES-300x225.jpg 300w, https:\/\/cospacc.org\/wp-content\/uploads\/2019\/04\/hERMES-768x576.jpg 768w, https:\/\/cospacc.org\/wp-content\/uploads\/2019\/04\/hERMES.jpg 1040w\" sizes=\"auto, (max-width: 1024px) 100vw, 1024px\" \/><\/figure>\n\n\n\n<p>La Asociaci\u00f3n Nacional Campesina Jos\u00e9 Antonio Gal\u00e1n Zorro -ASONALCA- repudia, rechaza y denuncia la detenci\u00f3n del compa\u00f1ero Hermes Jos\u00e9 Burgos, campesino forjado al calor de la lucha quien se desempe\u00f1a como Fiscal de nuestra asociaci\u00f3n y promotor de la misma en los distintos departamentos del Centro Oriente.<\/p>\n\n\n\n<p>Esta detenci\u00f3n se presenta en momentos en que se arrecia la violencia y la estigmatizaci\u00f3n de las fuerzas del r\u00e9gimen contra las comunidades organizadas. En los \u00faltimos a\u00f1os, ASONALCA ha denunciado p\u00fablicamente seguimientos, intimidaciones, persecuci\u00f3n, falsos positivos judiciales y asesinatos contra miembros de nuestra Asociaci\u00f3n en los departamentos de Arauca, Boyac\u00e1, Santander, Casanare y Norte de Santander, siendo los casos m\u00e1s graves los asesinatos cometidos contra nuestros compa\u00f1eros Arley Mogoll\u00f3n en el municipio de Saravena Arauca y Daniel Abril en Trinidad, Casanare. Todas las denuncias que hemos realizado tienen como denominador com\u00fan la desidia y falta de voluntad del Estado colombiano en esclarecer las agresiones contra los l\u00edderes sociales y campesinos.<\/p>\n\n\n\n<p>El caso de nuestro compa\u00f1ero Hermes se enmarca a nivel nacional en el genocidio y la violencia pol\u00edtica impulsada por las fuerzas estatales y para-estatales contra los l\u00edderes sociales registrando en los \u00faltimos a\u00f1os m\u00e1s de 460 asesinatos, 60 falsos positivos judiciales y capturas masivas que ante la falta de pruebas caen como las ocurridas en el sur de bol\u00edvar, cesar y Nari\u00f1o.<\/p>\n\n\n\n<p>No es una persecuci\u00f3n aislada, los intereses de profundizar el modelo econ\u00f3mico de muerte y desolaci\u00f3n chocan con las comunidades organizadas y luchadoras, los actos victimizantes y las detenciones arrecian luego de jornadas de movilizaci\u00f3n y acciones colectivas en defensa de los territorios y las comunidades.<\/p>\n\n\n\n<p>En palabras de nuestro compa\u00f1ero Hermes \u201clas mazmorras del Estado son lugares que nos obligan a ser m\u00e1s fuertes, las c\u00e1rceles son lugares de aprendizaje y lucha para los l\u00edderes y las dirigencias de las comunidades, mi compromiso es de convicci\u00f3n en el proceso social, en defensa del pueblo colombiano y en confrontaci\u00f3n a las pol\u00edticas de despojo y arrasamiento del Estado\u201d.<\/p>\n\n\n\n<p>Reiteramos la denuncia contra la clase oligarca de este pa\u00eds que en combinaci\u00f3n de las formas de represi\u00f3n golpean a los movimientos populares. Reiteramos nuestra apuesta por la construcci\u00f3n de un nuevo sistema agroalimentario para un pa\u00eds Sin Hambre para las clases trabajadoras y renovamos nuestra vocaci\u00f3n de lucha y construcci\u00f3n de poder popular.<\/p>\n\n\n\n<p>Exigimos la liberaci\u00f3n inmediata de nuestro compa\u00f1ero Hermes Jos\u00e9 Burgos y la de los dem\u00e1s l\u00edderes y lideresas sociales v\u00edctimas de montajes judiciales, gritamos: Ser l\u00edder social no es delito.<\/p>\n\n\n\n<p>Las c\u00e1rceles y la muerte son la respuesta de los tiranos contra un pueblo que reclama, justicia, libertad y vida digna.<\/p>\n\n\n\n<p><strong>Asociaci\u00f3n Nacional Campesina Jos\u00e9 Antonio Gal\u00e1n Zorro -ASONALCA-<\/strong><\/p>\n\n\n\n<p><strong>Corporaci\u00f3n Social para la Asesor\u00eda y Capacitaci\u00f3n Comunitaria &#8211; COSPACC-<\/strong><\/p>\n","protected":false},"excerpt":{"rendered":"<p>Centro oriente de Colombia, 2 de octubre de 2018 Comunicado a la opini\u00f3n p\u00fablica Detenido el compa\u00f1ero Hermes Jos\u00e9 Burgos,<\/p>\n","protected":false},"author":1,"featured_media":0,"comment_status":"open","ping_status":"open","sticky":false,"template":"","format":"standard","meta":{"colormag_page_layout":"default_layout","footnotes":""},"categories":[15],"tags":[17,14,45,35],"class_list":["post-226","post","type-post","status-publish","format-standard","hentry","category-derechos-humanos","tag-casanare","tag-ddhh","tag-judicializacion","tag-lideres-sociales"],"_links":{"self":[{"href":"https:\/\/cospacc.org\/index.php?rest_route=\/wp\/v2\/posts\/226","targetHints":{"allow":["GET"]}}],"collection":[{"href":"https:\/\/cospacc.org\/index.php?rest_route=\/wp\/v2\/posts"}],"about":[{"href":"https:\/\/cospacc.org\/index.php?rest_route=\/wp\/v2\/types\/post"}],"author":[{"embeddable":true,"href":"https:\/\/cospacc.org\/index.php?rest_route=\/wp\/v2\/users\/1"}],"replies":[{"embeddable":true,"href":"https:\/\/cospacc.org\/index.php?rest_route=%2Fwp%2Fv2%2Fcomments&post=226"}],"version-history":[{"count":1,"href":"https:\/\/cospacc.org\/index.php?rest_route=\/wp\/v2\/posts\/226\/revisions"}],"predecessor-version":[{"id":228,"href":"https:\/\/cospacc.org\/index.php?rest_route=\/wp\/v2\/posts\/226\/revisions\/228"}],"wp:attachment":[{"href":"https:\/\/cospacc.org\/index.php?rest_route=%2Fwp%2Fv2%2Fmedia&parent=226"}],"wp:term":[{"taxonomy":"category","embeddable":true,"href":"https:\/\/cospacc.org\/index.php?rest_route=%2Fwp%2Fv2%2Fcategories&post=226"},{"taxonomy":"post_tag","embeddable":true,"href":"https:\/\/cospacc.org\/index.php?rest_route=%2Fwp%2Fv2%2Ftags&post=226"}],"curies":[{"name":"wp","href":"https:\/\/api.w.org\/{rel}","templated":true}]}}