{"id":229,"date":"2019-04-24T20:22:06","date_gmt":"2019-04-24T20:22:06","guid":{"rendered":"https:\/\/cospacc.org\/?p=229"},"modified":"2019-04-24T20:22:06","modified_gmt":"2019-04-24T20:22:06","slug":"denuncia-publica-3","status":"publish","type":"post","link":"https:\/\/cospacc.org\/?p=229","title":{"rendered":"Denuncia p\u00fablica"},"content":{"rendered":"\n<p><strong>ORGANIZACIONES SOCIALES DE CASANARE DENUNCIAN P\u00daBLICAMENTE ANTE LA OPINI\u00d3N P\u00daBLICA NACIONAL E INTERNACIONAL Y ANTE LOS ORGANISMOS COMPETENTES LA DETENCI\u00d3N ARBITRARIA DEL L\u00cdDER SOCIAL E INTEGRANTE DE CONGRESO DE LOS PUEBLOS, JONATHAN CAMARGO.<\/strong><\/p>\n\n\n\n<figure class=\"wp-block-image\"><img loading=\"lazy\" decoding=\"async\" width=\"1024\" height=\"768\" src=\"https:\/\/cospacc.org\/wp-content\/uploads\/2019\/04\/Jonathan-1024x768.jpg\" alt=\"\" class=\"wp-image-230\" srcset=\"https:\/\/cospacc.org\/wp-content\/uploads\/2019\/04\/Jonathan-1024x768.jpg 1024w, https:\/\/cospacc.org\/wp-content\/uploads\/2019\/04\/Jonathan-300x225.jpg 300w, https:\/\/cospacc.org\/wp-content\/uploads\/2019\/04\/Jonathan-768x576.jpg 768w, https:\/\/cospacc.org\/wp-content\/uploads\/2019\/04\/Jonathan.jpg 1040w\" sizes=\"auto, (max-width: 1024px) 100vw, 1024px\" \/><figcaption>Plant\u00f3n Ser L\u00edder Social No Es Delito &#8211; Yopal Casanare<\/figcaption><\/figure>\n\n\n\n<p><strong>ANTECEDENTES<\/strong><\/p>\n\n\n\n<p>Jonathan Camargo se ha\ncaracterizado por el liderazgo estudiantil y social. En ocasi\u00f3n a su trabajo\npol\u00edtico con las organizaciones sociales de Congreso de los Pueblos, ha sido\nobjeto de hostigamientos, persecuci\u00f3n y amenazas que han puesto en riesgo su\nvida, seguridad e integridad, raz\u00f3n por la cual en el a\u00f1o 2018 se inici\u00f3 una\nruta de protecci\u00f3n con la Defensor\u00eda del Pueblo y la Unidad Nacional de\nProtecci\u00f3n. <\/p>\n\n\n\n<p><strong>HECHOS<\/strong><\/p>\n\n\n\n<p><strong>1.\n<\/strong>El d\u00eda 23 de\nabril de 2019 el l\u00edder social <strong>JONATHAN\nCAMARGO BAUTISTA<\/strong> asisti\u00f3 en la ciudad de Yopal, Casanare, a la reuni\u00f3n\npreparatoria del Paro C\u00edvico Nacional convocado por organizaciones sociales,\nc\u00edvicas y populares para el 25 de abril, en rechazo al Plan Nacional de\nDesarrollo. <\/p>\n\n\n\n<p><strong>2.<\/strong> Siendo las 8:00 pm del 23 de\nabril de 2019, patrulleros de polic\u00eda que se transportaban en motocicleta y\nagentes de la SIJIN que se transportaban en un veh\u00edculo de transporte p\u00fablico\n(taxi) abordaron a tres l\u00edderes sociales, entre ellos a <strong>JONATHAN CAMARGO BAUTISTA <\/strong>en un procedimiento de requisa e\nidentificaci\u00f3n, registraron sus elementos personales, solicitaron sus\ndocumentos y pudieron evidenciar que no hay requerimiento alguno contra el l\u00edder\nsocial. <\/p>\n\n\n\n<p><strong>3.<\/strong> <strong>JONATHAN CAMARGO BAUTISTA <\/strong>fue conducido por los agentes en el\nveh\u00edculo de transporte p\u00fablico (taxi) a las instalaciones del Comando\nDepartamental de Polic\u00eda de Casanare.<\/p>\n\n\n\n<p><strong>4.<\/strong> En estas instalaciones el\nl\u00edder social fue sometido a un proceso de <strong>individualizaci\u00f3n,\ninterrogatorio, plena identificaci\u00f3n focalizada que incluy\u00f3 requisa, revisi\u00f3n\nde documentos personales, celular y agendas. <\/strong>Posterior a dicho\nprocedimiento se le permiti\u00f3 abandonar las instalaciones del Comando.<\/p>\n\n\n\n<p><strong>DENUNCIAMOS\n<\/strong>la pol\u00edtica de\npersecuci\u00f3n, seguimiento, individualizaci\u00f3n, judicializaci\u00f3n y estigmatizaci\u00f3n\nal que son sometidos\/as los\/as lideres sociales en Colombia, y en este caso, en\nel departamento de Casanare.<\/p>\n\n\n\n<p>Los siguientes procedimientos\nirregulares: <\/p>\n\n\n\n<ul class=\"wp-block-list\"><li>Los\nagentes brindaron falsa informaci\u00f3n a los dos compa\u00f1eros de <strong>JONATHAN CAMARGO, <\/strong>toda vez que\nexpresaron queser\u00eda conducido al\nCAI del barrio \u201cEl Progreso\u201d, sin embargo, cuando sus compa\u00f1eros se dirigieron\na este lugar a preguntar por el l\u00edder social, les respondieron que no ten\u00edan\ninformaci\u00f3n o anotaci\u00f3n. Desde que lo subieron al taxi, no se tuvo conocimiento\nde su paradero durante 30 minutos.<\/li><\/ul>\n\n\n\n<ul class=\"wp-block-list\"><li>A\npesar de encontrarse en la zona urbana de la ciudad de Yopal, el procedimiento\nse realiz\u00f3 transportando al l\u00edder social en un veh\u00edculo, al parecer, de\ntransporte p\u00fablico.<\/li><\/ul>\n\n\n\n<ul class=\"wp-block-list\"><li>La\nrealizaci\u00f3n de una serie de preguntas focalizadas entorno a la identidad y\nlabor social de <strong>JONATHAN CAMARGO\nBAUTISTA<\/strong>, al interior del taxi que se dirig\u00eda sin rumbo definido,\nrealizadas por dos agentes de la SIJIN que no se identificaron, y quienes\nposteriormente procedieron a adelantar el proceso de indagaci\u00f3n en SPOA, para\nponer a Jonathan a disposici\u00f3n de un nuevo grupo, en esta ocasi\u00f3n, de 3 agentes\nencabezados por el Capit\u00e1n Jair Morales- Jefe departamental de la SIJIN\nCasanare, quien tambi\u00e9n realiz\u00f3 un procedimiento de indagaci\u00f3n sobre la\nidentidad, caracter\u00edsticas y funciones de la labor social de Jonathan.<\/li><\/ul>\n\n\n\n<p><strong>Solicitamos\n<\/strong>a la\nProcuradur\u00eda General de la Naci\u00f3n, Contralor\u00eda, Defensor\u00eda, Personer\u00eda y dem\u00e1s\nentes de control, se vigilen las actuaciones de la Polic\u00eda Nacional y agentes\ninvolucrados en acciones que impliquen la individualizaci\u00f3n de lideres\nsociales, ya que estas alertan, intimidan y ponen en riesgo la funci\u00f3n social\ncontemplada en la Constituci\u00f3n y la Ley.<\/p>\n\n\n\n<p><strong>Responsabilizamos\n<\/strong>al Estado\nColombiano en cabeza del se\u00f1or IVAN DUQUE MARQUEZ, el Ministerio de Defensa y a\nla Polic\u00eda Nacional por las violaciones a los derechos humanos cometidas por\nintegrantes de las fuerzas regulares del Estado colombiano contra dirigentes y\nl\u00edderes sociales.<\/p>\n\n\n\n<p><strong>Exigimos <\/strong>al Estado colombiano que\ngarantice la vida, la debida protecci\u00f3n, la libertad y la integridad de los\nintegrantes de las organizaciones sociales de Casanare, espec\u00edficamente de <strong>JONATHAN CAMARGO BAUTISTA.<\/strong><strong><\/strong><\/p>\n\n\n\n<p>Que las autoridades competentes\naseguren la realizaci\u00f3n de una investigaci\u00f3n exhaustiva y urgente con el fin de\nproceder con las sanciones a las que haya lugar y se logre detener cualquier\nacci\u00f3n contra la vida, la seguridad, la libertad y la integridad los l\u00edderes y\nlas organizaciones sociales de Casanare.<\/p>\n\n\n\n<p>A la Fiscal\u00eda General de la Naci\u00f3n, dar\ntr\u00e1mite expedito a las denuncias expuestas por l\u00edderes sociales y organizaciones\ndefensoras de derechos humanos. Se proceda a realizar una investigaci\u00f3n eficaz\nque individualice y acuse a los autores de estos hechos, con el fin de evitar\nrepeticiones a estas series de amenazas.<\/p>\n\n\n\n<p><strong>FIRMA<\/strong><\/p>\n\n\n\n<p>Corporaci\u00f3n Social para la Asesor\u00eda y\nCapacitaci\u00f3n Comunitaria <\/p>\n\n\n\n<p><strong>COSPACC<\/strong><\/p>\n\n\n\n<p><strong>COPIA\nA:<\/strong><\/p>\n\n\n\n<ul class=\"wp-block-list\"><li>Oficina\npara el Alto Comisionado para los Derechos Humanos de Naciones Unidas<\/li><li>Procuradur\u00eda\nGeneral de la Naci\u00f3n<\/li><li>Subcomisi\u00f3n\nde garant\u00edas y derechos humanos de la Cumbre Nacional Agraria Campesina, \u00c9tnica\ny Popular<\/li><\/ul>\n","protected":false},"excerpt":{"rendered":"<p>ORGANIZACIONES SOCIALES DE CASANARE DENUNCIAN P\u00daBLICAMENTE ANTE LA OPINI\u00d3N P\u00daBLICA NACIONAL E INTERNACIONAL Y ANTE LOS ORGANISMOS COMPETENTES LA DETENCI\u00d3N<\/p>\n","protected":false},"author":1,"featured_media":0,"comment_status":"open","ping_status":"open","sticky":false,"template":"","format":"standard","meta":{"colormag_page_layout":"default_layout","footnotes":""},"categories":[1],"tags":[],"class_list":["post-229","post","type-post","status-publish","format-standard","hentry","category-nuestras-luchas"],"_links":{"self":[{"href":"https:\/\/cospacc.org\/index.php?rest_route=\/wp\/v2\/posts\/229","targetHints":{"allow":["GET"]}}],"collection":[{"href":"https:\/\/cospacc.org\/index.php?rest_route=\/wp\/v2\/posts"}],"about":[{"href":"https:\/\/cospacc.org\/index.php?rest_route=\/wp\/v2\/types\/post"}],"author":[{"embeddable":true,"href":"https:\/\/cospacc.org\/index.php?rest_route=\/wp\/v2\/users\/1"}],"replies":[{"embeddable":true,"href":"https:\/\/cospacc.org\/index.php?rest_route=%2Fwp%2Fv2%2Fcomments&post=229"}],"version-history":[{"count":1,"href":"https:\/\/cospacc.org\/index.php?rest_route=\/wp\/v2\/posts\/229\/revisions"}],"predecessor-version":[{"id":231,"href":"https:\/\/cospacc.org\/index.php?rest_route=\/wp\/v2\/posts\/229\/revisions\/231"}],"wp:attachment":[{"href":"https:\/\/cospacc.org\/index.php?rest_route=%2Fwp%2Fv2%2Fmedia&parent=229"}],"wp:term":[{"taxonomy":"category","embeddable":true,"href":"https:\/\/cospacc.org\/index.php?rest_route=%2Fwp%2Fv2%2Fcategories&post=229"},{"taxonomy":"post_tag","embeddable":true,"href":"https:\/\/cospacc.org\/index.php?rest_route=%2Fwp%2Fv2%2Ftags&post=229"}],"curies":[{"name":"wp","href":"https:\/\/api.w.org\/{rel}","templated":true}]}}