{"id":233,"date":"2019-04-27T18:32:20","date_gmt":"2019-04-27T18:32:20","guid":{"rendered":"https:\/\/cospacc.org\/?p=233"},"modified":"2019-06-13T17:57:16","modified_gmt":"2019-06-13T17:57:16","slug":"en-lengupa-se-continua-recuperando-la-memoria","status":"publish","type":"post","link":"https:\/\/cospacc.org\/?p=233","title":{"rendered":"En Lengup\u00e1 se contin\u00faa recuperando la memoria"},"content":{"rendered":"\n<p><\/p>\n\n\n\n<p><em>Equipo de\ncomunicaciones Casanare \u2013 Boyac\u00e1<\/em><\/p>\n\n\n\n<p><em>27 de abril 2019<\/em><\/p>\n\n\n\n<p><em>\u201cLos hechos victimizantes, lejos de quedarse en eventos pasados, tienen una temporalidad que se extienden hasta el presente miraflore\u00f1os en el que a\u00fan quedan muchos acontecimientos por esclarecer\u201d. (Caso Tipo No 14)<\/em><\/p>\n\n\n\n<p><\/p>\n\n\n\n<figure class=\"wp-block-image is-resized\"><img loading=\"lazy\" decoding=\"async\" src=\"https:\/\/cospacc.org\/wp-content\/uploads\/2019\/04\/Lengupa-C-1-1024x768.jpg\" alt=\"\" class=\"wp-image-234\" width=\"580\" height=\"435\" srcset=\"https:\/\/cospacc.org\/wp-content\/uploads\/2019\/04\/Lengupa-C-1-1024x768.jpg 1024w, https:\/\/cospacc.org\/wp-content\/uploads\/2019\/04\/Lengupa-C-1-300x225.jpg 300w, https:\/\/cospacc.org\/wp-content\/uploads\/2019\/04\/Lengupa-C-1-768x576.jpg 768w, https:\/\/cospacc.org\/wp-content\/uploads\/2019\/04\/Lengupa-C-1.jpg 1152w\" sizes=\"auto, (max-width: 580px) 100vw, 580px\" \/><figcaption>Foto tomada por: Equipo de comunicaciones Boyac\u00e1 &#8211; Casanare<\/figcaption><\/figure>\n\n\n\n<p>Lengup\u00e1 una provincia de Boyac\u00e1 golpeada por la violencia,\ndurante varias d\u00e9cadas parec\u00eda haber olvidado a sus muertos y desaparecidos.\nPero hoy sus pobladores quienes vivieron las violencias de una forma descarnada\nse dan a la tarea de hacer memoria, lo cual ha permitido liberar las cargas\nemocionales, sanar heridas, recuperar la confianza, reconstruir el tejido\nsocial, generar autonom\u00eda y visibilizar el territorio y esto lo han hecho a trav\u00e9s\nde contar sus historias en el <strong>Caso Tipo\nNo 14, Hilando voces, tejiendo memorias. Tras las huellas de las violencias de\nLengup\u00e1, Boyac\u00e1.<\/strong><\/p>\n\n\n\n<p>Para que la memoria se ha colectiva las organizaciones\nsociales como el CINEP, COSPACC, Tiendo OSC, Las comunidades de v\u00edctimas de Berbeo,\nCampohermoso y San Eduardo, La Corporaci\u00f3n Alianza Desaparici\u00f3n Forzada en\nGuaviare y Boyac\u00e1, la Corporaci\u00f3n Colectivo Orlando Fals Borda y la Corporaci\u00f3n\nReintegraci\u00f3n y Reconciliaci\u00f3n Vida y Paz, se han dado a la tarea a presentar el\n<strong>Caso Tipo No 14,<\/strong> <strong>Hilando voces, tejiendo memorias <\/strong>en los\nmunicipios de esta provincia. El pasado 9 de abril se hizo la presentaci\u00f3n en\nMiraflores en el sal\u00f3n parroquial. Y hoy s\u00e1bado 27 se hace el lanzamiento en el\nmunicipio de P\u00e1ez. Estos dos eventos contaron con la participaci\u00f3n del padre\nJavier Giraldo, un arduo defensor de los Derechos Humanos y de las v\u00edctimas del\nconflicto armado. Y quien indico que continuara haciendo su trabajo hasta que\nse aclare los responsables y aparezca la \u00faltima v\u00edctima desaparecida. Y que\nesta recopilaci\u00f3n de la memoria se logr\u00f3 gracias al compromiso y entereza de\nlas v\u00edctimas para contar su historia y apoyar en la investigaci\u00f3n para mantener\nviv\u00eda la memoria.<\/p>\n\n\n\n<p>Los delegados de la Corporaci\u00f3n para la Asesor\u00eda y Capacitaci\u00f3n\nComunitaria \u2013COSPACC- recordaron como se inici\u00f3 el acompa\u00f1amiento a esta\ncomunidad desde hace ya casi una d\u00e9cada y la importancia que ha tenido las\ncomunidades para reconstruir la memoria, \u201c<em>nosotros\nestaremos donde las comunidades nos necesiten y requieran nuestro apoyo y acompa\u00f1amiento,\npero son ustedes los verdaderos protagonistas de este trabajo\u201d.<\/em><\/p>\n\n\n\n<p>Las victimas como los protagonistas de esta recopilaci\u00f3n,\nhan indicado que a pesar de que en el pueblo se les tiene \u201crecelo\u201d a los ejecutores\nde los hechos violentos se continuara con la reconstrucci\u00f3n de la memoria y la b\u00fasqueda\nde los desaparecidos. Aunque en Lengup\u00e1 la violencia se hab\u00eda interiorizado\nentre la poblaci\u00f3n las v\u00edctimas la han cuestionado y son ellas las que han\nresistido lo cual ha permitido ir reconstruyendo el tejido social afianzar confianzas\ny estrechar lasos. Y una de las formas que han utilizado las v\u00edctimas es el\nteatro que ha sido parte importante para la recopilaci\u00f3n de la memoria y sanar\nheridas y son los ni\u00f1os y j\u00f3venes los que representan esta dura realidad que\ntuvieron que afrontar sus abuelos, padres, hermanos y amigos, como una forma de\nno olvidar y conocer la historia a partir de las personas que sobre vivieron al\nparamilitarismo y otras violencias de la regi\u00f3n.<\/p>\n\n\n\n<p>Espacios de socializaci\u00f3n e investigaci\u00f3n son los que han permitido ir visibilizando el fen\u00f3meno paramilitar en Boyac\u00e1, el cual ha estado oculto bajo el manto del miedo. \u201c<em>Es por esto que se ve necesario continuar analizando las din\u00e1micas de las estructuras del paramilitarismos en Colombia para generar un entorno de confianza y respaldo entre los habitantes\u2026\u201d (Caso Tipo No 14). <\/em>Las v\u00edctimas, la comunidad y las organizaciones sociales continuaran trabajando en Lengup\u00e1 para la recuperaci\u00f3n de la memoria, por justicia y verdad. <em>&nbsp;<\/em><\/p>\n\n\n\n<p>Tomado de: Trochando Sin Fronteras<\/p>\n","protected":false},"excerpt":{"rendered":"<p>Equipo de comunicaciones Casanare \u2013 Boyac\u00e1 27 de abril 2019 \u201cLos hechos victimizantes, lejos de quedarse en eventos pasados, tienen<\/p>\n","protected":false},"author":1,"featured_media":0,"comment_status":"open","ping_status":"open","sticky":false,"template":"","format":"standard","meta":{"colormag_page_layout":"default_layout","footnotes":""},"categories":[1],"tags":[13,14,24,40],"class_list":["post-233","post","type-post","status-publish","format-standard","hentry","category-nuestras-luchas","tag-cospacc","tag-ddhh","tag-lengupa","tag-memoria"],"_links":{"self":[{"href":"https:\/\/cospacc.org\/index.php?rest_route=\/wp\/v2\/posts\/233","targetHints":{"allow":["GET"]}}],"collection":[{"href":"https:\/\/cospacc.org\/index.php?rest_route=\/wp\/v2\/posts"}],"about":[{"href":"https:\/\/cospacc.org\/index.php?rest_route=\/wp\/v2\/types\/post"}],"author":[{"embeddable":true,"href":"https:\/\/cospacc.org\/index.php?rest_route=\/wp\/v2\/users\/1"}],"replies":[{"embeddable":true,"href":"https:\/\/cospacc.org\/index.php?rest_route=%2Fwp%2Fv2%2Fcomments&post=233"}],"version-history":[{"count":4,"href":"https:\/\/cospacc.org\/index.php?rest_route=\/wp\/v2\/posts\/233\/revisions"}],"predecessor-version":[{"id":316,"href":"https:\/\/cospacc.org\/index.php?rest_route=\/wp\/v2\/posts\/233\/revisions\/316"}],"wp:attachment":[{"href":"https:\/\/cospacc.org\/index.php?rest_route=%2Fwp%2Fv2%2Fmedia&parent=233"}],"wp:term":[{"taxonomy":"category","embeddable":true,"href":"https:\/\/cospacc.org\/index.php?rest_route=%2Fwp%2Fv2%2Fcategories&post=233"},{"taxonomy":"post_tag","embeddable":true,"href":"https:\/\/cospacc.org\/index.php?rest_route=%2Fwp%2Fv2%2Ftags&post=233"}],"curies":[{"name":"wp","href":"https:\/\/api.w.org\/{rel}","templated":true}]}}