{"id":241,"date":"2019-05-09T21:16:06","date_gmt":"2019-05-09T21:16:06","guid":{"rendered":"https:\/\/cospacc.org\/?p=241"},"modified":"2019-05-09T21:16:06","modified_gmt":"2019-05-09T21:16:06","slug":"archivo-cospacc","status":"publish","type":"post","link":"https:\/\/cospacc.org\/?p=241","title":{"rendered":"Archivo Cospacc"},"content":{"rendered":"\n<p><strong><em>Libros <\/em><\/strong><\/p>\n\n\n\n<ul class=\"wp-block-list\"><li>Cos-pacc: <em>Por dentro e\u2019soga (Tomo I): Una mirada social al boom\npetrolero y al fen\u00f3meno transnacional en Casanare<\/em>, 2010; <\/li><li>Cos-pacc: <em>Por dentro e\u2019soga (Tomo II): Un an\u00e1lisis de los impactos\nde BP en Casanare<\/em>, 2010; <\/li><li>Cos-pacc, con el&nbsp; apoyo de alcald\u00eda\nLocal Ciudad Bol\u00edvar de Bogot\u00e1: <em>Partir de lo que somos: Ciudad Bol\u00edvar,\nTierra, Agua y Luchas<\/em>, 2014<\/li><\/ul>\n\n\n\n<p><strong><em>Informes <\/em><\/strong><\/p>\n\n\n\n<ul class=\"wp-block-list\"><li>Cos-pacc: Tangakema 1: cartilla Agroecol\u00f3gica, 2006; <\/li><li>Cos-pacc: Tangakamena 2: cartilla Agroecol\u00f3gica, 2007; <\/li><li>Cos-pacc: <a href=\"https:\/\/archive.org\/stream\/LaRutaDeLaLibertad\/boletin_djvu.txt\">La Ruta de la Libertad.\nBit\u00e1cora de caminantes \u2013 Casanare, Boyac\u00e1 y Ciudad Bol\u00edvar- Bogot\u00e1<\/a>, 2008;<\/li><li>Centro de Investigaci\u00f3n y Educaci\u00f3n Popular (Cinep), Noche y Niebla y\nCos-pacc: <a href=\"http:\/\/www.nocheyniebla.org\/files\/u1\/casotipo\/casanare\/caso_tipo_casanare.pdf\">Casanare: Exhumando el\ngenocidio<\/a>,\n2009 <\/li><li>Cos-pacc, con el apoyo de la Isvara Foundation Argos S.A. en los Montes\nde Mar\u00eda: <a href=\"http:\/\/www.carbontradewatch.org\/downloads\/documents\/ColombiaMDL.pdf\">La lucha contra el cambio\nclim\u00e1tico como herramienta para la legalizaci\u00f3n del despojo, el control\nterritorial y la imposici\u00f3n de megaproyectos agroindustriales<\/a>, 2012 <\/li><li>Movice, Fcspp y Cos-pacc: Que no se olvide, que no se repita. Vivir los\nduelos, hacer memoria, dignificar nuestras v\u00edctimas, noviembre de 2015<\/li><\/ul>\n\n\n\n<p><strong><em>Art\u00edculos de\nprensa <\/em><\/strong><\/p>\n\n\n\n<ul class=\"wp-block-list\"><li>Manuel Vega y Mart\u00edn Ayala (Cos-pacc): <a href=\"http:\/\/www.rebelion.org\/noticia.php?id=50945\">Casanare y la British Petroleum: una historia\nque es preciso cambiar<\/a>, 16 de mayo de 2007 <\/li><li>Cos-pacc, <a href=\"http:\/\/www.redcolombia.org\/index.php\/regiones-mainmenu-62\/oriente-mainmenu-63\/casanare-mainmenu-65\/1795-desaparecido-dirigente-comunal-de-casanare.html\">Desaparecido dirigente\ncomunal de El Morro, Casanare<\/a>, 4 de mayo de 2012 <\/li><li>Cos-pacc: <a href=\"https:\/\/www.dropbox.com\/s\/jogxhx8ggsb1xyd\/nota%20prensa%20peregrinaci\u00f3n%20lengupa.pdf\">Lengup\u00e1 se moviliz\u00f3 para\ndecir basta de impunidad<\/a>, septiembre de 2013)<\/li><li>Cos-pacc: <a href=\"http:\/\/centroriente.org\/un-recorrido-por-boyaca-y-casanare-en-defensa-de-la-vida\/\">Un recorrido por Boyac\u00e1 y\nCasanare en defensa de la vida<\/a>, 25 de febrero de 2014 <\/li><li>Cos-pacc: <a href=\"https:\/\/caminantebitacora.blogspot.com.co\/2014\/06\/las-hidroelectricas-no-solucionan-nada.html\">Las hidroel\u00e9ctricas no\nsolucionan nada<\/a>, 7 de junio de 2014 <\/li><li>Cos-pacc: <a href=\"http:\/\/www.redcolombia.org\/index.php\/regiones\/centro\/cundinamarca\/2281-se-declara-en-usme-la-primera-zona-arqueologica-en-bogota.html\">Se declara en USME primera\nZona Arqueol\u00f3gica en Bogot\u00e1<\/a>, 11 de junio de 2014 <\/li><li>Sigue la tarea pa\u2019l movimiento social (<strong>15\/06\/2014<\/strong>) <\/li><li>Cos-pacc: <a href=\"https:\/\/caminantebitacora.blogspot.com.co\/2014\/09\/la-reparacion-simbolica-desde-los.html\">La reparaci\u00f3n simb\u00f3lica\ndesde los victimarios: entre el perd\u00f3n y la impunidad<\/a> , 2 de septiembre de 2014 <\/li><\/ul>\n\n\n\n<p><strong>DVD \/ CD <\/strong><\/p>\n\n\n\n<ul class=\"wp-block-list\"><li>Cos-pacc: La salud no es un negocio, es un derecho, 2009; <\/li><li>Cos-pacc: El Capitalismo verde. Otra cara de un mismo modelo, 2012; <\/li><li>Cos-pacc: Comparando Aire. Argos en Montes de Mar\u00eda, 2012; <\/li><li>Cos-pacc y Choapo: <a href=\"https:\/\/www.youtube.com\/watch?v=xTSEFu6YhfE\">Polvo, Petr\u00f3leo Golf y Miedo<\/a>, 2013<\/li><li>Cos-pacc, <a href=\"https:\/\/www.youtube.com\/watch?v=Ejd21EH8LGg\">Detr\u00e1s de la Sequ\u00eda<\/a>, 2014<\/li><li>Partir de lo que somos. Ciudad Bol\u00edvar, Tierra, Agua y Luchas (2014)<\/li><\/ul>\n","protected":false},"excerpt":{"rendered":"<p>Libros Cos-pacc: Por dentro e\u2019soga (Tomo I): Una mirada social al boom petrolero y al fen\u00f3meno transnacional en Casanare, 2010;<\/p>\n","protected":false},"author":1,"featured_media":0,"comment_status":"open","ping_status":"open","sticky":false,"template":"","format":"standard","meta":{"colormag_page_layout":"default_layout","footnotes":""},"categories":[1],"tags":[],"class_list":["post-241","post","type-post","status-publish","format-standard","hentry","category-nuestras-luchas"],"_links":{"self":[{"href":"https:\/\/cospacc.org\/index.php?rest_route=\/wp\/v2\/posts\/241","targetHints":{"allow":["GET"]}}],"collection":[{"href":"https:\/\/cospacc.org\/index.php?rest_route=\/wp\/v2\/posts"}],"about":[{"href":"https:\/\/cospacc.org\/index.php?rest_route=\/wp\/v2\/types\/post"}],"author":[{"embeddable":true,"href":"https:\/\/cospacc.org\/index.php?rest_route=\/wp\/v2\/users\/1"}],"replies":[{"embeddable":true,"href":"https:\/\/cospacc.org\/index.php?rest_route=%2Fwp%2Fv2%2Fcomments&post=241"}],"version-history":[{"count":1,"href":"https:\/\/cospacc.org\/index.php?rest_route=\/wp\/v2\/posts\/241\/revisions"}],"predecessor-version":[{"id":242,"href":"https:\/\/cospacc.org\/index.php?rest_route=\/wp\/v2\/posts\/241\/revisions\/242"}],"wp:attachment":[{"href":"https:\/\/cospacc.org\/index.php?rest_route=%2Fwp%2Fv2%2Fmedia&parent=241"}],"wp:term":[{"taxonomy":"category","embeddable":true,"href":"https:\/\/cospacc.org\/index.php?rest_route=%2Fwp%2Fv2%2Fcategories&post=241"},{"taxonomy":"post_tag","embeddable":true,"href":"https:\/\/cospacc.org\/index.php?rest_route=%2Fwp%2Fv2%2Ftags&post=241"}],"curies":[{"name":"wp","href":"https:\/\/api.w.org\/{rel}","templated":true}]}}