{"id":29,"date":"2018-11-14T11:11:46","date_gmt":"2018-11-14T11:11:46","guid":{"rendered":"https:\/\/cospacc.org\/?p=29"},"modified":"2019-11-23T19:55:16","modified_gmt":"2019-11-23T19:55:16","slug":"peregrinacion-conmemoracion-paramo-de-la-sarna","status":"publish","type":"post","link":"https:\/\/cospacc.org\/?p=29","title":{"rendered":"Peregrinaci\u00f3n conmemoraci\u00f3n p\u00e1ramo de la Sarna"},"content":{"rendered":"","protected":false},"excerpt":{"rendered":"","protected":false},"author":1,"featured_media":0,"comment_status":"open","ping_status":"open","sticky":false,"template":"","format":"quote","meta":{"colormag_page_layout":"default_layout","footnotes":""},"categories":[7],"tags":[],"class_list":["post-29","post","type-post","status-publish","format-quote","hentry","category-peregrinacion","post_format-post-format-quote"],"_links":{"self":[{"href":"https:\/\/cospacc.org\/index.php?rest_route=\/wp\/v2\/posts\/29","targetHints":{"allow":["GET"]}}],"collection":[{"href":"https:\/\/cospacc.org\/index.php?rest_route=\/wp\/v2\/posts"}],"about":[{"href":"https:\/\/cospacc.org\/index.php?rest_route=\/wp\/v2\/types\/post"}],"author":[{"embeddable":true,"href":"https:\/\/cospacc.org\/index.php?rest_route=\/wp\/v2\/users\/1"}],"replies":[{"embeddable":true,"href":"https:\/\/cospacc.org\/index.php?rest_route=%2Fwp%2Fv2%2Fcomments&post=29"}],"version-history":[{"count":4,"href":"https:\/\/cospacc.org\/index.php?rest_route=\/wp\/v2\/posts\/29\/revisions"}],"predecessor-version":[{"id":874,"href":"https:\/\/cospacc.org\/index.php?rest_route=\/wp\/v2\/posts\/29\/revisions\/874"}],"wp:attachment":[{"href":"https:\/\/cospacc.org\/index.php?rest_route=%2Fwp%2Fv2%2Fmedia&parent=29"}],"wp:term":[{"taxonomy":"category","embeddable":true,"href":"https:\/\/cospacc.org\/index.php?rest_route=%2Fwp%2Fv2%2Fcategories&post=29"},{"taxonomy":"post_tag","embeddable":true,"href":"https:\/\/cospacc.org\/index.php?rest_route=%2Fwp%2Fv2%2Ftags&post=29"}],"curies":[{"name":"wp","href":"https:\/\/api.w.org\/{rel}","templated":true}]}}