{"id":307,"date":"2019-06-13T15:48:21","date_gmt":"2019-06-13T15:48:21","guid":{"rendered":"https:\/\/cospacc.org\/?p=307"},"modified":"2019-06-13T15:48:21","modified_gmt":"2019-06-13T15:48:21","slug":"lengupa-una-provincia-que-busca-sus-desaparecidos","status":"publish","type":"post","link":"https:\/\/cospacc.org\/?p=307","title":{"rendered":"Lengup\u00e1: una provincia que busca sus desaparecidos"},"content":{"rendered":"\n<figure class=\"wp-block-image\"><img loading=\"lazy\" decoding=\"async\" width=\"1024\" height=\"768\" src=\"https:\/\/cospacc.org\/wp-content\/uploads\/2019\/06\/lengupa-3-1024x768.jpg\" alt=\"\" class=\"wp-image-308\" srcset=\"https:\/\/cospacc.org\/wp-content\/uploads\/2019\/06\/lengupa-3-1024x768.jpg 1024w, https:\/\/cospacc.org\/wp-content\/uploads\/2019\/06\/lengupa-3-300x225.jpg 300w, https:\/\/cospacc.org\/wp-content\/uploads\/2019\/06\/lengupa-3-768x576.jpg 768w, https:\/\/cospacc.org\/wp-content\/uploads\/2019\/06\/lengupa-3.jpg 2048w\" sizes=\"auto, (max-width: 1024px) 100vw, 1024px\" \/><figcaption>Foto: Jornada de la memoria provincia de Lengup\u00e1 <\/figcaption><\/figure>\n\n\n\n<p>La desaparici\u00f3n forzada es una modalidad de violencia usada por los actores armados para garantizar el silencio y la impunidad, una estrategia pol\u00edtica de dominaci\u00f3n, para evadir la verdad y las responsabilidades.<\/p>\n\n\n\n<p>Es deber del Estado garantizar la protecci\u00f3n, la vida, la seguridad, la integridad y la libertad. Para ello es necesario que exista un reconocimiento institucional de las violencias que ha padecido el territorio. Para el caso de Boyac\u00e1, muchas personas fueron sustra\u00eddas de sus hogares, de sus comunidades y se qued\u00f3 el silencio, el vac\u00edo, la esperanza de volver a encontrarles.<\/p>\n\n\n\n<p><em>Por: Equipo de Derechos Humanos \u2013 Boyac\u00e1<\/em><\/p>\n\n\n\n<p>Familiares y comunidad de P\u00e1ez, Miraflorez y San Eduardo contin\u00faan en la b\u00fasqueda de los desaparecidos, junto a organizaciones y defensores de derechos humanos realizan espacios pedag\u00f3gicos de capacitaci\u00f3n sobre rutas de atenci\u00f3n, el&nbsp;<em><strong>Sistema integral de Verdad, Justicia, Reparaci\u00f3n y Garant\u00edas de no repetici\u00f3n<\/strong><\/em>, la memoria, la identificaci\u00f3n, la b\u00fasqueda y el reconocimiento del territorio en la provincia de Lengup\u00e1.<\/p>\n\n\n\n<p>Este espacio convocado por la alianza&nbsp;<em><strong>-Desaparici\u00f3n Forzada en Guaviare y Boyac\u00e1-<\/strong><\/em>, integrada por el Centro de Investigaci\u00f3n y Educaci\u00f3n Popular CINEP PPP, el Colectivo Sociojur\u00eddico Orlando Fals Borda, la Corporaci\u00f3n Vida Paz y la Corporaci\u00f3n Social para la Asesor\u00eda y Capacitaci\u00f3n Comunitaria COSPACC busca dar elementos para que familiares y comunidades puedan participar y apoyar los procesos de la<em><strong>&nbsp;Comisi\u00f3n de la Verdad y la Unidad de B\u00fasqueda de Personas Desaparecidas -UBPD<\/strong><\/em>-.<\/p>\n\n\n\n<p>Seg\u00fan Tatiana Trina de la&nbsp;<strong><em>Corporaci\u00f3n Social para la Asesor\u00eda y Capacitaci\u00f3n Comunitaria \u2013 COSPACC<\/em><\/strong>-: \u201cEl taller permiti\u00f3 compartir experiencias y aprendizajes en torno a lo que tiene que ver con la b\u00fasqueda de personas desaparecidas y la ruta de atenci\u00f3n a las personas que no descansan y siguen buscando a sus familiares. En este espacio se explicaron las funciones y mandatos de la&nbsp;<strong><em>-UBPD-<\/em><\/strong>&nbsp;y qu\u00e9 es un mecanismo que surge de un del&nbsp;<em><strong>Sistema Integral de Verdad, Justicia y Reparaci\u00f3n y Garant\u00edas de no repetici\u00f3n<\/strong><\/em>.\u201d<\/p>\n\n\n\n<h4 class=\"wp-block-heading\">Un despliegue necesario<\/h4>\n\n\n\n<p>Seg\u00fan las comunidades y organizaciones en Boyac\u00e1 no s\u00e9 realizado el despliegue territorial de la&nbsp;<em><strong>Comisi\u00f3n de la Verdad y la -UBPD-<\/strong><\/em>, el Estado hist\u00f3ricamente no reconoce a Boyac\u00e1 como territorio que padeci\u00f3 el conflicto y las m\u00faltiples violencias, que bajo sus suelos y sus campos tiene cuerpo de personas sin identificar.<\/p>\n\n\n\n<p>Ante esta situaci\u00f3n, es una exigencia de la comunidad y de las familias que priorice en Boyac\u00e1 el trabajo de estas dos instituciones. Mientras esto sucede las comunidades y organizaciones trabajan para que las personas de esta provincia conozcan las rutas de atenci\u00f3n y generen las confianzas necesarias para atender los procesos y procedimientos.<\/p>\n\n\n\n<p>Reconocen que los familiares sufren un proceso de revictimizaci\u00f3n al enfrentarse con las instituciones y contar la verdad de la violencia y sus desaparecidos, es por esto que la Alianza Desaparici\u00f3n Forzada en Guaviare y Boyac\u00e1 proyecta continuar con estos escenarios pedag\u00f3gicos con el objetivo de acercar a las comunidades a la Comisi\u00f3n de la Verdad y la Unidad de B\u00fasqueda de Personas Desaparecidas, pero con la exigencia, \u2013 que vivos se los llevaron y vivos los queremos \u2013 y con el objetivo de no descansar hasta encontrar las personas desaparecidas e identificar las personas reposan en nuestros territorios.<\/p>\n\n\n\n<p><em>Mientras este despliegue se da en los territorios las familias y comunidades se preguntan:<\/em><\/p>\n\n\n\n<p><strong>\u00bfQui\u00e9nes son las personas sepultadas y lanzadas a los campos boyacenses?, \u00bfD\u00f3nde est\u00e1n todas las personas que se llevaron?<\/strong><\/p>\n\n\n\n<p>Detr\u00e1s de un cuerpo sin identificar hay una familia que le busca y una comunidad que le extra\u00f1a. Los cuerpos que han sido sepultados llevan consigo vidas, historias, tranquilidad para las familias y el tejido social en las comunidades.<\/p>\n\n\n\n<p>Lengup\u00e1, contar\u00e1 su historia, pero requiere de los esfuerzos del Estado en la b\u00fasqueda de las personas desaparecidas, por tanto, es una exigencia la presencia de la Unidad de B\u00fasqueda de las Personas Dadas por Desaparecidas, porque las familias lo necesitan, porque las experiencias de b\u00fasqueda de la comunidad son muy valiosas y porque en este territorio desaparecieron y sepultaron a muchos.<\/p>\n\n\n\n<p><em>Se lo llevaron, se la llevaron, no volv\u00ed a ver su rostro ni a tomar su mano. No sabe nada sobre qu\u00e9 ha sido de nosotros y yo no s\u00e9 qu\u00e9 ha sido de \u00e9l o de ella.<\/em><\/p>\n\n\n\n<p><em>No s\u00e9 si decidi\u00f3 dejarse crecer el cabello o la barba, no s\u00e9 si creci\u00f3 un par de cent\u00edmetros m\u00e1s, o si todav\u00eda me da en el hombro, donde recostaba su cabeza en una expresi\u00f3n t\u00edmida de cari\u00f1o.<\/em><\/p>\n\n\n\n<p><em>No s\u00e9, y lo peor de todo es no saber, si tiene hambre, si padece sue\u00f1o, si se niega a tener hijos o si tenga muchos m\u00e1s, si quiere volver.<\/em><\/p>\n\n\n\n<p><em>Sue\u00f1o con su sonrisa y sue\u00f1o con que la ma\u00f1ana le va a traer de vuelta.<\/em><\/p>\n\n\n\n<p><em>Tomado de:  https:\/\/trochandosinfronteras.info\/lengupa-una-provincia-que-busca-sus-desaparecidos\/ <\/em><\/p>\n\n\n\n<p><\/p>\n","protected":false},"excerpt":{"rendered":"<p>La desaparici\u00f3n forzada es una modalidad de violencia usada por los actores armados para garantizar el silencio y la impunidad,<\/p>\n","protected":false},"author":1,"featured_media":0,"comment_status":"open","ping_status":"open","sticky":false,"template":"","format":"standard","meta":{"colormag_page_layout":"default_layout","footnotes":""},"categories":[1],"tags":[],"class_list":["post-307","post","type-post","status-publish","format-standard","hentry","category-nuestras-luchas"],"_links":{"self":[{"href":"https:\/\/cospacc.org\/index.php?rest_route=\/wp\/v2\/posts\/307","targetHints":{"allow":["GET"]}}],"collection":[{"href":"https:\/\/cospacc.org\/index.php?rest_route=\/wp\/v2\/posts"}],"about":[{"href":"https:\/\/cospacc.org\/index.php?rest_route=\/wp\/v2\/types\/post"}],"author":[{"embeddable":true,"href":"https:\/\/cospacc.org\/index.php?rest_route=\/wp\/v2\/users\/1"}],"replies":[{"embeddable":true,"href":"https:\/\/cospacc.org\/index.php?rest_route=%2Fwp%2Fv2%2Fcomments&post=307"}],"version-history":[{"count":4,"href":"https:\/\/cospacc.org\/index.php?rest_route=\/wp\/v2\/posts\/307\/revisions"}],"predecessor-version":[{"id":312,"href":"https:\/\/cospacc.org\/index.php?rest_route=\/wp\/v2\/posts\/307\/revisions\/312"}],"wp:attachment":[{"href":"https:\/\/cospacc.org\/index.php?rest_route=%2Fwp%2Fv2%2Fmedia&parent=307"}],"wp:term":[{"taxonomy":"category","embeddable":true,"href":"https:\/\/cospacc.org\/index.php?rest_route=%2Fwp%2Fv2%2Fcategories&post=307"},{"taxonomy":"post_tag","embeddable":true,"href":"https:\/\/cospacc.org\/index.php?rest_route=%2Fwp%2Fv2%2Ftags&post=307"}],"curies":[{"name":"wp","href":"https:\/\/api.w.org\/{rel}","templated":true}]}}