{"id":322,"date":"2019-06-21T11:49:52","date_gmt":"2019-06-21T11:49:52","guid":{"rendered":"https:\/\/cospacc.org\/?p=322"},"modified":"2019-06-21T11:49:52","modified_gmt":"2019-06-21T11:49:52","slug":"asesinar-perseguir-y-judicializar-plan-de-exterminio-de-lideres-sociales","status":"publish","type":"post","link":"https:\/\/cospacc.org\/?p=322","title":{"rendered":"Asesinar, perseguir y judicializar: Plan de exterminio de l\u00edderes sociales"},"content":{"rendered":"\n<ul class=\"wp-block-gallery columns-3 wp-block-gallery-1 is-layout-flex wp-block-gallery-is-layout-flex\"><li class=\"blocks-gallery-item\"><figure><img loading=\"lazy\" decoding=\"async\" width=\"1024\" height=\"768\" src=\"https:\/\/cospacc.org\/wp-content\/uploads\/2019\/06\/IMG-20171130-WA0018-3-1024x768.jpg\" alt=\"\" data-id=\"329\" data-link=\"https:\/\/cospacc.org\/?attachment_id=329\" class=\"wp-image-329\" srcset=\"https:\/\/cospacc.org\/wp-content\/uploads\/2019\/06\/IMG-20171130-WA0018-3-1024x768.jpg 1024w, https:\/\/cospacc.org\/wp-content\/uploads\/2019\/06\/IMG-20171130-WA0018-3-300x225.jpg 300w, https:\/\/cospacc.org\/wp-content\/uploads\/2019\/06\/IMG-20171130-WA0018-3-768x576.jpg 768w, https:\/\/cospacc.org\/wp-content\/uploads\/2019\/06\/IMG-20171130-WA0018-3.jpg 1280w\" sizes=\"auto, (max-width: 1024px) 100vw, 1024px\" \/><\/figure><\/li><li class=\"blocks-gallery-item\"><figure><img loading=\"lazy\" decoding=\"async\" width=\"726\" height=\"544\" src=\"https:\/\/cospacc.org\/wp-content\/uploads\/2019\/06\/nunchia-1.jpg\" alt=\"\" data-id=\"330\" data-link=\"https:\/\/cospacc.org\/?attachment_id=330\" class=\"wp-image-330\" srcset=\"https:\/\/cospacc.org\/wp-content\/uploads\/2019\/06\/nunchia-1.jpg 726w, https:\/\/cospacc.org\/wp-content\/uploads\/2019\/06\/nunchia-1-300x225.jpg 300w\" sizes=\"auto, (max-width: 726px) 100vw, 726px\" \/><\/figure><\/li><li class=\"blocks-gallery-item\"><figure><img loading=\"lazy\" decoding=\"async\" width=\"1024\" height=\"768\" src=\"https:\/\/cospacc.org\/wp-content\/uploads\/2019\/06\/Jonathan-1024x768.jpg\" alt=\"\" data-id=\"331\" data-link=\"https:\/\/cospacc.org\/?attachment_id=331\" class=\"wp-image-331\" srcset=\"https:\/\/cospacc.org\/wp-content\/uploads\/2019\/06\/Jonathan-1024x768.jpg 1024w, https:\/\/cospacc.org\/wp-content\/uploads\/2019\/06\/Jonathan-300x225.jpg 300w, https:\/\/cospacc.org\/wp-content\/uploads\/2019\/06\/Jonathan-768x576.jpg 768w, https:\/\/cospacc.org\/wp-content\/uploads\/2019\/06\/Jonathan.jpg 2000w\" sizes=\"auto, (max-width: 1024px) 100vw, 1024px\" \/><\/figure><\/li><\/ul>\n\n\n\n<figure class=\"wp-block-image\"><img loading=\"lazy\" decoding=\"async\" width=\"726\" height=\"544\" src=\"https:\/\/cospacc.org\/wp-content\/uploads\/2019\/06\/IMG_20181012_093902.jpg\" alt=\"\" class=\"wp-image-323\" srcset=\"https:\/\/cospacc.org\/wp-content\/uploads\/2019\/06\/IMG_20181012_093902.jpg 726w, https:\/\/cospacc.org\/wp-content\/uploads\/2019\/06\/IMG_20181012_093902-300x225.jpg 300w\" sizes=\"auto, (max-width: 726px) 100vw, 726px\" \/><figcaption><br><\/figcaption><\/figure>\n\n\n\n<p><\/p>\n\n\n\n<p><em>Trochando Sin Fronteras, edici\u00f3n 39 abril \u2013 junio de 2019<\/em><br><em>Por: Equipo de comunicaciones Casanare \u2013 Trochando Sin Fronteras<\/em><\/p>\n\n\n\n<p>Como una pol\u00edtica sistem\u00e1tica y continuada de exterminio califican algunos medios, organizaciones y sectores sociales, alternativos y populares el permanente proceso de persecuci\u00f3n, amedrentamiento, judicializaci\u00f3n y asesinato de l\u00edderes sociales en Colombia[1]. Esto, teniendo en cuenta referentes hist\u00f3ricos como \u00a1A Luchar![2] o la Uni\u00f3n Patri\u00f3tica en los 80\u2019s, con el paso de cada gobierno represivo y las constantes arremetidas estatales y paramilitares contra el movimiento social desde los gobiernos de Uribe, Santos y Duque se demuestra que la tendencia ha sido la agudizaci\u00f3n y profundizaci\u00f3n del modelo de despojo y explotaci\u00f3n, que a su paso golpea y ataca a los procesos populares y sus l\u00edderes, muestra de ello, es que tan s\u00f3lo en los primeros 7 d\u00edas del a\u00f1o 2019 fueron asesinados 6 lideres comunitarios, ambientales, campesinos, ind\u00edgenas y de v\u00edctimas a nivel nacional, tendencia que se ha mantenido, todos los d\u00edas hay lideres sociales asesinados, perseguidos, amenazados o encarcelados.<\/p>\n\n\n\n<p>Con la posesi\u00f3n de Iv\u00e1n Duque se hace m\u00e1s clara la pol\u00edtica reaccionaria y agresiva del uribismo, que ubica a la cabeza del Ministerio de Defensa a un empresario ultraconservador como Guillermo Botero, y en el Ministerio del Interior que tiene, entre otras, la funci\u00f3n de impulsar pol\u00edticas para el ejercicio de la protecci\u00f3n, promoci\u00f3n, respeto y garant\u00eda de los Derechos Humanos a Nancy Patricia Guti\u00e9rrez, quien estuvo vinculada a investigaciones por parapol\u00edtica y se ha demostrado una real partidaria de la l\u00f3gica autoritaria de Uribe y su s\u00e9quito.<\/p>\n\n\n\n<p>Lideres comunales, \u00e9tnicos (ind\u00edgenas y afrodescendientes), campesinos, defensores de derechos humanos y reclamantes de tierra son el principal blanco de las acciones de persecuci\u00f3n por parte de instituciones, actores armados legales y extra-institucionales a nivel nacional, en el caso puntual del centro oriente colombiano, han sido las alianzas entre empresas multinacionales, \u00f3rganos judiciales y agentes de inteligencia (a trav\u00e9s de las Estructuras de Apoyo EDA), el mecanismo para crear procesos de judicializaci\u00f3n basados en montajes judiciales a grupos de l\u00edderes, con la supuesta existencia del delito de \u201cconcierto para delinquir\u201d se persigue cualquier proceso de lucha en el que m\u00e1s de dos personas se junten para protestar y exigir sus derechos, y con el delito de \u201crebeli\u00f3n\u201d se asume que actuar en contra de las actuaciones del gobierno es adelantar acciones tendientes a \u201cderrumbar el orden constitucional\u201d, lo que lleva a que se criminalicen todas las labores de organizaci\u00f3n y movilizaci\u00f3n de las comunidades, buscando el exterminio de cualquier brote de protesta.<\/p>\n\n\n\n<p>Algunos de los casos m\u00e1s emblem\u00e1ticos de persecuci\u00f3n y judicializaci\u00f3n sistem\u00e1tica en Colombia los han tenido que enfrentar recientemente las organizaciones vinculadas al Congreso de los Pueblos, Miriam Aguilar, Hermes Burgos[3], Juli\u00e1n Gil, Ferney Salcedo, Miguel \u00c1ngel Rinc\u00f3n, Jes\u00fas Leal, Yulibel Leal, Maria Teresa Rinc\u00f3n, Milena Quiroz, Rosa Herrera, Pedro Pablo Castellanos, Reinaldo Efrain Gonzalez Fuentes, Gabriel Valderrama Ancizar Morales[4] y Germ\u00e1n Bernardo Carlosama, son solo algunos de los nombres de quienes, en sus territorios, y en medio de la lucha por conquistar condiciones de vida digna o cumplimiento de acuerdos con empresas e instituciones han sido detenidos arbitrariamente, de manera injusta e involucrados en montajes o falsos positivos judiciales.<\/p>\n\n\n\n<p>As\u00ed, mientras Hidroituango se impone a sus anchas, los criminales internacionales de Odebretch pasan de agache, las empresas de Ardila Lule que financiaron el paramilitarismo siguen manejando los hilos pol\u00edticos del pa\u00eds, las Fuerzas Militares y de Polic\u00eda imponen su brazo autoritario de represi\u00f3n y muerte, los medios enfocan la mirada hacia Venezuela, el aparato legislativo permite la profundizaci\u00f3n del modelo neoliberal adoptado por la clase multimillonaria que ha mantenido en la pobreza a las clases populares, y el pa\u00eds sigue hundi\u00e9ndose en un estancadero que parece no tener salida, las comunidades y procesos sociales y populares se siguen organizando, juntando rebeld\u00edas, fortaleciendo el ejercicio de formaci\u00f3n, cualificando la lucha y recreando formas diversas de hacer pol\u00edtica sin la necesidad primaria de acudir a la corrupta estructura institucional.<\/p>\n\n\n\n<p>Con la campa\u00f1a \u201cSer L\u00edder Social No Es Delito\u201d, diversas organizaciones env\u00edan un mensaje a la sociedad, al Gobierno Nacional y la comunidad internacional: en Colombia, ser l\u00edder social se ha considerado, desde las esferas empresariales y gubernamentales una acci\u00f3n delictiva, delincuencial, una labor que se debe perseguir, criminalizar y judicializar, muestra de ello han sido todos los casos anteriormente mencionados, sumados a la aguda represi\u00f3n que afrontan las comunidades que se movilizan en mingas, paros, bloqueos y marchas que tienden tambi\u00e9n a escalar en un a\u00f1o como el actual, en el que el movimiento social viene tejiendo la Minga Nacional por la Vida contra el Plan Nacional de Desarrollo y sus nefastas intenciones, alineadas al capitalismo internacional.<\/p>\n\n\n\n<p>[1]&nbsp;<a href=\"https:\/\/www.telesurtv.net\/bloggers\/ofensiva-terror-exterminio-movimiento-liderazgo-base-20180707-0002.html\" target=\"_blank\" rel=\"noreferrer noopener\">La ofensiva de terror y exterminio del movimiento y su liderazgo de base<\/a><br>[2]&nbsp;<a href=\"https:\/\/lanzasyletras.org\/2017\/04\/24\/a-luchar-1984-1991-una-propuesta-de-nueva-izquierda-y-unidad\/\" target=\"_blank\" rel=\"noreferrer noopener\">A luchar 1984-1991 una propuesta de nueva izquierda y unidad<\/a><br>[3]<a href=\"https:\/\/www.periferiaprensa.com\/index.php\/component\/k2\/item\/2217-hermes-burgos-el-delincuente-que-no-cometio-ningun-delito\" target=\"_blank\" rel=\"noreferrer noopener\">&nbsp;Hermes Burgos: el delincuente que no cometi\u00f3 ning\u00fan delito<\/a><\/p>\n\n\n\n<p>[4]&nbsp;<a href=\"https:\/\/www.cna-colombia.org\/atencion-nuevo-montaje-judicial-detenido-ancisar-morales-por-falsas-acusaciones\/\" target=\"_blank\" rel=\"noreferrer noopener\">\u00a1Atenci\u00f3n! nuevo montaje judicial: Detenido Anc\u00edsar Morales por Falsas Acusaciones<\/a><\/p>\n","protected":false},"excerpt":{"rendered":"<p>Trochando Sin Fronteras, edici\u00f3n 39 abril \u2013 junio de 2019Por: Equipo de comunicaciones Casanare \u2013 Trochando Sin Fronteras Como una<\/p>\n","protected":false},"author":1,"featured_media":0,"comment_status":"open","ping_status":"open","sticky":false,"template":"","format":"standard","meta":{"colormag_page_layout":"default_layout","footnotes":""},"categories":[1],"tags":[],"class_list":["post-322","post","type-post","status-publish","format-standard","hentry","category-nuestras-luchas"],"_links":{"self":[{"href":"https:\/\/cospacc.org\/index.php?rest_route=\/wp\/v2\/posts\/322","targetHints":{"allow":["GET"]}}],"collection":[{"href":"https:\/\/cospacc.org\/index.php?rest_route=\/wp\/v2\/posts"}],"about":[{"href":"https:\/\/cospacc.org\/index.php?rest_route=\/wp\/v2\/types\/post"}],"author":[{"embeddable":true,"href":"https:\/\/cospacc.org\/index.php?rest_route=\/wp\/v2\/users\/1"}],"replies":[{"embeddable":true,"href":"https:\/\/cospacc.org\/index.php?rest_route=%2Fwp%2Fv2%2Fcomments&post=322"}],"version-history":[{"count":1,"href":"https:\/\/cospacc.org\/index.php?rest_route=\/wp\/v2\/posts\/322\/revisions"}],"predecessor-version":[{"id":332,"href":"https:\/\/cospacc.org\/index.php?rest_route=\/wp\/v2\/posts\/322\/revisions\/332"}],"wp:attachment":[{"href":"https:\/\/cospacc.org\/index.php?rest_route=%2Fwp%2Fv2%2Fmedia&parent=322"}],"wp:term":[{"taxonomy":"category","embeddable":true,"href":"https:\/\/cospacc.org\/index.php?rest_route=%2Fwp%2Fv2%2Fcategories&post=322"},{"taxonomy":"post_tag","embeddable":true,"href":"https:\/\/cospacc.org\/index.php?rest_route=%2Fwp%2Fv2%2Ftags&post=322"}],"curies":[{"name":"wp","href":"https:\/\/api.w.org\/{rel}","templated":true}]}}