{"id":348,"date":"2019-06-26T03:35:35","date_gmt":"2019-06-26T03:35:35","guid":{"rendered":"https:\/\/cospacc.org\/?p=348"},"modified":"2019-06-27T01:07:23","modified_gmt":"2019-06-27T01:07:23","slug":"nuestras-luchas-dos-decadas-de-impunidad-y-barbarie","status":"publish","type":"post","link":"https:\/\/cospacc.org\/?p=348","title":{"rendered":"Nuestras luchas dos d\u00e9cadas de impunidad y barbarie"},"content":{"rendered":"\n<p><em>Por: Corporaci\u00f3n Social para la Asesor\u00eda y Capacitaci\u00f3n Comunitaria \u2013 COSPACC-<\/em><\/p>\n\n\n\n<figure class=\"wp-block-image\"><img loading=\"lazy\" decoding=\"async\" width=\"750\" height=\"500\" src=\"https:\/\/cospacc.org\/wp-content\/uploads\/2019\/06\/webcasanare-victimas.jpg\" alt=\"\" class=\"wp-image-351\" srcset=\"https:\/\/cospacc.org\/wp-content\/uploads\/2019\/06\/webcasanare-victimas.jpg 750w, https:\/\/cospacc.org\/wp-content\/uploads\/2019\/06\/webcasanare-victimas-300x200.jpg 300w\" sizes=\"auto, (max-width: 750px) 100vw, 750px\" \/><\/figure>\n\n\n\n<p>&nbsp;Casanare no ha escapado de las atrocidades\npropias de la imposici\u00f3n de un modelo de desarrollo. La d\u00e9cada de los noventa\ncomenz\u00f3 con una transici\u00f3n entre la hacienda tradicional (terratenientes), la\navanzada del narcotr\u00e1fico con Gonzalo Rodr\u00edguez Gacha, V\u00edctor Carranza a la\ncabeza acompa\u00f1ado de V\u00edctor Feliciano y H\u00e9ctor Buitrago, que sumado a los\nhallazgos petroleros en manos de la transnacional brit\u00e1nica BP (hoy Equion),\nconfiguraron una tenebrosa estrategia en defensa de sus intereses sembrando con\nello terror y barbarie segando la vida de campesinos, sindicalistas, ind\u00edgenas,\nl\u00edderes sociales y pol\u00edticos, dejando dolor en la poblaci\u00f3n y un gran manto de\nimpunidad que se entreteje entre los benefactores y la justicia. <\/p>\n\n\n\n<p>M\u00e1s de dos d\u00e9cadas de impunidad y barbarie son la huella del oro negro en esta regi\u00f3n del pa\u00eds. Persecuci\u00f3n al movimiento campesino, sindical, c\u00edvico e ind\u00edgena dan cuenta de ello cerca de 2600 desaparecidos, mayoritariamente campesinos. En tan solo en 5 meses entre noviembre de 2002 y marzo de 2003 paramilitares de Mart\u00edn llanos desaparecieron 60 personas, 27 de ellas en el municipio de Recetor y 33 en el municipio de Ch\u00e1meza, con la presunta ayuda de los militares que hac\u00edan presencia en la zona y que eran comandados por el coronel (r) del Ej\u00e9rcito Nacional, Juan Carlos Casta\u00f1eda Villamizar quien hoy goza de buena salud jur\u00eddica y en donde como por arte de magia,&nbsp; &nbsp;luego de ocurridos los sucesos brot\u00f3 la explotaci\u00f3n petrolera en manos de la multinacional Brasile\u00f1a Petrobras.<\/p>\n\n\n\n<ul class=\"wp-block-gallery columns-3 is-cropped wp-block-gallery-1 is-layout-flex wp-block-gallery-is-layout-flex\"><li class=\"blocks-gallery-item\"><figure><img loading=\"lazy\" decoding=\"async\" width=\"1000\" height=\"613\" src=\"https:\/\/cospacc.org\/wp-content\/uploads\/2019\/06\/dsc0009_nef_embedded.jpg\" alt=\"\" data-id=\"354\" data-link=\"https:\/\/cospacc.org\/?attachment_id=354\" class=\"wp-image-354\" srcset=\"https:\/\/cospacc.org\/wp-content\/uploads\/2019\/06\/dsc0009_nef_embedded.jpg 1000w, https:\/\/cospacc.org\/wp-content\/uploads\/2019\/06\/dsc0009_nef_embedded-300x184.jpg 300w, https:\/\/cospacc.org\/wp-content\/uploads\/2019\/06\/dsc0009_nef_embedded-768x471.jpg 768w\" sizes=\"auto, (max-width: 1000px) 100vw, 1000px\" \/><\/figure><\/li><li class=\"blocks-gallery-item\"><figure><img loading=\"lazy\" decoding=\"async\" width=\"592\" height=\"332\" src=\"https:\/\/cospacc.org\/wp-content\/uploads\/2019\/06\/Cospacc-1.jpeg\" alt=\"\" data-id=\"355\" data-link=\"https:\/\/cospacc.org\/?attachment_id=355\" class=\"wp-image-355\" srcset=\"https:\/\/cospacc.org\/wp-content\/uploads\/2019\/06\/Cospacc-1.jpeg 592w, https:\/\/cospacc.org\/wp-content\/uploads\/2019\/06\/Cospacc-1-300x168.jpeg 300w\" sizes=\"auto, (max-width: 592px) 100vw, 592px\" \/><\/figure><\/li><li class=\"blocks-gallery-item\"><figure><img loading=\"lazy\" decoding=\"async\" width=\"1024\" height=\"570\" src=\"https:\/\/cospacc.org\/wp-content\/uploads\/2019\/06\/GLOBALIZANDO-LA-LUCHA.-foto-1024x570-1024x570.jpg\" alt=\"\" data-id=\"356\" data-link=\"https:\/\/cospacc.org\/?attachment_id=356\" class=\"wp-image-356\" srcset=\"https:\/\/cospacc.org\/wp-content\/uploads\/2019\/06\/GLOBALIZANDO-LA-LUCHA.-foto-1024x570.jpg 1024w, https:\/\/cospacc.org\/wp-content\/uploads\/2019\/06\/GLOBALIZANDO-LA-LUCHA.-foto-1024x570-300x167.jpg 300w, https:\/\/cospacc.org\/wp-content\/uploads\/2019\/06\/GLOBALIZANDO-LA-LUCHA.-foto-1024x570-768x428.jpg 768w\" sizes=\"auto, (max-width: 1024px) 100vw, 1024px\" \/><\/figure><\/li><li class=\"blocks-gallery-item\"><figure><img loading=\"lazy\" decoding=\"async\" width=\"726\" height=\"544\" src=\"https:\/\/cospacc.org\/wp-content\/uploads\/2019\/06\/lider.jpg\" alt=\"\" data-id=\"357\" data-link=\"https:\/\/cospacc.org\/?attachment_id=357\" class=\"wp-image-357\" srcset=\"https:\/\/cospacc.org\/wp-content\/uploads\/2019\/06\/lider.jpg 726w, https:\/\/cospacc.org\/wp-content\/uploads\/2019\/06\/lider-300x225.jpg 300w\" sizes=\"auto, (max-width: 726px) 100vw, 726px\" \/><\/figure><\/li><li class=\"blocks-gallery-item\"><figure><img loading=\"lazy\" decoding=\"async\" width=\"1024\" height=\"744\" src=\"https:\/\/cospacc.org\/wp-content\/uploads\/2019\/06\/016-1024x744.jpg\" alt=\"\" data-id=\"358\" data-link=\"https:\/\/cospacc.org\/?attachment_id=358\" class=\"wp-image-358\" srcset=\"https:\/\/cospacc.org\/wp-content\/uploads\/2019\/06\/016-1024x744.jpg 1024w, https:\/\/cospacc.org\/wp-content\/uploads\/2019\/06\/016-300x218.jpg 300w, https:\/\/cospacc.org\/wp-content\/uploads\/2019\/06\/016-768x558.jpg 768w, https:\/\/cospacc.org\/wp-content\/uploads\/2019\/06\/016.jpg 1600w\" sizes=\"auto, (max-width: 1024px) 100vw, 1024px\" \/><\/figure><\/li><\/ul>\n\n\n\n<p>&nbsp;<strong>Resumen de la agresi\u00f3n en Casanare 1990-2015 sin contar desplazamiento forzado<\/strong><\/p>\n\n\n\n<figure class=\"wp-block-image\"><img loading=\"lazy\" decoding=\"async\" width=\"1024\" height=\"376\" src=\"https:\/\/cospacc.org\/wp-content\/uploads\/2019\/06\/nuestras-luchas-1024x376.jpg\" alt=\"\" class=\"wp-image-349\" srcset=\"https:\/\/cospacc.org\/wp-content\/uploads\/2019\/06\/nuestras-luchas-1024x376.jpg 1024w, https:\/\/cospacc.org\/wp-content\/uploads\/2019\/06\/nuestras-luchas-300x110.jpg 300w, https:\/\/cospacc.org\/wp-content\/uploads\/2019\/06\/nuestras-luchas-768x282.jpg 768w, https:\/\/cospacc.org\/wp-content\/uploads\/2019\/06\/nuestras-luchas.jpg 2026w\" sizes=\"auto, (max-width: 1024px) 100vw, 1024px\" \/><\/figure>\n\n\n\n<p>Una estrategia &nbsp;en defensa de la explotaci\u00f3n petrolera en el departamento origina la agresi\u00f3n , m\u00e1s all\u00e1 de agredir a los sectores sociales, cont\u00f3 con el aniquilamiento del movimiento social, y la oposici\u00f3n pol\u00edtica tanto al modelo extractivo como pol\u00edtico, no en vano la muerte del entonces director de Corporinoquia Carlos Hernando Vargas Suarez, quien fuera asesinado por paramilitares, justo despu\u00e9s de salir de una reuni\u00f3n con las empresas petroleras, Perenco, Oxy y BP el 02 de diciembre de 1998, seg\u00fan testimonios Su\u00e1rez pretend\u00eda hacer regir las normas ambientales como impedir licencias ambientales globales que colocaban en riesgo el patrimonio ecol\u00f3gico de la regi\u00f3n y el cumplimiento del 1 % de compensaci\u00f3n ambiental por utilizaci\u00f3n de agua. Otro ejemplo, la muerte de Carlos Octavio Vargas Ovejero ex secretario general de la alcald\u00eda de Aguazul, que se encontraba en campa\u00f1a a la diputaci\u00f3n departamental cuando por segunda vez es secuestrado por paramilitares de Mart\u00edn Llanos y posteriormente asesinado el 30 de agosto del 2000; Vargas Ovejero critic\u00f3 la labor de las Fuerzas Militares al servicio de la multinacional BP en entrevistas dadas a medios de televisi\u00f3n Inglesa como La BBC de Londres y Mundo en Acci\u00f3n. En 2013, el juez segundo administrativo de descongesti\u00f3n de Santa Rosa de Viterbo Boyac\u00e1, fall\u00f3 como muy pocas veces se atreven, mediante una sentencia, declarando responsable administrativa y contractualmente a la Naci\u00f3n, Ministerio de la Defensa, Ej\u00e9rcito Nacional, Brigada XVI, por la muerte del campesino Luis Alberto Vega Pati\u00f1o.<\/p>\n\n\n\n<ul class=\"wp-block-gallery columns-1 is-cropped wp-block-gallery-2 is-layout-flex wp-block-gallery-is-layout-flex\"><li class=\"blocks-gallery-item\"><figure><img loading=\"lazy\" decoding=\"async\" width=\"520\" height=\"390\" src=\"https:\/\/cospacc.org\/wp-content\/uploads\/2019\/06\/bp1.jpg\" alt=\"\" data-id=\"352\" class=\"wp-image-352\" srcset=\"https:\/\/cospacc.org\/wp-content\/uploads\/2019\/06\/bp1.jpg 520w, https:\/\/cospacc.org\/wp-content\/uploads\/2019\/06\/bp1-300x225.jpg 300w\" sizes=\"auto, (max-width: 520px) 100vw, 520px\" \/><\/figure><\/li><\/ul>\n\n\n\n<p> As\u00ed nos cont\u00f3 la viuda, con palabras entrecortadas de manera muy valiente lo que sucedi\u00f3 aquella vez: \u00ab<strong><em>Mi esposo era un campesino de 43 a\u00f1os, dedicado a la ganader\u00eda y la agricultura, viv\u00edamos en la vereda Ocobe, del municipio de Labranzagrande. Compartimos nuestras vidas durante veinte a\u00f1os. Era un hombre dedicado al hogar y a las actividades del campo, adem\u00e1s siempre se preocup\u00f3 por el bienestar de la comunidad. Nosotros llev\u00e1bamos una vida tranquila hasta cuando militares lo detuvieron sin ninguna orden judicial, lo asesinaron y lo hicieron pasar como guerrillero muerto en combate, luego de haber simulado un enfrentamiento\u00bb<\/em>.<\/strong> Dentro de la sentencia, el juez orden\u00f3: \u201c<em>como medida de reparaci\u00f3n simb\u00f3lica, la celebraci\u00f3n de acto p\u00fablico en el municipio de Labranzagrande Boyac\u00e1, en el cual se le pida perd\u00f3n a la familia Vega Pati\u00f1o, por los hechos ocurridos el d\u00eda 04 de junio de 2006 y afirmar de manera categ\u00f3rica que no hay duda que el se\u00f1or Luis Alberto Vega Pati\u00f1o, no pertenec\u00eda a ning\u00fan grupo armado al margen de la ley\u201d.<\/em><\/p>\n\n\n\n<p>&nbsp;El 30 de enero de 2014, en el parque principal\nde Labranzagrande Boyac\u00e0, El mayor general Ricardo G\u00f3mez Nieto comandante de la\noctava divisi\u00f3n del Ej\u00e9rcito Nacional, tom\u00f3 la palabra el general, antes de\nentregarle un ramo de flores a la viuda, sin ni siquiera atreverse a mirarla a\nlos ojos, diciendo entre otras cosas: \u201c<em>Comparto\nel dolor que sienten todos ustedes. Si bien estas palabras y cualquier otra\nmedida de reparaci\u00f3n no podr\u00e1n aliviar su aflicci\u00f3n ni resarcir la tristeza, ni\nel dolor que los embarga por la muerte de su ser querido (\u2026) quiero que sepan\nque ellas manifiestan el compromiso indeclinable de la fuerza p\u00fablica para\nevitar que hechos como estos se repitan en el futuro (\u2026) Quiero aprovechar esta\nocasi\u00f3n para manifestar que la Fuerza P\u00fablica como defensora de los derechos\nhumanos de nuestros conciudadanos, siempre ha estado, est\u00e1 y estar\u00e1 dispuesta a\nayudar a esclarecer la verdad, frente a cualquier hecho que ponga en duda sobre\nsu actuaci\u00f3n\u201d<\/em>. el acto que no dur\u00f3 m\u00e1s de 24 minutos, fue considerado por\nlas v\u00edctimas como un acto de burla hacia las familias de las v\u00edctimas, pues \u00e9l\nentonces El comandante de la Brigada 16 el exgeneral HENRY WILLIAM TORRES ESCALANTE,\nimplicado en la muerte de LUIS ALBERTO VEGA, como la gran mayor\u00eda de casos de\nejecuciones extrajudiciales con modalidad de falsos positivos, contin\u00faan en la\nimpunidad.<\/p>\n\n\n\n<p>&nbsp;\u201d Nos preguntamos, queriendo encontrar\nrespuestas: <em>\u00bfRealmente es un acto de\nreparaci\u00f3n simb\u00f3lica lo que hicieron los victimarios, o se trata con su\npresencia desbordada e intimidatoria, en un acto de revictimizaci\u00f3n<\/em>?. <em>\u00bfPodr\u00e1n ser sinceras las expresiones de\ndisculpas p\u00fablicas y pedir perd\u00f3n por parte de los generales, mientras se\nafirma con voz de mando, que en representaci\u00f3n de la ley seguir\u00e1n matando, para\ngarantizar las libertades y defender los derechos humanos?<\/em>,. <em>\u00bfSer\u00e1n las v\u00edctimas quienes deben\ndecidir, de qu\u00e9 manera deben ser y que deben contener este tipo de actos?<\/em>.\n<\/p>\n\n\n\n<p>En fin, son muchas las inquietudes que nos seguir\u00e1n surgiendo, cuando se habla de tiempos de paz e incluso de post-conflicto; mientras generales de la rep\u00fablica, hablan de hacer mafias para denunciar a la Fiscal\u00eda y borrar cualquier acci\u00f3n, que intente investigar y esclarecer los cr\u00edmenes de Estado. Queda claro que si bien los altos oficiales manifiestan su intenci\u00f3n de evitar este tipo de hechos en un futuro&#8230;. <em>\u00bfentonces mientras tanto que se est\u00e1 haciendo en el presente?<\/em> Lo que s\u00ed es cierto, es que nos toca seguir luchando de manera organizada caracteriz\u00e1ndonos por la solidaridad y la conciencia pol\u00edtica; exigiendo implacablemente verdad justicia, reparaci\u00f3n integral. Tras dos largas d\u00e9cadas de agresi\u00f3n en el departamento de Casanare, v\u00edctimas y familiares de v\u00edctimas del conflicto social y armado y delegados de organizaciones defensoras de Derechos Humanos nacionales e internacionales, continuamos trabajando para hacer visible la impunidad y la barbarie que ha azotado nuestra regi\u00f3n.<\/p>\n\n\n\n<figure class=\"wp-block-image\"><img loading=\"lazy\" decoding=\"async\" width=\"791\" height=\"1024\" src=\"https:\/\/cospacc.org\/wp-content\/uploads\/2019\/06\/Publicaci\u00f3n5-791x1024.jpg\" alt=\"\" class=\"wp-image-367\" srcset=\"https:\/\/cospacc.org\/wp-content\/uploads\/2019\/06\/Publicaci\u00f3n5-791x1024.jpg 791w, https:\/\/cospacc.org\/wp-content\/uploads\/2019\/06\/Publicaci\u00f3n5-232x300.jpg 232w, https:\/\/cospacc.org\/wp-content\/uploads\/2019\/06\/Publicaci\u00f3n5-768x994.jpg 768w\" sizes=\"auto, (max-width: 791px) 100vw, 791px\" \/><\/figure>\n\n\n\n<figure class=\"wp-block-image\"><img loading=\"lazy\" decoding=\"async\" width=\"791\" height=\"1024\" src=\"https:\/\/cospacc.org\/wp-content\/uploads\/2019\/06\/nuestras-luchas-5.2-791x1024.jpg\" alt=\"\" class=\"wp-image-369\" srcset=\"https:\/\/cospacc.org\/wp-content\/uploads\/2019\/06\/nuestras-luchas-5.2-791x1024.jpg 791w, https:\/\/cospacc.org\/wp-content\/uploads\/2019\/06\/nuestras-luchas-5.2-232x300.jpg 232w, https:\/\/cospacc.org\/wp-content\/uploads\/2019\/06\/nuestras-luchas-5.2-768x994.jpg 768w, https:\/\/cospacc.org\/wp-content\/uploads\/2019\/06\/nuestras-luchas-5.2.jpg 1275w\" sizes=\"auto, (max-width: 791px) 100vw, 791px\" \/><\/figure>\n\n\n\n<figure class=\"wp-block-image\"><img loading=\"lazy\" decoding=\"async\" width=\"791\" height=\"1024\" src=\"https:\/\/cospacc.org\/wp-content\/uploads\/2019\/06\/5.2-791x1024.jpg\" alt=\"\" class=\"wp-image-370\" srcset=\"https:\/\/cospacc.org\/wp-content\/uploads\/2019\/06\/5.2-791x1024.jpg 791w, https:\/\/cospacc.org\/wp-content\/uploads\/2019\/06\/5.2-232x300.jpg 232w, https:\/\/cospacc.org\/wp-content\/uploads\/2019\/06\/5.2-768x994.jpg 768w, https:\/\/cospacc.org\/wp-content\/uploads\/2019\/06\/5.2.jpg 1275w\" sizes=\"auto, (max-width: 791px) 100vw, 791px\" \/><\/figure>\n\n\n\n<figure class=\"wp-block-image\"><img loading=\"lazy\" decoding=\"async\" width=\"791\" height=\"1024\" src=\"https:\/\/cospacc.org\/wp-content\/uploads\/2019\/06\/5.3-791x1024.jpg\" alt=\"\" class=\"wp-image-368\" srcset=\"https:\/\/cospacc.org\/wp-content\/uploads\/2019\/06\/5.3-791x1024.jpg 791w, https:\/\/cospacc.org\/wp-content\/uploads\/2019\/06\/5.3-232x300.jpg 232w, https:\/\/cospacc.org\/wp-content\/uploads\/2019\/06\/5.3-768x994.jpg 768w, https:\/\/cospacc.org\/wp-content\/uploads\/2019\/06\/5.3.jpg 1275w\" sizes=\"auto, (max-width: 791px) 100vw, 791px\" \/><\/figure>\n","protected":false},"excerpt":{"rendered":"<p>Por: Corporaci\u00f3n Social para la Asesor\u00eda y Capacitaci\u00f3n Comunitaria \u2013 COSPACC- &nbsp;Casanare no ha escapado de las atrocidades propias de<\/p>\n","protected":false},"author":1,"featured_media":0,"comment_status":"open","ping_status":"open","sticky":false,"template":"","format":"standard","meta":{"colormag_page_layout":"default_layout","footnotes":""},"categories":[15,1],"tags":[17,13,18,40],"class_list":["post-348","post","type-post","status-publish","format-standard","hentry","category-derechos-humanos","category-nuestras-luchas","tag-casanare","tag-cospacc","tag-derechos-humanos","tag-memoria"],"_links":{"self":[{"href":"https:\/\/cospacc.org\/index.php?rest_route=\/wp\/v2\/posts\/348","targetHints":{"allow":["GET"]}}],"collection":[{"href":"https:\/\/cospacc.org\/index.php?rest_route=\/wp\/v2\/posts"}],"about":[{"href":"https:\/\/cospacc.org\/index.php?rest_route=\/wp\/v2\/types\/post"}],"author":[{"embeddable":true,"href":"https:\/\/cospacc.org\/index.php?rest_route=\/wp\/v2\/users\/1"}],"replies":[{"embeddable":true,"href":"https:\/\/cospacc.org\/index.php?rest_route=%2Fwp%2Fv2%2Fcomments&post=348"}],"version-history":[{"count":4,"href":"https:\/\/cospacc.org\/index.php?rest_route=\/wp\/v2\/posts\/348\/revisions"}],"predecessor-version":[{"id":371,"href":"https:\/\/cospacc.org\/index.php?rest_route=\/wp\/v2\/posts\/348\/revisions\/371"}],"wp:attachment":[{"href":"https:\/\/cospacc.org\/index.php?rest_route=%2Fwp%2Fv2%2Fmedia&parent=348"}],"wp:term":[{"taxonomy":"category","embeddable":true,"href":"https:\/\/cospacc.org\/index.php?rest_route=%2Fwp%2Fv2%2Fcategories&post=348"},{"taxonomy":"post_tag","embeddable":true,"href":"https:\/\/cospacc.org\/index.php?rest_route=%2Fwp%2Fv2%2Ftags&post=348"}],"curies":[{"name":"wp","href":"https:\/\/api.w.org\/{rel}","templated":true}]}}