{"id":372,"date":"2019-06-29T01:45:12","date_gmt":"2019-06-29T01:45:12","guid":{"rendered":"https:\/\/cospacc.org\/?p=372"},"modified":"2019-11-23T21:26:34","modified_gmt":"2019-11-23T21:26:34","slug":"persecucion-a-la-asociacion-departamental-de-usuarios-campesinos-de-casanare-aduc","status":"publish","type":"post","link":"https:\/\/cospacc.org\/?p=372","title":{"rendered":"Persecuci\u00f3n a la Asociaci\u00f3n Departamental de Usuarios Campesinos de Casanare \u2013ADUC-"},"content":{"rendered":"\n<p class=\"has-text-align-right\">Por: Corporaci\u00f3n Social\npara la Asesor\u00eda y Capacitaci\u00f3n Comunitaria \u2013COSPACC-<\/p>\n\n\n\n<figure class=\"wp-block-gallery columns-3 is-cropped wp-block-gallery-1 is-layout-flex wp-block-gallery-is-layout-flex\"><ul class=\"blocks-gallery-grid\"><li class=\"blocks-gallery-item\"><figure><img loading=\"lazy\" decoding=\"async\" width=\"571\" height=\"862\" src=\"https:\/\/cospacc.org\/wp-content\/uploads\/2019\/06\/arrigu.jpg\" alt=\"\" data-id=\"373\" data-link=\"https:\/\/cospacc.org\/?attachment_id=373\" class=\"wp-image-373\" srcset=\"https:\/\/cospacc.org\/wp-content\/uploads\/2019\/06\/arrigu.jpg 571w, https:\/\/cospacc.org\/wp-content\/uploads\/2019\/06\/arrigu-199x300.jpg 199w\" sizes=\"auto, (max-width: 571px) 100vw, 571px\" \/><\/figure><\/li><li class=\"blocks-gallery-item\"><figure><img loading=\"lazy\" decoding=\"async\" width=\"352\" height=\"611\" src=\"https:\/\/cospacc.org\/wp-content\/uploads\/2019\/06\/Benjamin.jpg\" alt=\"\" data-id=\"374\" data-link=\"https:\/\/cospacc.org\/?attachment_id=374\" class=\"wp-image-374\" srcset=\"https:\/\/cospacc.org\/wp-content\/uploads\/2019\/06\/Benjamin.jpg 352w, https:\/\/cospacc.org\/wp-content\/uploads\/2019\/06\/Benjamin-173x300.jpg 173w\" sizes=\"auto, (max-width: 352px) 100vw, 352px\" \/><\/figure><\/li><li class=\"blocks-gallery-item\"><figure><img loading=\"lazy\" decoding=\"async\" width=\"503\" height=\"738\" src=\"https:\/\/cospacc.org\/wp-content\/uploads\/2019\/06\/luis.jpg\" alt=\"\" data-id=\"375\" data-link=\"https:\/\/cospacc.org\/?attachment_id=375\" class=\"wp-image-375\" srcset=\"https:\/\/cospacc.org\/wp-content\/uploads\/2019\/06\/luis.jpg 503w, https:\/\/cospacc.org\/wp-content\/uploads\/2019\/06\/luis-204x300.jpg 204w\" sizes=\"auto, (max-width: 503px) 100vw, 503px\" \/><\/figure><\/li><li class=\"blocks-gallery-item\"><figure><img loading=\"lazy\" decoding=\"async\" width=\"380\" height=\"364\" src=\"https:\/\/cospacc.org\/wp-content\/uploads\/2019\/06\/pacho.jpg\" alt=\"\" data-id=\"376\" data-link=\"https:\/\/cospacc.org\/?attachment_id=376\" class=\"wp-image-376\" srcset=\"https:\/\/cospacc.org\/wp-content\/uploads\/2019\/06\/pacho.jpg 380w, https:\/\/cospacc.org\/wp-content\/uploads\/2019\/06\/pacho-300x287.jpg 300w\" sizes=\"auto, (max-width: 380px) 100vw, 380px\" \/><\/figure><\/li><li class=\"blocks-gallery-item\"><figure><img loading=\"lazy\" decoding=\"async\" width=\"435\" height=\"519\" src=\"https:\/\/cospacc.org\/wp-content\/uploads\/2019\/06\/paton.jpg\" alt=\"\" data-id=\"377\" data-link=\"https:\/\/cospacc.org\/?attachment_id=377\" class=\"wp-image-377\" srcset=\"https:\/\/cospacc.org\/wp-content\/uploads\/2019\/06\/paton.jpg 435w, https:\/\/cospacc.org\/wp-content\/uploads\/2019\/06\/paton-251x300.jpg 251w\" sizes=\"auto, (max-width: 435px) 100vw, 435px\" \/><\/figure><\/li><li class=\"blocks-gallery-item\"><figure><img loading=\"lazy\" decoding=\"async\" width=\"376\" height=\"515\" src=\"https:\/\/cospacc.org\/wp-content\/uploads\/2019\/06\/paton-si.jpg\" alt=\"\" data-id=\"378\" data-link=\"https:\/\/cospacc.org\/?attachment_id=378\" class=\"wp-image-378\" srcset=\"https:\/\/cospacc.org\/wp-content\/uploads\/2019\/06\/paton-si.jpg 376w, https:\/\/cospacc.org\/wp-content\/uploads\/2019\/06\/paton-si-219x300.jpg 219w\" sizes=\"auto, (max-width: 376px) 100vw, 376px\" \/><\/figure><\/li><\/ul><\/figure>\n\n\n\n<p>&nbsp;En Casanare el movimiento\ncampesino fue el primero en recibir la arremetida, el asesinato de connotados\ndirigentes en su gran mayor\u00eda de la Asociaci\u00f3n Departamental de Usuarios\nCampesinos de Casanare (ADUC) que comenz\u00f3 con la muerte de <strong>Luis Mar\u00eda Jim\u00e9nez <\/strong>el 10 de agosto de 1991, <strong>H\u00e9ctor Hostilio Salamanca<\/strong> el 22 de Marzo de 1992, <strong>Pablo Antonio Buitrago<\/strong> el 15 de junio\nde 1992, <strong>Carlos Mes\u00edas Arrigu\u00ed<\/strong> y <strong>Gabriel Federico Asencio<\/strong> el 13 de abril\nde 1995, cerrando el ciclo con asesinato de <strong>Beyer Parada<\/strong> y a <strong>Ubaldina Su\u00e1rez<\/strong>\nocurrida el mi\u00e9rcoles 29 de septiembre de 1999, cuando tropas del Ej\u00e9rcito\nNacional detuvieron ilegal y arbitrariamente y luego los ejecutaron en la\nvereda La Florida, del municipio casanare\u00f1o de Aguazul. <\/p>\n\n\n\n<p>Sus cuerpos fueron hallados degollados. Beyer se\ndesempe\u00f1aba como presidente del comit\u00e9 veredal de usuarios campesinos de la\nVereda las Brisas de municipio de Aguazul y la posterior desaparici\u00f3n de la\nciudad de El Yopal del dirigente campesino y periodista y Cantautor <strong>Benjam\u00edn Mar\u00edn Lizarazo<\/strong> hecho que\nocurriera el 28 de febrero de 2001, sin que hasta ahora se conozca su paradero.<\/p>\n\n\n\n<p>&nbsp;Carlos Arrigu\u00ed\nhab\u00eda representado a la \u2013ADUC- en las negociaciones con la BP iniciadas en\nenero de 1994, las cuales fueron cr\u00edticas, dado al incumplimiento de las\npromesas hechas. En este tiempo se produjeron amenazas que estuvieron\nrelacionadas con su posici\u00f3n ante la BP. Tanto en meses anteriores como\nposteriores a ejecuci\u00f3n de Arrigu\u00ed, otros miembros de la organizaci\u00f3n campesina\nfueron sometidos a amenazas, atentados y persecuciones. El 6 de abril de 1994\nel General \u00c1lvaro Velandia Hurtado comandante de la XVI del Ej\u00e9rcito con sede\nen Yopal, hizo se\u00f1alamiento p\u00fablico contra el movimiento campesino. El General\nVelandia fue trasladado a otras divisiones del Ej\u00e9rcito y por este hecho no hay\ninvestigados y tampoco condenados.<\/p>\n\n\n\n<p>&nbsp;Efectivamente, el\nasesinato de los dirigentes campesinos Carlos Arrig\u00ed y Gabriel Ascencio, el\natentado al campesino de la vereda Marroqu\u00edn, Segundo Su\u00e1rez, el allanamiento a\nla vivienda de Fanny N\u00fa\u00f1ez, la detenci\u00f3n carcelaria de Hernando C\u00e1ceres\nactivista de la Asociaci\u00f3n Nacional de Usuarios Campesinos \u2013ANUC- Casanare y del\npresidente de la Asociaci\u00f3n Municipal de Usuarios Campesinos de Yopal Humberto\nCasta\u00f1eda, fueron hechos que atrajeron la atenci\u00f3n de la comunidad\ninternacional sobre BP y sobre la regi\u00f3n. <\/p>\n\n\n\n<p>\u201cEl Pat\u00f3n\u201d, Luis Mar\u00eda Jim\u00e9nez, llamado as\u00ed por\ncompa\u00f1eros, ex alcalde del municipio de Aguazul Casanare (1988-1990) por su\napoyo a las luchas campesinas en defensa de la tierra, fue nombrado presidente\nde la Asociaci\u00f3n Municipal de Usuarios Campesinos del mismo municipio, fue\nasesinado el 10 de agosto de 1991. Dirigente pol\u00edtico. Su muerte hoy se\nencuentra en completa impunidad. A\u00f1os m\u00e1s tarde su hijo Mauricio Jim\u00e9nez P\u00e9rez<a href=\"#_ftn1\">[1]<\/a>, hered\u00f3 la fama de su\npadre, pero al contrario de \u00e9ste sirvi\u00f3 a la clase terrateniente y pol\u00edtica del\ndepartamento. Hoy se encuentra pr\u00f3fugo de la justicia al ser condenado por la\ndesaparici\u00f3n forzada.<\/p>\n\n\n\n<p>&nbsp;Carlos Arrigu\u00ed \u201cUn\nhombre entregado a un pueblo, ejemplo de dignidad y lucha social\u201d naci\u00f3 en\nBel\u00e9n de los Andaqu\u00edes, Caquet\u00e1, el 22 de mayo de 1945, asesinado en Yopal\nCasanare el 13 de abril de 1995. Se dedicaba al trabajo de campo y al trabajo\nsocial y comunitario del movimiento campesino, las Juntas de Acci\u00f3n Comunal y\nsectores populares en varias regiones del pa\u00eds, conform\u00f3 su hogar con Edita Guenis\nla compa\u00f1era de toda su vida, hombre campesino, aserrador, dirigente social y\neducador popular. Particip\u00f3 en la Federaci\u00f3n Agraria Nacional FANAL, desde muy\njoven en su regi\u00f3n natal. M\u00e1s tarde, en su paso por los municipios boyacenses\nJeric\u00f3 y Pajarito, se destac\u00f3 como directivo de las Juntas de Acci\u00f3n Comunal.\nEn el departamento de Casanare hizo parte de la Asociaci\u00f3n Nacional de Usuarios\nCampesinos ANUC, y la recuperaci\u00f3n de tierras que hac\u00edan los campesinos de\nAguazul, Yopal y Orocu\u00e9, bajo el lema <strong><em>\u201cTierra pa&#8217;l que la trabaja<\/em><\/strong>.\u201d En la\nANUC, trabaj\u00f3 para la constituci\u00f3n de las asociaciones en cada municipio, el\ncual logr\u00f3 la conformaci\u00f3n de diez municipales y la constituci\u00f3n de la\nDepartamental de Usuarios Campesinos de Casanare. Tambi\u00e9n hizo parte pro pavimentaci\u00f3n\ndel Morro, el Comit\u00e9 pro defensa de los sectores populares de Yopal, el\nproyecto de vivienda de autogesti\u00f3n, La Uni\u00f3n San Carlos, ADUC Casanare y las\ncasas campesinas. Era un hombre disciplinado, ordenado, puntual en sus\ncompromisos y cumplidor de la palabra que siempre contaba con tiempo \u201c<em>para escuchar a quien fuera<\/em>\u201d. Junto al\nmovimiento campesino dio sus luchas por la tierra y por el respeto por el\nterritorio por parte de las empresas petroleras, convirti\u00e9ndose as\u00ed en la \u201c<em>piedra en el zapato<\/em>\u201d siendo una de las primera\nv\u00edctima. Su legado ha trascendido, se realiz\u00f3 la primera escuela de l\u00edderes y\nlideresas que lleva su nombre &nbsp;en los\ndepartamentos de Casanare y Boyac\u00e1. Luego de 20 a\u00f1os recordamos y levantamos\nlas banderas de lucha del movimiento campesino donde Don Carlos Arrigu\u00ed fue uno\nde sus grandes.<\/p>\n\n\n\n<p>&nbsp;Benjam\u00edn Mar\u00edn\nLizarazo Naci\u00f3 en Aguazul Casanare, se grad\u00fao de bachiller en el municipio de\nCh\u00e1meza, obtuvo t\u00edtulo de periodista en el a\u00f1o 2000 en el municipio de Yopal.\nSe desempe\u00f1\u00f3 como dirigente campesino, periodista y poeta, trabaj\u00f3 en la secretar\u00eda\nde Agricultura de Casanare en el impulso de alternativas productivas.\nDesaparecido el 28 de febrero de 2001, sin que hasta ahora se conozca su\nparadero. Al d\u00eda siguiente del suceso tropas del Gaula de Casanare allanaron la\nhabitaci\u00f3n y vivienda del reconocido dirigente. Entre sus poemas preferidos se\nencuentran \u201cno te rindas\u201d y \u201cno te salves\u201d de Mario Benedeti.<\/p>\n\n\n\n<p>&nbsp;<strong>Persecuci\u00f3n a ACDAINSO<\/strong><\/p>\n\n\n\n<p>&nbsp;A finales de 2003,\nLa Asociaci\u00f3n Comunitaria por el desarrollo Social y Agroindustrial del Morro\n(ACDAINSO) particip\u00f3, junto a otras organizaciones sociales del corregimiento\ndel Morro, en un paro pac\u00edfico con el objetivo de reclamar a BP por los da\u00f1os\necol\u00f3gicos provocados por la explotaci\u00f3n petrolera, la baja contrataci\u00f3n de\ngente de la regi\u00f3n para trabajos calificados y el continuo incumplimiento de\nacuerdos con la comunidad en el \u00e1mbito social. Tras la movilizaci\u00f3n, la\ndirectiva de ACDAINSO empez\u00f3 a recibir amenazas escritas y telef\u00f3nicas, en las\ncuales se les increpaba con frases como \u00e9sta: \u201c<em>deje de joder con la BP\u201d<\/em>. Dichas amenazas fueron denunciadas en las\noficinas del Departamento Administrativo de Seguridad \u2013DAS- de Yopal, sin que\nhasta el momento haya recibido respuesta. All\u00ed fueron asesinados y amenazados\ngran parte de los l\u00edderes de esta asociaci\u00f3n creada precisamente para exigir a\nla BP inversi\u00f3n social, respeto al medio ambiente, reparaci\u00f3n de da\u00f1os sobre el\nmismo y condiciones de trabajo.<\/p>\n\n\n\n<p>&nbsp;El objetivo de la\nrepresi\u00f3n ha sido claro: sacar del camino todo tipo de resistencia que\nreivindique el respeto por sus derechos. El Movimiento C\u00edvico y Popular no\nescapa a esta agresi\u00f3n. Las muertes de <strong>Oswaldo\nAr\u00e9valo Vargas Pinto<\/strong> ocurrida el 2 de septiembre de 2004 y <strong>Jos\u00e9 Parmenio Parra Ponguta<\/strong> el 10 de\nmayo de 2005 en el corregimiento del Morro municipio de Yopal tuvieron en com\u00fan\nlas contradicciones con la petrolera BP y en donde el capit\u00e1n P\u00e9rez del\nbatall\u00f3n Gu\u00edas de Casanare jug\u00f3 papel protag\u00f3nico en el desmantelamiento de\nACDAINSO y la crisis de la asociaci\u00f3n de Juntas del Morro.<\/p>\n\n\n\n<p>&nbsp;La Ejecuci\u00f3n\nextrajudicial de <strong>Jos\u00e9 Parmenio<\/strong> y de <strong>Dumar<\/strong>, estuvo asediada por numerosas y\nrepetidas amenazas de muertes, tanto telef\u00f3nicas como escritas, a varios\nl\u00edderes de la Comunidad de El Morro y de la organizaci\u00f3n ACDAINSO, entre otros\na <strong>Javier Fonseca, Facundo Ot\u00e1lora,\nRamiro S\u00e1nchez, Javier Silva, Faustino Acevedo, Bernardo Ni\u00f1<\/strong>o. Fruto de\ntodo este terror fue la desaparici\u00f3n de ACDAINSO y la ADUC, mientras la empresa\nBP cre\u00f3 una organizaci\u00f3n para canalizar sus relaciones con las comunidades y\nsus proyectos sociales, llamada <em>Fundaci\u00f3n\nAmanecer<\/em>, fortalecida con los dineros del Plan Colombia. <strong>Jos\u00e9 Parmenio Parra Pongut\u00e1<\/strong> Ingeniero\ncivil, natural del corregimiento del Morro, de 33 a\u00f1os de edad, asesinado el\nmi\u00e9rcoles 10 de mayo de 2005 cuando se movilizaba en su motocicleta por la v\u00eda\nque conduce del municipio de Yopal al corregimiento del Morro del mismo municipio,\nen compa\u00f1\u00eda de <strong>Dumar Rodr\u00edguez<\/strong>, compa\u00f1ero\nde trabajo muy cerca de las instalaciones de la Brigada XVI y en zona de\ninfluencia petrolera, fueron interceptados por sujetos que se encontraban a\nbordo de una camioneta tipo cuatro puertas color blanco y sin placas, quienes\nprocedieron a ejecutarlos.<\/p>\n\n\n\n<p>&nbsp;<strong>Jos\u00e9 Parmenio<\/strong> hac\u00eda s\u00f3lo tres d\u00edas que\nhab\u00eda sido elegido por la asamblea general como el primer presidente en la\nhistoria de la Asociaci\u00f3n de Juntas de Acci\u00f3n Comunal del corregimiento de El\nMorro, organizaci\u00f3n que reemplazar\u00eda a la exterminada ACDAINSO, la cual fue\nperseguida permanentemente, por ser <em>\u201cla\npiedra en el zapato<\/em>\u201d para las empresas petroleras, a causa de las\nexigencias que a \u00e9stas les hac\u00edan las comunidades, organizaci\u00f3n en la que\nParmenio Parra fue su \u00faltimo representante. Este caso al igual que muchos otros\ncasos en el departamento hoy se encuentran en completa impunidad.<br><\/p>\n\n\n\n<hr class=\"wp-block-separator\"\/>\n\n\n\n<p><a href=\"#_ftnref1\">[1]<\/a> &#8211; http:\/\/www.eltiempo.com\/archivo\/documento\/MAM-136048 campesino\ny humilde trabajador cay\u00f3 bajo el fuego los carranceros y la clase pol\u00edtica y\nterrateniente del Casanare <\/p>\n","protected":false},"excerpt":{"rendered":"<p>Por: Corporaci\u00f3n Social para la Asesor\u00eda y Capacitaci\u00f3n Comunitaria \u2013COSPACC- &nbsp;En Casanare el movimiento campesino fue el primero en recibir<\/p>\n","protected":false},"author":1,"featured_media":373,"comment_status":"open","ping_status":"open","sticky":false,"template":"","format":"standard","meta":{"colormag_page_layout":"default_layout","footnotes":""},"categories":[1],"tags":[],"class_list":["post-372","post","type-post","status-publish","format-standard","has-post-thumbnail","hentry","category-nuestras-luchas"],"_links":{"self":[{"href":"https:\/\/cospacc.org\/index.php?rest_route=\/wp\/v2\/posts\/372","targetHints":{"allow":["GET"]}}],"collection":[{"href":"https:\/\/cospacc.org\/index.php?rest_route=\/wp\/v2\/posts"}],"about":[{"href":"https:\/\/cospacc.org\/index.php?rest_route=\/wp\/v2\/types\/post"}],"author":[{"embeddable":true,"href":"https:\/\/cospacc.org\/index.php?rest_route=\/wp\/v2\/users\/1"}],"replies":[{"embeddable":true,"href":"https:\/\/cospacc.org\/index.php?rest_route=%2Fwp%2Fv2%2Fcomments&post=372"}],"version-history":[{"count":2,"href":"https:\/\/cospacc.org\/index.php?rest_route=\/wp\/v2\/posts\/372\/revisions"}],"predecessor-version":[{"id":903,"href":"https:\/\/cospacc.org\/index.php?rest_route=\/wp\/v2\/posts\/372\/revisions\/903"}],"wp:featuredmedia":[{"embeddable":true,"href":"https:\/\/cospacc.org\/index.php?rest_route=\/wp\/v2\/media\/373"}],"wp:attachment":[{"href":"https:\/\/cospacc.org\/index.php?rest_route=%2Fwp%2Fv2%2Fmedia&parent=372"}],"wp:term":[{"taxonomy":"category","embeddable":true,"href":"https:\/\/cospacc.org\/index.php?rest_route=%2Fwp%2Fv2%2Fcategories&post=372"},{"taxonomy":"post_tag","embeddable":true,"href":"https:\/\/cospacc.org\/index.php?rest_route=%2Fwp%2Fv2%2Ftags&post=372"}],"curies":[{"name":"wp","href":"https:\/\/api.w.org\/{rel}","templated":true}]}}