{"id":380,"date":"2019-06-29T18:36:59","date_gmt":"2019-06-29T18:36:59","guid":{"rendered":"https:\/\/cospacc.org\/?p=380"},"modified":"2019-11-23T21:24:14","modified_gmt":"2019-11-23T21:24:14","slug":"persecucion-a-cospacc","status":"publish","type":"post","link":"https:\/\/cospacc.org\/?p=380","title":{"rendered":"Persecuci\u00f3n a COSPACC"},"content":{"rendered":"\n<figure class=\"wp-block-gallery columns-3 is-cropped wp-block-gallery-1 is-layout-flex wp-block-gallery-is-layout-flex\"><ul class=\"blocks-gallery-grid\"><li class=\"blocks-gallery-item\"><figure><img loading=\"lazy\" decoding=\"async\" width=\"592\" height=\"332\" src=\"https:\/\/cospacc.org\/wp-content\/uploads\/2019\/06\/Cospacc-2.jpeg\" alt=\"\" data-id=\"383\" data-link=\"https:\/\/cospacc.org\/?attachment_id=383\" class=\"wp-image-383\" srcset=\"https:\/\/cospacc.org\/wp-content\/uploads\/2019\/06\/Cospacc-2.jpeg 592w, https:\/\/cospacc.org\/wp-content\/uploads\/2019\/06\/Cospacc-2-300x168.jpeg 300w\" sizes=\"auto, (max-width: 592px) 100vw, 592px\" \/><\/figure><\/li><li class=\"blocks-gallery-item\"><figure><img loading=\"lazy\" decoding=\"async\" width=\"726\" height=\"469\" src=\"https:\/\/cospacc.org\/wp-content\/uploads\/2019\/06\/Cospacc-portada-2.jpg\" alt=\"\" data-id=\"384\" data-link=\"https:\/\/cospacc.org\/?attachment_id=384\" class=\"wp-image-384\" srcset=\"https:\/\/cospacc.org\/wp-content\/uploads\/2019\/06\/Cospacc-portada-2.jpg 726w, https:\/\/cospacc.org\/wp-content\/uploads\/2019\/06\/Cospacc-portada-2-300x194.jpg 300w\" sizes=\"auto, (max-width: 726px) 100vw, 726px\" \/><\/figure><\/li><li class=\"blocks-gallery-item\"><figure><img loading=\"lazy\" decoding=\"async\" width=\"756\" height=\"567\" src=\"https:\/\/cospacc.org\/wp-content\/uploads\/2019\/06\/274-1.jpg\" alt=\"\" data-id=\"393\" data-link=\"https:\/\/cospacc.org\/?attachment_id=393\" class=\"wp-image-393\" srcset=\"https:\/\/cospacc.org\/wp-content\/uploads\/2019\/06\/274-1.jpg 756w, https:\/\/cospacc.org\/wp-content\/uploads\/2019\/06\/274-1-300x225.jpg 300w\" sizes=\"auto, (max-width: 756px) 100vw, 756px\" \/><\/figure><\/li><li class=\"blocks-gallery-item\"><figure><img loading=\"lazy\" decoding=\"async\" width=\"756\" height=\"567\" src=\"https:\/\/cospacc.org\/wp-content\/uploads\/2019\/06\/272-1.jpg\" alt=\"\" data-id=\"394\" data-link=\"https:\/\/cospacc.org\/?attachment_id=394\" class=\"wp-image-394\" srcset=\"https:\/\/cospacc.org\/wp-content\/uploads\/2019\/06\/272-1.jpg 756w, https:\/\/cospacc.org\/wp-content\/uploads\/2019\/06\/272-1-300x225.jpg 300w\" sizes=\"auto, (max-width: 756px) 100vw, 756px\" \/><\/figure><\/li><\/ul><\/figure>\n\n\n\n<p>La Corporaci\u00f3n Social Para la\nAsesor\u00eda y Capacitaci\u00f3n Comunitaria (COSPACC) tiene sus ra\u00edces principalmente del\nmovimiento Campesino de Casanare, Boyac\u00e1, Cundinamarca y Tolima.<\/p>\n\n\n\n<p>&nbsp;Luego de extinguirse la ADUC en Casanare, y\notras formas organizativas en los otros departamentos ya mencionados, se ve la\ninminente necesidad de conformar una figura jur\u00eddica que atendiera las\ndistintas necesidades que en materia de derechos humanos, medio ambiente,\nformaci\u00f3n social y productividad exig\u00edan las distintas comunidades.&nbsp; <\/p>\n\n\n\n<p>Dentro de las primeras\nacciones realizadas se encuentran el acompa\u00f1amiento&nbsp; a las v\u00edctimas de la masacre del p\u00e1ramo de la\nSarna ocurrida el 1 de diciembre de 2001, d\u00edas despu\u00e9s el acompa\u00f1amiento a las\nfamilias desplazadas v\u00edctimas del conflicto armado por el escabroso hecho de\ndesaparici\u00f3n forzada hecha por paramilitares en los municipios de Ch\u00e1meza y\nRecetor durante el periodo comprendido entre noviembre de 2002 y marzo de 2003\nas\u00ed como el acompa\u00f1amiento jur\u00eddico en convenio con la Fundaci\u00f3n de \u2026Solidaridad\ncon los Presos Pol\u00edticos &nbsp;-FCSPP- a\nv\u00edctimas de detenciones masivas tanto la regi\u00f3n del Cocuy al norte de Boyac\u00e1,\nLa provincia la Libertad en Boyac\u00e1 y el departamento de Casanare. <\/p>\n\n\n\n<p>Hechos motivados por el plan\nde impulso por la seguridad democr\u00e1tica del entonces presidente \u00c1lvaro Uribe\nV\u00e9lez, quien estigmatiz\u00f3 p\u00fablicamente a todas las organizaciones de derechos\nhumanos por considerarlas sus enemigas y orquest\u00f3 un plan macabro de\npersecuci\u00f3n a toda la oposici\u00f3n en el pa\u00eds donde incluy\u00f3 a las organizaciones\nde defensoras de derechos humanos y comunidades organizadas. <\/p>\n\n\n\n<p>COSPACC no fue la excepci\u00f3n\nen este caso, varios de sus asociados o dirigentes, fueron perseguidos\nmotivados al exilio, otros fueron asesinados y otros puestos tras las rejas de\nla prisi\u00f3n como escarmiento de la labor realizada.<\/p>\n\n\n\n<p>El acompa\u00f1amiento\ninternacional de la Red de Hermandad Y Solidaridad con Colombia (REDHER), y de Brigadas\nInternacionales de Paz (PBI) posibilit\u00f3 la contenci\u00f3n de la persecuci\u00f3n\nlogrando con ello elfortalecimiento del tejido social en la regi\u00f3n. <\/p>\n\n\n\n<p><strong>El\ncompa\u00f1ero; \u00abPacho\u00bb, FRANCISCO CORTES &nbsp;<\/strong><\/p>\n\n\n\n<p>El dirigente social Francisco\nCort\u00e9s, defensor de Derechos Humanos quien se encontraba como refugiado\npol\u00edtico en Bolivia apareci\u00f3 muerto en el Hospital de Cl\u00ednicas de Paz, a\u00fan no\nse tiene claro la causa de su muerte.<\/p>\n\n\n\n<p><strong>Francisco\nJos\u00e9 Cort\u00e9s Aguilar<\/strong>, de 52 a\u00f1os, oriundo del municipio Bol\u00edvar,\ndepartamento de Santander en el Nororiente Colombiano, desde 1983 fue profesor\nen escuelas rurales de Arauca, donde tempranamente se vincul\u00f3 a las juntas de\nAcci\u00f3n Comunal y a los movimientos campesinos que por esos tiempos iniciaban\nlos colonos de la regi\u00f3n del Sarar\u00e9 en el piedemonte Araucano. <\/p>\n\n\n\n<p>Fue dirigente de la\nAsociaci\u00f3n Campesina Intendencial en esa regi\u00f3n, vocero campesino en varios\nprocesos de negociaci\u00f3n con el ministerio de agricultura, con el instituto\ncolombiano para la reforma agraria INCORA y con diversos estamentos de\ngobiernos regionales, y nacional. Con un vasto recorrido en el movimiento\nagrario, por regiones y departamentos Colombianos trabajando en la consolidaci\u00f3n\ndel movimiento campesino, Pacho en los a\u00f1os 90\u2019 fue nombrado directivo en la\njunta nacional de la Asociaci\u00f3n Nacional de Usuarios Campesinos Unidad y\nReconstrucci\u00f3n ANUC-UR; luego particip\u00f3 como delegado en representaci\u00f3n del\ncampesinado colombiano, junto a otros dirigentes sindicales, sociales y\npol\u00edticos, en las conversaciones que el gobierno nacional y el Ej\u00e9rcito de\nLiberaci\u00f3n Nacional ELN realizaron en San Jos\u00e9 de Costa Rica en el a\u00f1o 2000. <\/p>\n\n\n\n<p>Incansable en su labor de\ndenuncia, las comunidades recuerdan cuando promovi\u00f3 el cabildo abierto\ndenominado la \u00abTierra clama justicia\u00bb realizado en el municipio de la\nSalina Casanare &nbsp;en Julio del 2001,\nacompa\u00f1\u00f3 la movilizaci\u00f3n en rechazo de la masacre del P\u00e1ramo de la Sarna\nocurrida el primero de diciembre del a\u00f1o 2001 donde asesinaron 15 personas;\nacompa\u00f1\u00f3 el primer encuentro de comunidades en la provincia de la Libertad realizado\nel 12 y 13 de Abril del a\u00f1o 2002&nbsp; en el\nmunicipio de Labranzagrande Boyac\u00e1, y el primer foro educativo en el municipio\nde Pisba Boyac\u00e1 los d\u00edas 29 y 30 de noviembre del mismo a\u00f1o. Acompa\u00f1\u00f3 el dolor\ny la denuncia del desplazamiento forzado de m\u00e1s de 1000 personas y la desaparici\u00f3n\nforzada de m\u00e1s de 53 personas en tan solo 5 meses ocurridas en los municipios\nde Recetor y Ch\u00e1meza en el 2003.<\/p>\n\n\n\n<p>Santanderano, profesor en\nArauca y fundador del movimiento campesino y cooperativo de este departamento, dedic\u00f3\nsus esfuerzos al acompa\u00f1amiento de comunidades campesinas e ind\u00edgenas en el\noriente del pa\u00eds, all\u00ed particip\u00f3 en la constituci\u00f3n de la Corporaci\u00f3n Social\nPara la Asesor\u00eda y Capacitaci\u00f3n Comunitaria COSPACC, reconocida organizaci\u00f3n\ndefensora de los derechos humanos. Por su trabajo fue perseguido; \u00e9l y su\nfamilia fueron amenazados por sectores de la derecha y grupos paramilitares y\nse vio obligado a pedir protecci\u00f3n al Gobierno Nacional que en el a\u00f1o 1999 lo\nvincul\u00f3 al programa de protecci\u00f3n para dirigentes y defensores de los derechos\nhumanos del Ministerio del Interior. Tambi\u00e9n fue cobijado con medidas\ncautelares por parte de la Comisi\u00f3n Interamericana de Derechos Humanos CIDH.<\/p>\n\n\n\n<p>Desde la ANUC-UR y luego en\nCOSPACC particip\u00f3 en espacios de coordinaci\u00f3n e intercambio de experiencias con\notros movimientos campesinos, sociales, ambientalistas del mundo como la V\u00eda\nCampesina, la Coordinadora Latinoamericana de Organizaciones del Campo CLOC, el\nMovimiento de los Sin Tierra MST de Brasil, movimientos antiglobalizaci\u00f3n,\nestas experiencias le permitieron visitar comunidades en otros pa\u00edses como en Bolivia\ndonde trabaj\u00f3 sus \u00faltimos a\u00f1os.<\/p>\n\n\n\n<p>Pacho Cort\u00e9s lleg\u00f3 a Bolivia\nen el a\u00f1o 2002 para participar del intercambio de experiencias organizativas y comunales\nen varias regiones de este pa\u00eds alto-andino y tratando de escapar de la\npersecuci\u00f3n, desde entonces realiz\u00f3 acciones en defensa de los derechos\nhumanos, estuvo ligado a las organizaciones campesinas de productores de coca\ndel Chapare, Yungas y de La Paz. &nbsp;En el\n2003 y en desarrollo de una operaci\u00f3n denominada \u201c<em>alerta temprana<\/em>\u201d, fue detenido junto a otros dirigentes campesinos\ncocaleros de la regi\u00f3n del Alto y se\u00f1alados de pertenecer a una organizaci\u00f3n\ncriminal; con informes de la inteligencia militar colombiana \u201cPacho Cort\u00e9s\nresult\u00f3 ser el terrorista necesario para Gonzalo S\u00e1nchez de Lozada (presidente\nboliviano para esa \u00e9poca) con el que podr\u00eda mostrar resultados en la cruzada\nantiterrorista en foros internacionales de seguridad\u201d, declar\u00f3 Andr\u00e9s Z\u00fa\u00f1iga\nreconocido jurista pace\u00f1o. Por este caso Pacho permaneci\u00f3 21 meses detenido y\ntras un largo y complejo proceso, m\u00e1s pol\u00edtico que jur\u00eddico, recobr\u00f3 su\nlibertad. <\/p>\n\n\n\n<p>Por informaci\u00f3n de su\nabogado, y por los medios de comunicaci\u00f3n se conoci\u00f3 que su deceso tuvo lugar\nen el Hospital Cl\u00ednicas de la paz, Bolivia el pasado 8 de septiembre de 2014,\nsin que hasta se conozcan motivos ni mayores detalles de su fallecimiento. Los\nmovimientos sociales en Colombia, Bolivia y toda Latinoam\u00e9rica, continuamos\ncaminando una de sus consignas, \u201cpor vida territorio y paz\u201d&nbsp;&nbsp;&nbsp;&nbsp;&nbsp;&nbsp;&nbsp;&nbsp;&nbsp;&nbsp;&nbsp;&nbsp;&nbsp;&nbsp;&nbsp;&nbsp;&nbsp; &nbsp;<\/p>\n\n\n\n<p><strong>Luis\nAntonio Arismendi Pico <\/strong><\/p>\n\n\n\n<p>&nbsp;Hasta ciudad Bol\u00edvar de Bogot\u00e1 lleg\u00f3 la persecuci\u00f3n\ncontra Cospacc, all\u00ed conocimos a Luis Antonio Arismendi Pico, luchador\nincansable, Presidente del Sindicato \u00abManuela Beltr\u00e1n\u00bb de\nTrabajadores y Expendedores de Alimentos y Bebidas de la Plaza de Mercado del\nBarrio San Francisco (SINDIMANUELA BELTRAN). <\/p>\n\n\n\n<p>Don Lucho como se le conoc\u00eda\ninici\u00f3 trabajo con Cospacc desde octubre del a\u00f1o 2004, donde r\u00e1pidamente se\niniciaron propuestas de trabajo consistentes en la comercializaci\u00f3n de pl\u00e1tanos\ny huevos por mayor, en un intento de generar redes mercadeo del movimiento\nsocial. Por esos mismos d\u00edas se propuesto desarrollar una granja comunitaria en\nla zona local de Ciudad Bol\u00edvar en donde una de las principales funciones era\ntransformar los desechos org\u00e1nicos salidos de la plaza de San Francisco y\nconvertirlos en abono, disminuyendo la presi\u00f3n al relleno do\u00f1a Juana y por otra\nparte que sirvieran para la producci\u00f3n de hortalizas y otros alimentos. fue uno\nde los fundadores del proceso comunitario y agroecol\u00f3gico que se conoci\u00f3 con el\nnombre de Tangakamena (sitio Sagrado en lengua Kankuama), proceso que inspiraba\nun encuentro de la localidad en pro de construir alternativas al parque minero\ny el modelo de ciudad imperante.<\/p>\n\n\n\n<p>L\u00edder social y defensor de\nderechos humanos quien se fue desaparecido desde el 28 de abril de 2006, hechos\nocurridos en el sector de Ciudad Bol\u00edvar de la ciudad de Bogot\u00e1, luego de salir\nde su lugar de trabajo en compa\u00f1\u00eda de la Sra. Belquis Dayana Goyeneche, quien\ntambi\u00e9n desapareci\u00f3 junto a \u00e9l, y hasta ahora, no se conoc\u00eda nada ni sobre su\nparadero ni sobre su integridad personal. Las informaciones destacan que, el\nd\u00eda anterior a su desaparici\u00f3n, el Sr. Arismendi Pico hab\u00eda denunciado ante la\npolic\u00eda local la presencia de personas de civiles desconocidas y en actitud\nsospechosa, alrededor de la Plaza de Mercado en donde \u00e9l laboraba; sin embargo,\ndicha denuncia, al parecer, fue ignorada por la Fuerza P\u00fablica. <\/p>\n\n\n\n<p>Seg\u00fan las informaciones,\ndespu\u00e9s de infructuosas denuncias y b\u00fasquedas, el 6 de junio de 2006 se\nconfirm\u00f3 el asesinato del Sr. Luis Antonio Arismendi Pico, cuyo cuerpo sin vida\nfue localizado en el municipio de Zipac\u00f3n Departamento de Cundinamarca, hoy el\ncaso se encuentra en la CIDH esperando Justicia.<\/p>\n","protected":false},"excerpt":{"rendered":"<p>La Corporaci\u00f3n Social Para la Asesor\u00eda y Capacitaci\u00f3n Comunitaria (COSPACC) tiene sus ra\u00edces principalmente del movimiento Campesino de Casanare, Boyac\u00e1,<\/p>\n","protected":false},"author":1,"featured_media":383,"comment_status":"open","ping_status":"open","sticky":false,"template":"","format":"standard","meta":{"colormag_page_layout":"default_layout","footnotes":""},"categories":[15,1],"tags":[13,14,40],"class_list":["post-380","post","type-post","status-publish","format-standard","has-post-thumbnail","hentry","category-derechos-humanos","category-nuestras-luchas","tag-cospacc","tag-ddhh","tag-memoria"],"_links":{"self":[{"href":"https:\/\/cospacc.org\/index.php?rest_route=\/wp\/v2\/posts\/380","targetHints":{"allow":["GET"]}}],"collection":[{"href":"https:\/\/cospacc.org\/index.php?rest_route=\/wp\/v2\/posts"}],"about":[{"href":"https:\/\/cospacc.org\/index.php?rest_route=\/wp\/v2\/types\/post"}],"author":[{"embeddable":true,"href":"https:\/\/cospacc.org\/index.php?rest_route=\/wp\/v2\/users\/1"}],"replies":[{"embeddable":true,"href":"https:\/\/cospacc.org\/index.php?rest_route=%2Fwp%2Fv2%2Fcomments&post=380"}],"version-history":[{"count":4,"href":"https:\/\/cospacc.org\/index.php?rest_route=\/wp\/v2\/posts\/380\/revisions"}],"predecessor-version":[{"id":902,"href":"https:\/\/cospacc.org\/index.php?rest_route=\/wp\/v2\/posts\/380\/revisions\/902"}],"wp:featuredmedia":[{"embeddable":true,"href":"https:\/\/cospacc.org\/index.php?rest_route=\/wp\/v2\/media\/383"}],"wp:attachment":[{"href":"https:\/\/cospacc.org\/index.php?rest_route=%2Fwp%2Fv2%2Fmedia&parent=380"}],"wp:term":[{"taxonomy":"category","embeddable":true,"href":"https:\/\/cospacc.org\/index.php?rest_route=%2Fwp%2Fv2%2Fcategories&post=380"},{"taxonomy":"post_tag","embeddable":true,"href":"https:\/\/cospacc.org\/index.php?rest_route=%2Fwp%2Fv2%2Ftags&post=380"}],"curies":[{"name":"wp","href":"https:\/\/api.w.org\/{rel}","templated":true}]}}