{"id":400,"date":"2019-06-30T15:18:14","date_gmt":"2019-06-30T15:18:14","guid":{"rendered":"https:\/\/cospacc.org\/?p=400"},"modified":"2019-11-23T21:19:55","modified_gmt":"2019-11-23T21:19:55","slug":"casanare-exhumando-el-genocidio","status":"publish","type":"post","link":"https:\/\/cospacc.org\/?p=400","title":{"rendered":"Casanare: exhumando el genocidio"},"content":{"rendered":"\n<figure class=\"wp-block-embed\"><div class=\"wp-block-embed__wrapper\">\nhttps:\/\/caminantebitacora.blogspot.com\/2019\/06\/casanare-exhumando-el-genocidio.html\n<\/div><\/figure>\n\n\n\n<p> Desde las v\u00edctimas del terrorismo de estado y de la explotaci\u00f3n de los  hidrocarburos en el departamento del Casanare, el documental ofrece una  escalofriante mirada que se\u00f1ala inequ\u00edvocamente a los responsables de  miles de muertes y desapariciones, dej\u00e1ndonos clara la dimensi\u00f3n del  genocidio. Frente a la impunidad y la consecuente injusticia las  victimas se organizan, denuncian y exigen verdad y justicia en un  ejercicio de reapropiaci\u00f3n de un futuro que hoy parece negado. un documental de Bruno Federico Realizaci\u00f3n: la danza inm\u00f3vil. <\/p>\n\n\n\n<figure class=\"wp-block-image is-resized\"><img loading=\"lazy\" decoding=\"async\" src=\"https:\/\/cospacc.org\/wp-content\/uploads\/2019\/06\/Genocidio.jpg\" alt=\"\" class=\"wp-image-414\" width=\"377\" height=\"430\"\/><\/figure>\n\n\n\n<p><a href=\"http:\/\/caminantebitacora.blogspot.com\/2019\/06\/casanare-exhumando-el-genocidio.html\">http:\/\/caminantebitacora.blogspot.com\/2019\/06\/casanare-exhumando-el-genocidio.html<\/a><\/p>\n\n\n\n<p><\/p>\n","protected":false},"excerpt":{"rendered":"<p>Desde las v\u00edctimas del terrorismo de estado y de la explotaci\u00f3n de los hidrocarburos en el departamento del Casanare, el<\/p>\n","protected":false},"author":1,"featured_media":414,"comment_status":"open","ping_status":"open","sticky":false,"template":"","format":"standard","meta":{"colormag_page_layout":"default_layout","footnotes":""},"categories":[1],"tags":[],"class_list":["post-400","post","type-post","status-publish","format-standard","has-post-thumbnail","hentry","category-nuestras-luchas"],"_links":{"self":[{"href":"https:\/\/cospacc.org\/index.php?rest_route=\/wp\/v2\/posts\/400","targetHints":{"allow":["GET"]}}],"collection":[{"href":"https:\/\/cospacc.org\/index.php?rest_route=\/wp\/v2\/posts"}],"about":[{"href":"https:\/\/cospacc.org\/index.php?rest_route=\/wp\/v2\/types\/post"}],"author":[{"embeddable":true,"href":"https:\/\/cospacc.org\/index.php?rest_route=\/wp\/v2\/users\/1"}],"replies":[{"embeddable":true,"href":"https:\/\/cospacc.org\/index.php?rest_route=%2Fwp%2Fv2%2Fcomments&post=400"}],"version-history":[{"count":12,"href":"https:\/\/cospacc.org\/index.php?rest_route=\/wp\/v2\/posts\/400\/revisions"}],"predecessor-version":[{"id":416,"href":"https:\/\/cospacc.org\/index.php?rest_route=\/wp\/v2\/posts\/400\/revisions\/416"}],"wp:featuredmedia":[{"embeddable":true,"href":"https:\/\/cospacc.org\/index.php?rest_route=\/wp\/v2\/media\/414"}],"wp:attachment":[{"href":"https:\/\/cospacc.org\/index.php?rest_route=%2Fwp%2Fv2%2Fmedia&parent=400"}],"wp:term":[{"taxonomy":"category","embeddable":true,"href":"https:\/\/cospacc.org\/index.php?rest_route=%2Fwp%2Fv2%2Fcategories&post=400"},{"taxonomy":"post_tag","embeddable":true,"href":"https:\/\/cospacc.org\/index.php?rest_route=%2Fwp%2Fv2%2Ftags&post=400"}],"curies":[{"name":"wp","href":"https:\/\/api.w.org\/{rel}","templated":true}]}}