{"id":451,"date":"2019-07-09T20:53:38","date_gmt":"2019-07-09T20:53:38","guid":{"rendered":"https:\/\/cospacc.org\/?p=451"},"modified":"2019-11-23T21:13:06","modified_gmt":"2019-11-23T21:13:06","slug":"derechos-humanos-en-boyaca-y-casanare","status":"publish","type":"post","link":"https:\/\/cospacc.org\/?p=451","title":{"rendered":"Derechos Humanos en Boyac\u00e1 y Casanare"},"content":{"rendered":"\n<figure class=\"wp-block-gallery columns-3 is-cropped wp-block-gallery-1 is-layout-flex wp-block-gallery-is-layout-flex\"><ul class=\"blocks-gallery-grid\"><li class=\"blocks-gallery-item\"><figure><img loading=\"lazy\" decoding=\"async\" width=\"1024\" height=\"512\" src=\"https:\/\/cospacc.org\/wp-content\/uploads\/2019\/07\/3e399342-df15-4b5d-8706-ae6130017a25-1024x512.jpg\" alt=\"\" data-id=\"452\" data-link=\"https:\/\/cospacc.org\/?attachment_id=452\" class=\"wp-image-452\" srcset=\"https:\/\/cospacc.org\/wp-content\/uploads\/2019\/07\/3e399342-df15-4b5d-8706-ae6130017a25-1024x512.jpg 1024w, https:\/\/cospacc.org\/wp-content\/uploads\/2019\/07\/3e399342-df15-4b5d-8706-ae6130017a25-300x150.jpg 300w, https:\/\/cospacc.org\/wp-content\/uploads\/2019\/07\/3e399342-df15-4b5d-8706-ae6130017a25-768x384.jpg 768w, https:\/\/cospacc.org\/wp-content\/uploads\/2019\/07\/3e399342-df15-4b5d-8706-ae6130017a25.jpg 1040w\" sizes=\"auto, (max-width: 1024px) 100vw, 1024px\" \/><\/figure><\/li><li class=\"blocks-gallery-item\"><figure><img loading=\"lazy\" decoding=\"async\" width=\"1024\" height=\"512\" src=\"https:\/\/cospacc.org\/wp-content\/uploads\/2019\/07\/669f12f6-73d6-49d3-950b-8efafc999701-1024x512.jpg\" alt=\"\" data-id=\"453\" data-link=\"https:\/\/cospacc.org\/?attachment_id=453\" class=\"wp-image-453\" srcset=\"https:\/\/cospacc.org\/wp-content\/uploads\/2019\/07\/669f12f6-73d6-49d3-950b-8efafc999701-1024x512.jpg 1024w, https:\/\/cospacc.org\/wp-content\/uploads\/2019\/07\/669f12f6-73d6-49d3-950b-8efafc999701-300x150.jpg 300w, https:\/\/cospacc.org\/wp-content\/uploads\/2019\/07\/669f12f6-73d6-49d3-950b-8efafc999701-768x384.jpg 768w, https:\/\/cospacc.org\/wp-content\/uploads\/2019\/07\/669f12f6-73d6-49d3-950b-8efafc999701.jpg 1040w\" sizes=\"auto, (max-width: 1024px) 100vw, 1024px\" \/><\/figure><\/li><li class=\"blocks-gallery-item\"><figure><img loading=\"lazy\" decoding=\"async\" width=\"726\" height=\"544\" src=\"https:\/\/cospacc.org\/wp-content\/uploads\/2019\/07\/lider-6.jpg\" alt=\"\" data-id=\"454\" data-link=\"https:\/\/cospacc.org\/?attachment_id=454\" class=\"wp-image-454\" srcset=\"https:\/\/cospacc.org\/wp-content\/uploads\/2019\/07\/lider-6.jpg 726w, https:\/\/cospacc.org\/wp-content\/uploads\/2019\/07\/lider-6-300x225.jpg 300w\" sizes=\"auto, (max-width: 726px) 100vw, 726px\" \/><\/figure><\/li><li class=\"blocks-gallery-item\"><figure><img loading=\"lazy\" decoding=\"async\" width=\"1024\" height=\"682\" src=\"https:\/\/cospacc.org\/wp-content\/uploads\/2019\/07\/mov-1024x682.jpg\" alt=\"\" data-id=\"455\" data-link=\"https:\/\/cospacc.org\/?attachment_id=455\" class=\"wp-image-455\" srcset=\"https:\/\/cospacc.org\/wp-content\/uploads\/2019\/07\/mov-1024x682.jpg 1024w, https:\/\/cospacc.org\/wp-content\/uploads\/2019\/07\/mov-300x200.jpg 300w, https:\/\/cospacc.org\/wp-content\/uploads\/2019\/07\/mov-768x512.jpg 768w, https:\/\/cospacc.org\/wp-content\/uploads\/2019\/07\/mov.jpg 1280w\" sizes=\"auto, (max-width: 1024px) 100vw, 1024px\" \/><\/figure><\/li><\/ul><\/figure>\n\n\n\n<p>La\nCorporaci\u00f3n Choapo, la Fundaci\u00f3n de Derechos Humanos Pasos, la Corporaci\u00f3n\nSocial para la Asesor\u00eda y Capacitaci\u00f3n Comunitaria \u2013 COSPACC \u2013, y la Fundaci\u00f3n\nde Derechos Humanos Joel Sierra, integramos el Equipo Regional de Derechos\nHumanos de organizaciones sociales de Centro Oriente de Colombia, quienes a su\nvez somos parte de la Coordinaci\u00f3n Colombia Europa Estados Unidos.<\/p>\n\n\n\n<p>Vemos\ncomo una necesidad visibilizar las diferentes estrategias que el Estado\nimplementa por acci\u00f3n y omisi\u00f3n, limitando, restringiendo y desconociendo el\nderecho a la Protesta Social de la sociedad en general y las comunidades\norganizadas, profundizando en estrategias de montajes judiciales,\nhostigamientos, desprestigio social, afrentas a la vida y libertad de quienes\ndefendemos la vida y el territorio.<\/p>\n\n\n\n<p>En\nlos llanos orientales comunidades campesinas y trabajadores de la industria\npetrolera han tenido una lucha incansable por la defensa del ambiente y\nterritorio, condiciones laborales contra el modelo extractivista del Estado\nColombiano y los incumplimientos por parte de la industria petrolera.<\/p>\n\n\n\n<p>En\nel departamento del Meta se registran 8 casos de l\u00edderes judicializados entre\nel 2017 y 2018 en los municipios de Acacias, Castilla la Nueva y Guamal en\nmarco de las exigencias contra la empresa ECOPETROL S.A quien opera en estos\nmunicipios por el BLOQUE CPO-9. Algunos de los incumplimientos denunciados por\nla comunidad y l\u00edderes se basan en desconocimiento de procedimientos\nadministrativos y ambientales a la hora de ejecutar actividades de exploraci\u00f3n\ny explotaci\u00f3n de hidrocarburos, desconociendo la vocaci\u00f3n agr\u00edcola de\nterritorios como la vereda Pio XII municipio de Guamal donde est\u00e1 ubicado el\nPozo Trog\u00f3n 1. En Acacias y Castilla la Nueva trabajadores de la industria\npetrolera exigen la participaci\u00f3n de la comunidad a la hora de dar empleo a la\nmano de obra local, con base en el decreto 1668 del 2016, el cual obliga a la\nempresa ECOPETROL S.A a contratar la totalidad de la mano de obra no calificada\ny el 30% de la calificada, entre otras exigencias.<\/p>\n\n\n\n<p>Los\ndelitos por los cuales est\u00e1n siendo judicializados son: Concierto para\ndelinquir, obstrucci\u00f3n de v\u00edas, tentativa de homicidio, terrorismo, violencia\ncontra servidor p\u00fablico, da\u00f1o en bien ajeno, porte ilegal de armas y violaci\u00f3n\na la libertad de trabajo.<br><br><\/p>\n\n\n\n<p>En\nlos departamentos de Boyac\u00e1 y Casanare se registran m\u00e1s de 30 casos de l\u00edderes\ncampesinos, comunales, juveniles y mujeres desde 2018 a la actualidad. En el\ncaso de Boyac\u00e1 la comunidad campesina que protest\u00f3 porque el consorcio Hidalgo\nHidalgo contratista del mejoramiento de la v\u00eda Sogamoso Aguazul no cumpli\u00f3 con\ninversi\u00f3n social y mejoras salariales dej\u00f3 como resultado 24 personas\nvinculados a procesos judiciales durante el a\u00f1o 2018.<\/p>\n\n\n\n<p>En\nel caso de Casanare, estos casos se llevaron adelante con ocasi\u00f3n al ejercicio\ndel derecho a la protesta social por hechos relacionados con incumplimientos de\nlas empresas Frontera Energy, CEPSA, Lewis Energy, oleoducto bicentenario, con\nlas comunidades en cada uno de los territorios. Los delitos por los cuales\nest\u00e1n siendo procesados son: Concierto para delinquir, perturbaci\u00f3n de tr\u00e1fico,\nporte ilegal de armas de fuego o municiones, tentativa de homicidio, lesiones\npersonales con perturbaci\u00f3n funcional permanente, violencia contra servidor\np\u00fablico, obstrucci\u00f3n de v\u00edas p\u00fablicas que afectan el orden p\u00fablico,\nconstre\u00f1imiento ilegal y rebeli\u00f3n.<\/p>\n\n\n\n<p>El\npasado 26 de mayo fue asesinada Concepci\u00f3n Corredor, l\u00edder social del municipio\nde Nunch\u00eda Casanare y que se sema a una larga listo de asesinatos en la que se\nespera el estado agilice la investigaci\u00f3n y responsabilidad sobre los m\u00f3viles\ndel hecho y que no quede impune como hasta ahora sucede con Daniel Abril\nFuentes, asesinado en 2015 en el municipio de Trinidad, luego de participar en\nvarias protestas contra las petroleras y en defensa del agua.<\/p>\n\n\n\n<p>La situaci\u00f3n de represi\u00f3n a la protesta social no es nueva,\nel 20 de diciembre de 2017 fue detenido Jos\u00fae Zorro quien particip\u00f3 en varias protestas\ncontra empresas como Pacific Rubiales y Perenco en 2011 y 2012 sobre todo\nreclamando por el mal estado de las v\u00edas que son da\u00f1adas por los carrotanques\nque trasportan crudo. Jos\u00fae Zorro meses despu\u00e9s fue liberado y condicionado a\nno participar en ninguna clase de protesta o reuni\u00f3n social. A esto le\nagregamos para el caso de Yopal que la empresa Termomechero utiliz\u00f3 estrategias\npara que las comunidades aleda\u00f1as firmaran un acta donde se comprometen a no\nprotestar.<\/p>\n\n\n\n<p>Tanto\nlas judicializaciones del departamento del Meta, como las de Casanare tienen en\ncom\u00fan que han sido adelantadas desde el ejercicio de indagaci\u00f3n e investigaci\u00f3n\npor parte de las Estructuras de Apoyo -EDA-, creadas por convenio de\ncooperaci\u00f3n que firm\u00f3 la FISCAL\u00cdA , ECOPETROL y el FONDO ROTATORIO de la\nPOLIC\u00cdA NACIONAL desde el 2009, el cual dio paso a la creaci\u00f3n de 10\nEstructuras en todo el territorio nacional, con el objetivo de adelantar las\ninvestigaciones por delitos como el apoderamiento de hidrocarburos y terrorismo\ncontra la industria petrolera. No obstante, en denunciamos que este convenio se\ncre\u00f3 para obstruir todo ejercicio de Protesta Social que se mantiene en los\nterritorios contra la operaciones de la Industria Petrolera y la vulneraci\u00f3n de\nDerechos Humanos, as\u00ed como de Derechos Econ\u00f3micos, Sociales, Culturales y\nAmbientales. Hasta el momento, la Fiscal\u00eda General de la Naci\u00f3n cuenta con diez\nEstructuras de Apoyo distribuidas as\u00ed: Saravena (Arauca), Barrancabermeja\n(Santander), Puerto Berr\u00edo (Antioquia), C\u00facuta (Norte de Santander), Tumaco\n(Nari\u00f1o), Orito (Putumayo), Cali (Valle), Yopal (Casanare) y Villavicencio\n(Meta), las cuales han presentado a l\u00edderes sociales como miembros de bandas criminales\ndando resultados en marco de la campa\u00f1a de Gobierno \u201cEl que la hace la paga\u201d.<\/p>\n\n\n\n<p><strong>En consecuencia, denunciamos:<\/strong><\/p>\n\n\n\n<p>Que\nla Fiscal\u00eda General de la Naci\u00f3n al firmar el convenio de financiaci\u00f3n con\nECOPETROL y el fondo rotatorio de la Polic\u00eda Nacional beneficiando a la\nindustria petrolera pierde toda independencia, adem\u00e1s viola el principio de\nequilibrio de armas ( en este caso resulta siendo v\u00edctima la industria y l\u00edder\nsiendo el procesado).<\/p>\n\n\n\n<ul class=\"wp-block-list\"><li>El uso de instalaciones de la\nFuerza P\u00fablica por parte de las EDA por ejemplo en Villavicencio, Meta est\u00e1\nubicada en la S\u00e9ptima Brigada y Casanare en la Brigada XVI.<\/li><\/ul>\n\n\n\n<ul class=\"wp-block-list\"><li>Las comunidades y l\u00edderes al\norganizarse y ejercer su derecho constitucional a la protesta social, para\ndenunciar abusos y exigir cumplimientos de acuerdos pactados, est\u00e1n siendo\nv\u00edctimas de persecuci\u00f3n, judicializaci\u00f3n y criminalizaci\u00f3n por parte del Estado\nColombiano en cabeza de su administraci\u00f3n de justicia.<\/li><li>La infiltraci\u00f3n y tecnificaci\u00f3n\ncomo pr\u00e1ctica psicol\u00f3gica de la fuerza p\u00fablica que tiene como objetivo la\nintimidaci\u00f3n, el hostigamiento y el amedrantamiento a personas en su lugar de\ntrabajo, estudio y residencia, representa un riesgo para la seguridad de estas\nque coarta el derecho a la participaci\u00f3n pol\u00edtica.<\/li><li>El irrespeto y desconocimiento\nintencional de los procedimientos y normatividad local (Decreto 563 del 2015\nalcald\u00eda de Bogot\u00e1 y Nacional resoluci\u00f3n 1190 del 2018 del Ministerio del\nInterior) que incrementan la vulneraci\u00f3n al ejercicio de la protesta social.<\/li><li>Las detenciones arbitrarias e\nindiscriminadas a personas que incluso no participan en escenarios de protesta\nsocial, que se producen con el af\u00e1n de mostrar resultados operacionales y\ngenerar distorsi\u00f3n medi\u00e1tica a trav\u00e9s de juicios anticipados.<\/li><li>La violaci\u00f3n de los principios de\nnecesidad, proporcionalidad y legalidad que se evidencia con la presencia del\nEj\u00e9rcito Nacional y el Esmad en las protestas pac\u00edficas, el uso indebido,\nfraudulento e ilegal de las armas de dotaci\u00f3n, el incumplimiento de los\nprocedimientos y medios establecidos, que impiden el derecho de quienes se\nmanifiestan pac\u00edficamente.<\/li><li>El desconocimiento y se\u00f1alamiento\na la labor de los defensores de derechos humanos los cuales obstruyen el\nobjetivo de las misiones de verificaci\u00f3n.<\/li><li>L\u00edderes est\u00e1n siendo v\u00edctimas de\njudicializaciones y homicidios selectivos. El Estado no ha sido capaz de\ndesmontar el paramilitarismo, ni reconocer la responsabilidad de este en los\nhomicidios de l\u00edderes sociales, manteni\u00e9ndose y fortaleci\u00e9ndose a trav\u00e9s de los\na\u00f1os debido a la utilizaci\u00f3n de otros medios y reorganizaci\u00f3n de estructuras\npor el control territorial, social, econ\u00f3mico y pol\u00edtico.<\/li><li>Rechazamos las amenazas contra el\nmovimiento social en Arauca, centro oriente y a nivel nacional. Exigimos\ngarant\u00edas plenas para la vida y libertad de l\u00edderes sociales y defensores de\nderechos humanos.<\/li><\/ul>\n","protected":false},"excerpt":{"rendered":"<p>La Corporaci\u00f3n Choapo, la Fundaci\u00f3n de Derechos Humanos Pasos, la Corporaci\u00f3n Social para la Asesor\u00eda y Capacitaci\u00f3n Comunitaria \u2013 COSPACC<\/p>\n","protected":false},"author":1,"featured_media":452,"comment_status":"open","ping_status":"open","sticky":false,"template":"","format":"standard","meta":{"colormag_page_layout":"default_layout","footnotes":""},"categories":[15,1],"tags":[],"class_list":["post-451","post","type-post","status-publish","format-standard","has-post-thumbnail","hentry","category-derechos-humanos","category-nuestras-luchas"],"_links":{"self":[{"href":"https:\/\/cospacc.org\/index.php?rest_route=\/wp\/v2\/posts\/451","targetHints":{"allow":["GET"]}}],"collection":[{"href":"https:\/\/cospacc.org\/index.php?rest_route=\/wp\/v2\/posts"}],"about":[{"href":"https:\/\/cospacc.org\/index.php?rest_route=\/wp\/v2\/types\/post"}],"author":[{"embeddable":true,"href":"https:\/\/cospacc.org\/index.php?rest_route=\/wp\/v2\/users\/1"}],"replies":[{"embeddable":true,"href":"https:\/\/cospacc.org\/index.php?rest_route=%2Fwp%2Fv2%2Fcomments&post=451"}],"version-history":[{"count":4,"href":"https:\/\/cospacc.org\/index.php?rest_route=\/wp\/v2\/posts\/451\/revisions"}],"predecessor-version":[{"id":899,"href":"https:\/\/cospacc.org\/index.php?rest_route=\/wp\/v2\/posts\/451\/revisions\/899"}],"wp:featuredmedia":[{"embeddable":true,"href":"https:\/\/cospacc.org\/index.php?rest_route=\/wp\/v2\/media\/452"}],"wp:attachment":[{"href":"https:\/\/cospacc.org\/index.php?rest_route=%2Fwp%2Fv2%2Fmedia&parent=451"}],"wp:term":[{"taxonomy":"category","embeddable":true,"href":"https:\/\/cospacc.org\/index.php?rest_route=%2Fwp%2Fv2%2Fcategories&post=451"},{"taxonomy":"post_tag","embeddable":true,"href":"https:\/\/cospacc.org\/index.php?rest_route=%2Fwp%2Fv2%2Ftags&post=451"}],"curies":[{"name":"wp","href":"https:\/\/api.w.org\/{rel}","templated":true}]}}