{"id":531,"date":"2019-07-26T15:53:49","date_gmt":"2019-07-26T15:53:49","guid":{"rendered":"https:\/\/cospacc.org\/?p=531"},"modified":"2019-11-23T21:04:33","modified_gmt":"2019-11-23T21:04:33","slug":"masacre-en-el-paramo-de-la-sarna-diciembre-de-2001","status":"publish","type":"post","link":"https:\/\/cospacc.org\/?p=531","title":{"rendered":"Masacre en el p\u00e1ramo de la Sarna, diciembre de 2001"},"content":{"rendered":"\n<p>Por Corporaci\u00f3n Cospacc<\/p>\n\n\n\n<figure class=\"wp-block-gallery columns-3 is-cropped wp-block-gallery-1 is-layout-flex wp-block-gallery-is-layout-flex\"><ul class=\"blocks-gallery-grid\"><li class=\"blocks-gallery-item\"><figure><img loading=\"lazy\" decoding=\"async\" width=\"1024\" height=\"682\" src=\"https:\/\/cospacc.org\/wp-content\/uploads\/2019\/07\/11-1024x682.jpg\" alt=\"\" data-id=\"533\" data-link=\"https:\/\/cospacc.org\/?attachment_id=533\" class=\"wp-image-533\" srcset=\"https:\/\/cospacc.org\/wp-content\/uploads\/2019\/07\/11-1024x682.jpg 1024w, https:\/\/cospacc.org\/wp-content\/uploads\/2019\/07\/11-300x200.jpg 300w, https:\/\/cospacc.org\/wp-content\/uploads\/2019\/07\/11-768x512.jpg 768w, https:\/\/cospacc.org\/wp-content\/uploads\/2019\/07\/11.jpg 1600w\" sizes=\"auto, (max-width: 1024px) 100vw, 1024px\" \/><\/figure><\/li><li class=\"blocks-gallery-item\"><figure><img loading=\"lazy\" decoding=\"async\" width=\"960\" height=\"720\" src=\"https:\/\/cospacc.org\/wp-content\/uploads\/2019\/07\/14.jpg\" alt=\"\" data-id=\"535\" data-link=\"https:\/\/cospacc.org\/?attachment_id=535\" class=\"wp-image-535\" srcset=\"https:\/\/cospacc.org\/wp-content\/uploads\/2019\/07\/14.jpg 960w, https:\/\/cospacc.org\/wp-content\/uploads\/2019\/07\/14-300x225.jpg 300w, https:\/\/cospacc.org\/wp-content\/uploads\/2019\/07\/14-768x576.jpg 768w\" sizes=\"auto, (max-width: 960px) 100vw, 960px\" \/><\/figure><\/li><li class=\"blocks-gallery-item\"><figure><img loading=\"lazy\" decoding=\"async\" width=\"1024\" height=\"683\" src=\"https:\/\/cospacc.org\/wp-content\/uploads\/2019\/07\/2-1024x683.jpg\" alt=\"\" data-id=\"536\" data-link=\"https:\/\/cospacc.org\/?attachment_id=536\" class=\"wp-image-536\" srcset=\"https:\/\/cospacc.org\/wp-content\/uploads\/2019\/07\/2-1024x683.jpg 1024w, https:\/\/cospacc.org\/wp-content\/uploads\/2019\/07\/2-300x200.jpg 300w, https:\/\/cospacc.org\/wp-content\/uploads\/2019\/07\/2-768x512.jpg 768w, https:\/\/cospacc.org\/wp-content\/uploads\/2019\/07\/2.jpg 2048w\" sizes=\"auto, (max-width: 1024px) 100vw, 1024px\" \/><\/figure><\/li><li class=\"blocks-gallery-item\"><figure><img loading=\"lazy\" decoding=\"async\" width=\"1024\" height=\"768\" src=\"https:\/\/cospacc.org\/wp-content\/uploads\/2019\/07\/15-1024x768.jpg\" alt=\"\" data-id=\"538\" data-link=\"https:\/\/cospacc.org\/?attachment_id=538\" class=\"wp-image-538\" srcset=\"https:\/\/cospacc.org\/wp-content\/uploads\/2019\/07\/15-1024x768.jpg 1024w, https:\/\/cospacc.org\/wp-content\/uploads\/2019\/07\/15-300x225.jpg 300w, https:\/\/cospacc.org\/wp-content\/uploads\/2019\/07\/15-768x576.jpg 768w, https:\/\/cospacc.org\/wp-content\/uploads\/2019\/07\/15.jpg 2048w\" sizes=\"auto, (max-width: 1024px) 100vw, 1024px\" \/><\/figure><\/li><li class=\"blocks-gallery-item\"><figure><img loading=\"lazy\" decoding=\"async\" width=\"1024\" height=\"768\" src=\"https:\/\/cospacc.org\/wp-content\/uploads\/2019\/07\/6-1024x768.jpg\" alt=\"\" data-id=\"540\" data-link=\"https:\/\/cospacc.org\/?attachment_id=540\" class=\"wp-image-540\" srcset=\"https:\/\/cospacc.org\/wp-content\/uploads\/2019\/07\/6-1024x768.jpg 1024w, https:\/\/cospacc.org\/wp-content\/uploads\/2019\/07\/6-300x225.jpg 300w, https:\/\/cospacc.org\/wp-content\/uploads\/2019\/07\/6-768x576.jpg 768w, https:\/\/cospacc.org\/wp-content\/uploads\/2019\/07\/6.jpg 2048w\" sizes=\"auto, (max-width: 1024px) 100vw, 1024px\" \/><\/figure><\/li><li class=\"blocks-gallery-item\"><figure><img loading=\"lazy\" decoding=\"async\" width=\"1024\" height=\"768\" src=\"https:\/\/cospacc.org\/wp-content\/uploads\/2019\/07\/5-1024x768.jpg\" alt=\"\" data-id=\"541\" data-link=\"https:\/\/cospacc.org\/?attachment_id=541\" class=\"wp-image-541\" srcset=\"https:\/\/cospacc.org\/wp-content\/uploads\/2019\/07\/5-1024x768.jpg 1024w, https:\/\/cospacc.org\/wp-content\/uploads\/2019\/07\/5-300x225.jpg 300w, https:\/\/cospacc.org\/wp-content\/uploads\/2019\/07\/5-768x576.jpg 768w, https:\/\/cospacc.org\/wp-content\/uploads\/2019\/07\/5.jpg 2048w\" sizes=\"auto, (max-width: 1024px) 100vw, 1024px\" \/><\/figure><\/li><li class=\"blocks-gallery-item\"><figure><img loading=\"lazy\" decoding=\"async\" width=\"1024\" height=\"768\" src=\"https:\/\/cospacc.org\/wp-content\/uploads\/2019\/07\/17-peregrinaci\u00f3n-2-1024x768.jpg\" alt=\"\" data-id=\"542\" data-link=\"https:\/\/cospacc.org\/?attachment_id=542\" class=\"wp-image-542\" srcset=\"https:\/\/cospacc.org\/wp-content\/uploads\/2019\/07\/17-peregrinaci\u00f3n-2-1024x768.jpg 1024w, https:\/\/cospacc.org\/wp-content\/uploads\/2019\/07\/17-peregrinaci\u00f3n-2-300x225.jpg 300w, https:\/\/cospacc.org\/wp-content\/uploads\/2019\/07\/17-peregrinaci\u00f3n-2-768x576.jpg 768w, https:\/\/cospacc.org\/wp-content\/uploads\/2019\/07\/17-peregrinaci\u00f3n-2.jpg 2048w\" sizes=\"auto, (max-width: 1024px) 100vw, 1024px\" \/><\/figure><\/li><li class=\"blocks-gallery-item\"><figure><img loading=\"lazy\" decoding=\"async\" width=\"1024\" height=\"768\" src=\"https:\/\/cospacc.org\/wp-content\/uploads\/2019\/07\/padre-1024x768.jpg\" alt=\"\" data-id=\"543\" data-link=\"https:\/\/cospacc.org\/?attachment_id=543\" class=\"wp-image-543\" srcset=\"https:\/\/cospacc.org\/wp-content\/uploads\/2019\/07\/padre-1024x768.jpg 1024w, https:\/\/cospacc.org\/wp-content\/uploads\/2019\/07\/padre-300x225.jpg 300w, https:\/\/cospacc.org\/wp-content\/uploads\/2019\/07\/padre-768x576.jpg 768w\" sizes=\"auto, (max-width: 1024px) 100vw, 1024px\" \/><\/figure><\/li><li class=\"blocks-gallery-item\"><figure><img loading=\"lazy\" decoding=\"async\" width=\"750\" height=\"500\" src=\"https:\/\/cospacc.org\/wp-content\/uploads\/2019\/07\/sarna5.jpg\" alt=\"\" data-id=\"544\" data-link=\"https:\/\/cospacc.org\/?attachment_id=544\" class=\"wp-image-544\" srcset=\"https:\/\/cospacc.org\/wp-content\/uploads\/2019\/07\/sarna5.jpg 750w, https:\/\/cospacc.org\/wp-content\/uploads\/2019\/07\/sarna5-300x200.jpg 300w\" sizes=\"auto, (max-width: 750px) 100vw, 750px\" \/><\/figure><\/li><\/ul><\/figure>\n\n\n\n<p>Ocurri\u00f3, el primero de diciembre\nde 2001 en la provincia de la Libertad del departamento de Boyac\u00e1 regi\u00f3n\nolvidada por el gobierno nacional durante d\u00e9cadas. 15 personas son vilmente\nasesinadas en un acto premeditado a\u00f1os atr\u00e1s. La provincia es ahora noticia\nnacional.<\/p>\n\n\n\n<p>El primero de diciembre de 2001, durante\nla ma\u00f1ana un aire frio recorri\u00f3 toda la regi\u00f3n, ocurri\u00f3 en el departamento de\nBoyac\u00e1, una regi\u00f3n considerada cuna de la libertad, pero olvidada por los\ndistintos gobiernos del pa\u00eds. Todos los s\u00e1bados los campesinos se preparan y\narriban al mercado dominical sin excepci\u00f3n al municipio de Labranzagrande. Este\nmercado es sin duda el mayor de la provincia de la Libertad integrada por los\nmunicipios de Pajarito, Paya, Pisba y Labranzagrande, con una poblaci\u00f3n no\nsuperior a los 13 mil habitantes. Regi\u00f3n legendaria y perdida entre los\nanaqueles. Hasta ese entonces los municipios de Paya y Pisba no contaban con\nv\u00edas de acceso a pesar de los ingentes esfuerzos realizados por su poblaci\u00f3n. <\/p>\n\n\n\n<p>Fue un s\u00e1bado, del terminal de trasportes\nde la ciudad de Sogamoso, todos los d\u00edas a las 6:15 a.m. sale la ruta que de\neste terminal conduce al municipio de Labranzagrande capital de provincia. Este\nd\u00eda un bus de la empresa Cootracero cuyo n\u00famero interno 339, que cubr\u00eda la ruta\nantes mencionada sali\u00f3 a la hora esperada. Una hora y media aproximadamente m\u00e1s\ntarde cuando el bus se encontraba a la altura del p\u00e1ramo de la sarna, zona\nfr\u00eda, escarpada y poco habitada, fue interceptado por varios sujetos, quienes\nobligaron a los pasajeros, al conductor y al ayudante a descender del autob\u00fas;\nhicieron acostar boca abajo a 15 de ellos. Una abuela que todos los s\u00e1bados\nviaja en funci\u00f3n de comerciante a Labranzagrande y dos de ni\u00f1os m\u00e1s, fueron\nobligados a abordar de nuevo al autob\u00fas mientras los otros pasajeros\ncontinuaban boca abajo sobre el pavimento. <\/p>\n\n\n\n<p>Unos estruendos de disparos aturdieron a\nlos ni\u00f1os y la anciana que se encontraban en el bus. Los 15 pasajeros obligados\na acostarse boca abajo sobre el asfalto quienes estaban con la incertidumbre de\nque pasar\u00eda, fueron asesinados, todos con un tiro de gracia en la cabeza, en un\nacto cobarde, que causo repudio y zozobra al mismo tiempo.<\/p>\n\n\n\n<p>Rabia y zozobra, sentimientos encontrados gu\u00edan\nahora los destinos de la poblaci\u00f3n. La masacre fue recibida con repudio y\nzozobra al mismo tiempo. Al d\u00eda siguiente el mercado estaba desolado. Los\ncomerciantes y campesinos al escuchar de la noticia, detuvieron su viaje semanal;\nel trasporte p\u00fablico suspendi\u00f3 las rutas hacia esta zona. Todo parec\u00eda\ndesvanecerse. Sin embargo y como resurgir de las cenizas la poblaci\u00f3n se\nlevant\u00f3 en acto de protesta. 11 d\u00edas despu\u00e9s, el 12 y 13 de diciembre la\ncomunidad en general acompa\u00f1ada de sus alcaldes, personeros, p\u00e1rrocos y algunos\nconcejales&nbsp; se moviliz\u00f3 en acci\u00f3n de\nrepudio y de justicia. M\u00e1s de 300 personas se movilizaron en repudio contra lo\nocurrido d\u00edas atr\u00e1s. En un acontecimiento sin precedentes los manifestantes\nrealizaron una homil\u00eda en el sitio de los hechos y posteriormente en el sitio\nconocido como el Crucero en la v\u00eda que comunica la ciudad de Sogamoso con los\nMunicipios de Aquitania y Tota, realizaron un bloqueo para exigirle a las\nautoridades departamentales garant\u00edas para continuar con sus labores y que la\nmasacre no quedara impune. La actividad cont\u00f3 con el acompa\u00f1amiento de la\nFundaci\u00f3n Comit\u00e9 De Solidaridad Con Los Presos Pol\u00edticos y la Asociaci\u00f3n\nNacional de Usuarios Campesinos ANUC Unidad\nY Reconstrucci\u00f3n.<\/p>\n\n\n\n<p>Al d\u00eda siguiente luego de soportar la fr\u00eda\nnoche, una mesa de concertaci\u00f3n se estableci\u00f3 compuesta por un delegado de la\ngobernaci\u00f3n de Boyac\u00e1, un delegado del batall\u00f3n Tarqui, los alcaldes, los\nsacerdotes, los personeros que se encontraban en el lugar y delegados de la\ncomunidad. La respuesta institucional&nbsp;&nbsp; a\nla barbarie, fue la construcci\u00f3n de un fuerte policial en la zona, respuesta\nvana y poco \u00e9tica con los hechos ocurridos. De los labios del delegado de la\ngobernaci\u00f3n se oy\u00f3 un comunicado p\u00fablico de repudio, hecho con el cual la\ncomunidad dio servido su cometido inicial y se devolvieron a sus casas.<\/p>\n\n\n\n<p>Meses m\u00e1s tarde y no convencidos con las\nrespuestas dadas por las instituciones, las comunidades en un acto masivo a\nmediados de abril se dieron cita al primer encuentro social y campesino de la\nprovincia La Libertad, actividad que cont\u00f3 con la participaci\u00f3n de m\u00e1s de 600\npersonas. entre las solicitudes m\u00e1s sentidas estaba la de forjar a que la\nmasacre ocurrida el primero de diciembre no quedara impune, que se investigara\ny hubiera castigo a los responsables. otras de sus peticiones es la de terminar\nlas v\u00edas que comunica a los municipios de Paya, y Pisba y la dotaci\u00f3n de una\nemisora comunitaria.<\/p>\n\n\n\n<p>Luego de catorce a\u00f1os, la impunidad sigue\nreinante en la regi\u00f3n, los encargados de justicia a\u00fan no les han contado a las\nfamilias ni a la comunidad la verdad de los hechos.&nbsp; En un ejercicio de informaci\u00f3n de prensa e\ninvestigaci\u00f3n, se puede asegurar desde el movimiento social que la masacre no\nfue un caso fortuito o aislado<a href=\"#_ftn1\">[1]<\/a>, obedece a actos premeditados con anterioridad y a una\ndin\u00e1mica de represi\u00f3n hacia poblaciones donde hay intereses de extractivismo o\nde megaproyectos. La acci\u00f3n de terror fue premeditada muchos a\u00f1os antes. Las\nAUC en un congreso realizado en 1996 en la zona de Urab\u00e1, determinaron como\nlugares estrat\u00e9gicos para garantizar la explotaci\u00f3n petrolera en el piedemonte\nllanero de Boyac\u00e1 y Casanare, generar terror a los municipios de Ch\u00e1meza, y\nRecetor en el Departamento de Casanare y las poblaciones de Paya, Pisba y\nLabranzagrande en el Departamento de Boyac\u00e1. <\/p>\n\n\n\n<p>Seg\u00fan alias Salom\u00f3n<a href=\"#_ftn2\">[2]<\/a> y Alias Solin de las autodefensas Campesinas de Casanare\nACC, uno de sus principales acciones consist\u00eda en garantizar el funcionamiento\nde la industria petrolera, estas mismas palabras llevan siendo repetidas por\nlos comandantes de las fuerzas militares de la zona y en donde las fuerzas\nmilitares contribuyeron no solo con informaci\u00f3n y complacencia si no que\nsuministraron&nbsp; armas<a href=\"#_ftn3\">[3]<\/a> para cometer el rechazado suceso<a href=\"#_ftn4\">[4]<\/a> donde hasta el momento no se conocen los autores\nintelectuales y mucho menos militares condenados por esa masacre.<br><\/p>\n\n\n\n<hr class=\"wp-block-separator\"\/>\n\n\n\n<p><a href=\"#_ftnref1\">[1]<\/a>&nbsp;&nbsp;&nbsp;&nbsp;&nbsp;&nbsp;&nbsp;&nbsp;&nbsp;&nbsp;&nbsp;&nbsp; http:\/\/www.eltiempo.com\/archivo\/documento\/CMS-12398451<\/p>\n\n\n\n<p><a href=\"#_ftnref2\">[2]<\/a>&nbsp;&nbsp;&nbsp;&nbsp;&nbsp;&nbsp;&nbsp;&nbsp;&nbsp;&nbsp;&nbsp;&nbsp;  Archivo Cospacc<\/p>\n\n\n\n<p><a href=\"#_ftnref3\">[3]<\/a>&nbsp;&nbsp;&nbsp;&nbsp;&nbsp;&nbsp;&nbsp;&nbsp;&nbsp;&nbsp;&nbsp;&nbsp; http:\/\/www.comitedesolidaridad.com\/index.php\/noticias-2\/717-vi-p12-anos-de-la-masacre-del-paramo-de-la-sarnaeregrinacion-conmemoracion<\/p>\n\n\n\n<p><a href=\"#_ftnref4\">[4]<\/a>&nbsp;&nbsp;&nbsp;&nbsp;&nbsp;&nbsp;&nbsp;&nbsp;&nbsp;&nbsp;&nbsp;&nbsp; http:\/\/www.excelsio.net\/2013\/10\/capturan-presunto-paramilitar-que.html<\/p>\n","protected":false},"excerpt":{"rendered":"<p>Por Corporaci\u00f3n Cospacc Ocurri\u00f3, el primero de diciembre de 2001 en la provincia de la Libertad del departamento de Boyac\u00e1<\/p>\n","protected":false},"author":1,"featured_media":533,"comment_status":"open","ping_status":"open","sticky":false,"template":"","format":"standard","meta":{"colormag_page_layout":"default_layout","footnotes":""},"categories":[7],"tags":[14,49,20,21],"class_list":["post-531","post","type-post","status-publish","format-standard","has-post-thumbnail","hentry","category-peregrinacion","tag-ddhh","tag-masacres","tag-paramo-de-la-sarna","tag-peregrinacion"],"_links":{"self":[{"href":"https:\/\/cospacc.org\/index.php?rest_route=\/wp\/v2\/posts\/531","targetHints":{"allow":["GET"]}}],"collection":[{"href":"https:\/\/cospacc.org\/index.php?rest_route=\/wp\/v2\/posts"}],"about":[{"href":"https:\/\/cospacc.org\/index.php?rest_route=\/wp\/v2\/types\/post"}],"author":[{"embeddable":true,"href":"https:\/\/cospacc.org\/index.php?rest_route=\/wp\/v2\/users\/1"}],"replies":[{"embeddable":true,"href":"https:\/\/cospacc.org\/index.php?rest_route=%2Fwp%2Fv2%2Fcomments&post=531"}],"version-history":[{"count":2,"href":"https:\/\/cospacc.org\/index.php?rest_route=\/wp\/v2\/posts\/531\/revisions"}],"predecessor-version":[{"id":896,"href":"https:\/\/cospacc.org\/index.php?rest_route=\/wp\/v2\/posts\/531\/revisions\/896"}],"wp:featuredmedia":[{"embeddable":true,"href":"https:\/\/cospacc.org\/index.php?rest_route=\/wp\/v2\/media\/533"}],"wp:attachment":[{"href":"https:\/\/cospacc.org\/index.php?rest_route=%2Fwp%2Fv2%2Fmedia&parent=531"}],"wp:term":[{"taxonomy":"category","embeddable":true,"href":"https:\/\/cospacc.org\/index.php?rest_route=%2Fwp%2Fv2%2Fcategories&post=531"},{"taxonomy":"post_tag","embeddable":true,"href":"https:\/\/cospacc.org\/index.php?rest_route=%2Fwp%2Fv2%2Ftags&post=531"}],"curies":[{"name":"wp","href":"https:\/\/api.w.org\/{rel}","templated":true}]}}