{"id":555,"date":"2019-07-26T22:04:20","date_gmt":"2019-07-26T22:04:20","guid":{"rendered":"https:\/\/cospacc.org\/?p=555"},"modified":"2019-11-23T20:59:29","modified_gmt":"2019-11-23T20:59:29","slug":"la-utopia","status":"publish","type":"post","link":"https:\/\/cospacc.org\/?p=555","title":{"rendered":"La utop\u00eda"},"content":{"rendered":"\n<p> <\/p>\n\n\n\n<p><strong><a href=\"https:\/\/www.poeticous.com\/eduardo-galeano\/la-utopia?locale=es\">La utop\u00eda<\/a><\/strong><\/p>\n\n\n\n<p>Qu\u00e9 tal si deliramos por un ratito<\/p>\n\n\n\n<p>qu\u00e9 tal si clavamos los ojos m\u00e1s all\u00e1 de la\ninfamia<\/p>\n\n\n\n<p>para adivinar otro mundo posible<\/p>\n\n\n\n<p>El aire estar\u00e1 limpio de todo veneno que no\nprovenga<\/p>\n\n\n\n<p>de los miedos humanos y de las humanas\npasiones<\/p>\n\n\n\n<p>En las calles los autom\u00f3viles ser\u00e1n aplastados\npor los perros<\/p>\n\n\n\n<p>la gente no ser\u00e1 manejada por el autom\u00f3vil<\/p>\n\n\n\n<p>ni ser\u00e1 programada por el ordenador<\/p>\n\n\n\n<p>ni ser\u00e1 comprada por el supermercado<\/p>\n\n\n\n<p>ni ser\u00e1 tampoco mirada por el televisor<\/p>\n\n\n\n<p>El televisor dejar\u00e1 de ser el miembro m\u00e1s\nimportante de la familia<\/p>\n\n\n\n<p>y ser\u00e1 tratado como la plancha o el lavarropas<\/p>\n\n\n\n<p>Se incorporar\u00e1 a los c\u00f3digos penales el delito\nde estupidez<\/p>\n\n\n\n<p>que cometen quienes viven por tener o por\nganar<\/p>\n\n\n\n<p>en vez de vivir por vivir no m\u00e1s<\/p>\n\n\n\n<p>como canta el p\u00e1jaro sin saber que canta<\/p>\n\n\n\n<p>y como juega el ni\u00f1o sin saber que juega<\/p>\n\n\n\n<p>En ning\u00fan pa\u00eds ir\u00e1n presos los muchachos<\/p>\n\n\n\n<p>que se nieguen a cumplir el servicio<\/p>\n\n\n\n<p>sino los que quieran cumplirlo<\/p>\n\n\n\n<p>Nadie vivir\u00e1 para trabajar<\/p>\n\n\n\n<p>pero todos trabajemos para vivir<\/p>\n\n\n\n<p>Los economistas no llamar\u00e1n nivel de vida al\nnivel de consumo<\/p>\n\n\n\n<p>ni llamar\u00e1n calidad de vida a la cantidad de\ncosas<\/p>\n\n\n\n<p>Los cocineros no creer\u00e1n que a las langostas\nles encanta que las hiervan vivas<\/p>\n\n\n\n<p>Los historiadores no creer\u00e1n que a los pa\u00edses\nles encanta ser invadidos<\/p>\n\n\n\n<p>Los pol\u00edticos no creer\u00e1n que a los pobres les\nencanta comer promesas<\/p>\n\n\n\n<p>La solemnidad se dejar\u00e1 de creer que es una\nvirtud<\/p>\n\n\n\n<p>y nadie nadie<\/p>\n\n\n\n<p>tomar\u00e1 en serio a nadie<\/p>\n\n\n\n<p>que no sea capaz<\/p>\n\n\n\n<p>de tomarse el pelo<\/p>\n\n\n\n<p>La muerte y el dinero perder\u00e1n sus m\u00e1gicos\npoderes<\/p>\n\n\n\n<p>y ni por defunci\u00f3n ni por fortuna<\/p>\n\n\n\n<p>se convertir\u00e1 el canalla en virtuoso caballero<\/p>\n\n\n\n<p>La comida no ser\u00e1 una mercanc\u00eda<\/p>\n\n\n\n<p>ni la comunicaci\u00f3n un negocio<\/p>\n\n\n\n<p>porque la comida y la comunicaci\u00f3n son\nderechos humanos<\/p>\n\n\n\n<p>Nadie morir\u00e1 de hambre<\/p>\n\n\n\n<p>porque nadie morir\u00e1 de indigesti\u00f3n<\/p>\n\n\n\n<p>Los ni\u00f1os de la calle no ser\u00e1n tratados como\nsi fueran basura<\/p>\n\n\n\n<p>porque no habr\u00e1 ni\u00f1os de la calle<\/p>\n\n\n\n<p>Los ni\u00f1os ricos no ser\u00e1n tratados como si\nfueran dinero<\/p>\n\n\n\n<p>porque no habr\u00e1 ni\u00f1os ricos<\/p>\n\n\n\n<p>La educaci\u00f3n no ser\u00e1 el privilegio de quienes\npuedan pagarla<\/p>\n\n\n\n<p>y la polic\u00eda no ser\u00e1 la maldici\u00f3n de quienes\nno puedan comprarla<\/p>\n\n\n\n<p>La justicia y la libertad, hermanas siamesas\ncondenadas a vivir separadas<\/p>\n\n\n\n<p>volver\u00e1n a juntarse bien pegaditas espaldas\ncontra espalda<\/p>\n\n\n\n<p>En Argentina las locas de Plaza de Mayo ser\u00e1n\nun ejemplo de salud mental<\/p>\n\n\n\n<p>porque ellas se negaron a olvidar en los\ntiempos de la amnesia obligatoria<\/p>\n\n\n\n<p>La santa madre iglesia corregir\u00e1 algunas\nerratas de las tablas de Mois\u00e9s<\/p>\n\n\n\n<p>y el 6to mandamiento ordenar\u00e1 festejar el\ncuerpo<\/p>\n\n\n\n<p>La iglesia dictar\u00e1 tambi\u00e9n otro mandamiento\nque se le hab\u00eda olvidado a Dios:<\/p>\n\n\n\n<p>amar\u00e1s a la naturaleza de la que formas parte<\/p>\n\n\n\n<p>Ser\u00e1n reforestados los desiertos del mundo<\/p>\n\n\n\n<p>y los desiertos del alma<\/p>\n\n\n\n<p>Los desesperados ser\u00e1n esperados<\/p>\n\n\n\n<p>y los perdidos ser\u00e1n encontrados<\/p>\n\n\n\n<p>porque ellos se desesperaron de tanto esperar<\/p>\n\n\n\n<p>y ellos se perdieron por tanto buscar<\/p>\n\n\n\n<p>Seremos compatriotas y contempor\u00e1neos de todos\nlos que tengan<\/p>\n\n\n\n<p>voluntad de belleza y voluntad de justicia<\/p>\n\n\n\n<p>hayan nacido cuando hayan nacido<\/p>\n\n\n\n<p>y hayan vivido donde hayan vivido<\/p>\n\n\n\n<p>sin que importen ni un poquito las fronteras\ndel mapa ni del tiempo<\/p>\n\n\n\n<p>Seremos imperfectos<\/p>\n\n\n\n<p>Porque la perfecci\u00f3n seguir\u00e1 siendo<\/p>\n\n\n\n<p>el aburrido privilegio de los dioses<\/p>\n\n\n\n<p>pero en este mundo<\/p>\n\n\n\n<p>en este mundo chamb\u00f3n y jodido<\/p>\n\n\n\n<p>seremos capaces de vivir cada d\u00eda<\/p>\n\n\n\n<p>como si fuera el primero<\/p>\n\n\n\n<p>y cada noche<\/p>\n\n\n\n<p>como si fuera la \u00faltima<\/p>\n\n\n\n<p>Eduardo Galeano poeta Uruguayo<\/p>\n","protected":false},"excerpt":{"rendered":"<p>La utop\u00eda Qu\u00e9 tal si deliramos por un ratito qu\u00e9 tal si clavamos los ojos m\u00e1s all\u00e1 de la infamia<\/p>\n","protected":false},"author":1,"featured_media":557,"comment_status":"open","ping_status":"open","sticky":false,"template":"","format":"standard","meta":{"colormag_page_layout":"default_layout","footnotes":""},"categories":[1],"tags":[],"class_list":["post-555","post","type-post","status-publish","format-standard","has-post-thumbnail","hentry","category-nuestras-luchas"],"_links":{"self":[{"href":"https:\/\/cospacc.org\/index.php?rest_route=\/wp\/v2\/posts\/555","targetHints":{"allow":["GET"]}}],"collection":[{"href":"https:\/\/cospacc.org\/index.php?rest_route=\/wp\/v2\/posts"}],"about":[{"href":"https:\/\/cospacc.org\/index.php?rest_route=\/wp\/v2\/types\/post"}],"author":[{"embeddable":true,"href":"https:\/\/cospacc.org\/index.php?rest_route=\/wp\/v2\/users\/1"}],"replies":[{"embeddable":true,"href":"https:\/\/cospacc.org\/index.php?rest_route=%2Fwp%2Fv2%2Fcomments&post=555"}],"version-history":[{"count":4,"href":"https:\/\/cospacc.org\/index.php?rest_route=\/wp\/v2\/posts\/555\/revisions"}],"predecessor-version":[{"id":893,"href":"https:\/\/cospacc.org\/index.php?rest_route=\/wp\/v2\/posts\/555\/revisions\/893"}],"wp:featuredmedia":[{"embeddable":true,"href":"https:\/\/cospacc.org\/index.php?rest_route=\/wp\/v2\/media\/557"}],"wp:attachment":[{"href":"https:\/\/cospacc.org\/index.php?rest_route=%2Fwp%2Fv2%2Fmedia&parent=555"}],"wp:term":[{"taxonomy":"category","embeddable":true,"href":"https:\/\/cospacc.org\/index.php?rest_route=%2Fwp%2Fv2%2Fcategories&post=555"},{"taxonomy":"post_tag","embeddable":true,"href":"https:\/\/cospacc.org\/index.php?rest_route=%2Fwp%2Fv2%2Ftags&post=555"}],"curies":[{"name":"wp","href":"https:\/\/api.w.org\/{rel}","templated":true}]}}