{"id":591,"date":"2019-08-31T04:24:25","date_gmt":"2019-08-31T04:24:25","guid":{"rendered":"https:\/\/cospacc.org\/?p=591"},"modified":"2019-11-23T20:49:07","modified_gmt":"2019-11-23T20:49:07","slug":"solucion-inconclusa","status":"publish","type":"post","link":"https:\/\/cospacc.org\/?p=591","title":{"rendered":"Soluci\u00f3n inconclusa"},"content":{"rendered":"\n<p>Por Albeiro Cervantes<\/p>\n\n\n\n<p><strong>#SerL\u00edderSocialNoEsDelito<\/strong><br><\/p>\n\n\n\n<p>En\nColombia hay varias disputas que afectan y privan de la libertad y causa muerte\na l\u00edderes sociales como es la tenencia de tierra, miner\u00eda, la explotaci\u00f3n petrolera\ny el rechazo a la contaminaci\u00f3n ambiental.<\/p>\n\n\n\n<p>&nbsp;Las multinacionales que se encuentran ubicadas\nen Casanare, han estigmatizado y perseguido a los l\u00edderes sociales que luchan y\nvelan por garant\u00edas de inversi\u00f3n social para las comunidades. Sus luchas son\nconstantes sin importar la persecuci\u00f3n, judicializaciones y hasta poner en riesgo\nla vida, como el caso de Daniel Abril Fuentes, campesino ambientalista oriundo\nde Trinidad. Hoy ad portas de cumplir un a\u00f1o de estar detenidos los l\u00edderes de San\nLuis de Palenque y Trinidad, los acuerdos pactados entre Frontera Energy con la\ncomunidad se est\u00e1n desvaneciendo. Los 2500 millones para pavimento de la v\u00eda no\nse ven por ning\u00fan lado, la v\u00eda est\u00e1 cada vez peor y tanto as\u00ed que en una\ncamioneta 4&#215;4 se gastan 2 horas y 45 minutos en tan solo 62 kil\u00f3metros que es\nel tramo de v\u00eda entre la vereda Platanales y el cruce hacia el casco urbano de\nTrinidad.<\/p>\n\n\n\n<p>Hoy nos preguntamos qu\u00e9 paso con esos acuerdos, Frontera Energy no ha cumplido a la comunidad, en tanto las familias de cada uno de los detenidos les cambio la vida desde ese d\u00eda 27 de septiembre, algunos de los detenidos son hijos que ve\u00edan por sus padres y otros cabezas de hogar, son campesinos humildes criados en el campo donde ejerc\u00edan su profesi\u00f3n de labrar y cultivar la tierra.<\/p>\n\n\n\n<figure class=\"wp-block-gallery columns-3 is-cropped wp-block-gallery-1 is-layout-flex wp-block-gallery-is-layout-flex\"><ul class=\"blocks-gallery-grid\"><li class=\"blocks-gallery-item\"><figure><img loading=\"lazy\" decoding=\"async\" width=\"682\" height=\"932\" src=\"https:\/\/cospacc.org\/wp-content\/uploads\/2019\/08\/Daniel-recortado.jpg\" alt=\"\" data-id=\"593\" class=\"wp-image-593\" srcset=\"https:\/\/cospacc.org\/wp-content\/uploads\/2019\/08\/Daniel-recortado.jpg 682w, https:\/\/cospacc.org\/wp-content\/uploads\/2019\/08\/Daniel-recortado-220x300.jpg 220w\" sizes=\"auto, (max-width: 682px) 100vw, 682px\" \/><\/figure><\/li><li class=\"blocks-gallery-item\"><figure><img loading=\"lazy\" decoding=\"async\" width=\"1024\" height=\"512\" src=\"https:\/\/cospacc.org\/wp-content\/uploads\/2019\/08\/3e399342-df15-4b5d-8706-ae6130017a25-1024x512.jpg\" alt=\"\" data-id=\"594\" data-link=\"https:\/\/cospacc.org\/?attachment_id=594\" class=\"wp-image-594\" srcset=\"https:\/\/cospacc.org\/wp-content\/uploads\/2019\/08\/3e399342-df15-4b5d-8706-ae6130017a25-1024x512.jpg 1024w, https:\/\/cospacc.org\/wp-content\/uploads\/2019\/08\/3e399342-df15-4b5d-8706-ae6130017a25-300x150.jpg 300w, https:\/\/cospacc.org\/wp-content\/uploads\/2019\/08\/3e399342-df15-4b5d-8706-ae6130017a25-768x384.jpg 768w, https:\/\/cospacc.org\/wp-content\/uploads\/2019\/08\/3e399342-df15-4b5d-8706-ae6130017a25.jpg 1040w\" sizes=\"auto, (max-width: 1024px) 100vw, 1024px\" \/><\/figure><\/li><li class=\"blocks-gallery-item\"><figure><img loading=\"lazy\" decoding=\"async\" width=\"1024\" height=\"768\" src=\"https:\/\/cospacc.org\/wp-content\/uploads\/2019\/08\/Jonathan-1024x768.jpg\" alt=\"\" data-id=\"596\" data-link=\"https:\/\/cospacc.org\/?attachment_id=596\" class=\"wp-image-596\" srcset=\"https:\/\/cospacc.org\/wp-content\/uploads\/2019\/08\/Jonathan-1024x768.jpg 1024w, https:\/\/cospacc.org\/wp-content\/uploads\/2019\/08\/Jonathan-300x225.jpg 300w, https:\/\/cospacc.org\/wp-content\/uploads\/2019\/08\/Jonathan-768x576.jpg 768w, https:\/\/cospacc.org\/wp-content\/uploads\/2019\/08\/Jonathan.jpg 2000w\" sizes=\"auto, (max-width: 1024px) 100vw, 1024px\" \/><\/figure><\/li><li class=\"blocks-gallery-item\"><figure><img loading=\"lazy\" decoding=\"async\" width=\"640\" height=\"640\" src=\"https:\/\/cospacc.org\/wp-content\/uploads\/2019\/08\/Serlidersocial.jpeg\" alt=\"\" data-id=\"597\" data-link=\"https:\/\/cospacc.org\/?attachment_id=597\" class=\"wp-image-597\" srcset=\"https:\/\/cospacc.org\/wp-content\/uploads\/2019\/08\/Serlidersocial.jpeg 640w, https:\/\/cospacc.org\/wp-content\/uploads\/2019\/08\/Serlidersocial-150x150.jpeg 150w, https:\/\/cospacc.org\/wp-content\/uploads\/2019\/08\/Serlidersocial-300x300.jpeg 300w\" sizes=\"auto, (max-width: 640px) 100vw, 640px\" \/><\/figure><\/li><li class=\"blocks-gallery-item\"><figure><img loading=\"lazy\" decoding=\"async\" width=\"1024\" height=\"768\" src=\"https:\/\/cospacc.org\/wp-content\/uploads\/2019\/08\/IMG-20171130-WA0018-1-1024x768.jpg\" alt=\"\" data-id=\"599\" data-link=\"https:\/\/cospacc.org\/?attachment_id=599\" class=\"wp-image-599\" srcset=\"https:\/\/cospacc.org\/wp-content\/uploads\/2019\/08\/IMG-20171130-WA0018-1-1024x768.jpg 1024w, https:\/\/cospacc.org\/wp-content\/uploads\/2019\/08\/IMG-20171130-WA0018-1-300x225.jpg 300w, https:\/\/cospacc.org\/wp-content\/uploads\/2019\/08\/IMG-20171130-WA0018-1-768x576.jpg 768w, https:\/\/cospacc.org\/wp-content\/uploads\/2019\/08\/IMG-20171130-WA0018-1.jpg 1280w\" sizes=\"auto, (max-width: 1024px) 100vw, 1024px\" \/><\/figure><\/li><\/ul><\/figure>\n\n\n\n<p>&nbsp;Las comunidades de estos dos municipios &nbsp;&nbsp;no cuentan con v\u00edas en buen estado, la inversi\u00f3n social que deber\u00edan hacer las empresas petroleras no se ve por ning\u00fan lado. Y los 8 l\u00edderes sociales contin\u00faan privados de la libertad unos con medidas domiciliarias y otros con medidas de aseguramiento intramuros. Pero sin importar lo dif\u00edcil y oscuro el panorama el movimiento social, las comunidades de la mano de sus l\u00edderes sociales continuar\u00e1n exigiendo sus derechos, defendiendo el territorio. Hombres y mujeres en las calles y carreteras mediante la movilizaci\u00f3n seguir\u00e1n levantando las banderas de cada l\u00edder social que el Estado con su brazo represor de las Fuerzas Militares han acallado de una u otra forma. La movilizaci\u00f3n, la organizaci\u00f3n y la uni\u00f3n se continuar\u00e1 dando para exigir la libertad a cada uno de los l\u00edderes sociales y para exigir garant\u00edas al derecho de la protesta social, la libertad y la vida.<\/p>\n","protected":false},"excerpt":{"rendered":"<p>Por Albeiro Cervantes #SerL\u00edderSocialNoEsDelito En Colombia hay varias disputas que afectan y privan de la libertad y causa muerte a<\/p>\n","protected":false},"author":1,"featured_media":592,"comment_status":"open","ping_status":"open","sticky":false,"template":"","format":"standard","meta":{"colormag_page_layout":"default_layout","footnotes":""},"categories":[1],"tags":[],"class_list":["post-591","post","type-post","status-publish","format-standard","has-post-thumbnail","hentry","category-nuestras-luchas"],"_links":{"self":[{"href":"https:\/\/cospacc.org\/index.php?rest_route=\/wp\/v2\/posts\/591","targetHints":{"allow":["GET"]}}],"collection":[{"href":"https:\/\/cospacc.org\/index.php?rest_route=\/wp\/v2\/posts"}],"about":[{"href":"https:\/\/cospacc.org\/index.php?rest_route=\/wp\/v2\/types\/post"}],"author":[{"embeddable":true,"href":"https:\/\/cospacc.org\/index.php?rest_route=\/wp\/v2\/users\/1"}],"replies":[{"embeddable":true,"href":"https:\/\/cospacc.org\/index.php?rest_route=%2Fwp%2Fv2%2Fcomments&post=591"}],"version-history":[{"count":4,"href":"https:\/\/cospacc.org\/index.php?rest_route=\/wp\/v2\/posts\/591\/revisions"}],"predecessor-version":[{"id":886,"href":"https:\/\/cospacc.org\/index.php?rest_route=\/wp\/v2\/posts\/591\/revisions\/886"}],"wp:featuredmedia":[{"embeddable":true,"href":"https:\/\/cospacc.org\/index.php?rest_route=\/wp\/v2\/media\/592"}],"wp:attachment":[{"href":"https:\/\/cospacc.org\/index.php?rest_route=%2Fwp%2Fv2%2Fmedia&parent=591"}],"wp:term":[{"taxonomy":"category","embeddable":true,"href":"https:\/\/cospacc.org\/index.php?rest_route=%2Fwp%2Fv2%2Fcategories&post=591"},{"taxonomy":"post_tag","embeddable":true,"href":"https:\/\/cospacc.org\/index.php?rest_route=%2Fwp%2Fv2%2Ftags&post=591"}],"curies":[{"name":"wp","href":"https:\/\/api.w.org\/{rel}","templated":true}]}}