{"id":610,"date":"2019-09-16T13:52:06","date_gmt":"2019-09-16T13:52:06","guid":{"rendered":"https:\/\/cospacc.org\/?p=610"},"modified":"2019-11-23T20:40:05","modified_gmt":"2019-11-23T20:40:05","slug":"denuncia-publica-7","status":"publish","type":"post","link":"https:\/\/cospacc.org\/?p=610","title":{"rendered":"Denuncia p\u00fablica"},"content":{"rendered":"\n<p><strong>Hostigamiento e intimidaci\u00f3n contra l\u00edder social privada de la libertad en \u00e1rea rural de San Luis de Palenque, Casanare.<\/strong><\/p>\n\n\n\n<p><strong>Antecedentes<\/strong><\/p>\n\n\n\n<p>Del 5 al 13 de agosto se realiz\u00f3 la Caravana Humanitaria\npor la Vida que visibiliz\u00f3 a nivel nacional e internacional la crisis por la\nque atraviesan las comunidades del Bajo Atrato chocoano. En coordinaci\u00f3n entre\nCOSPACC y la Red de Hermandad y Solidaridad con Colombia (REDHER), apoyo\ninternacional de la Caravana lleg\u00f3 al departamento de Casanare entre el 15 y 18\nde agosto, con la finalidad de observar y documentar casos de l\u00edderes sociales\nprivados de la libertad en el establecimiento penitenciario de la Guafilla, en\ndomicilios de Yopal y de la vereda La Venturosa de San Luis de Palenque.<\/p>\n\n\n\n<p>Entre los lugares visitados, se incluy\u00f3 el domicilio\nde la se\u00f1ora TERESA RINC\u00d3N, l\u00edder social de la vereda que se encuentra privada\nde la libertad por un proceso judicial adelantado por la EDA (Estructura de\nApoyo de la Fiscal\u00eda General de la Naci\u00f3n) de Casanare, por hechos relacionados\nal ejercicio de la protesta social en exigencia del cumplimiento de acuerdos y\npagos a la comunidad por parte de la multinacional petrolera Frontera Energy.\nEn este caso est\u00e1n relacionadas 8 personas las cuales fueron capturadas en\noperativos desproporcionados en el uso de la fuerza.<\/p>\n\n\n\n<p>En la amenaza escrita del 3 de septiembre de 2019\nfirmada por el bloque sur de las Aguilas Negras, dirigida al correo electr\u00f3nico\nde FECODE, se dirigieron en contra de caravanas en defensa de la vida: <em>\u201ctodo\nel que participe en la caravana, van a la caravana de la muerte\u201d. <\/em><\/p>\n\n\n\n<p><strong>Hechos<\/strong><\/p>\n\n\n\n<ol class=\"wp-block-list\"><li>El martes 10 de septiembre a\nlas 6.30 pm, cuatro (4) hombres encapuchados y vestidos de negro llegaron al\ndomicilio de TERESA RINC\u00d3N y su familia (que incluye a sus hijos, menores de\nedad), ubicado en la vereda La Venturosa del municipio de San Luis de Palenque.<\/li><\/ol>\n\n\n\n<ul class=\"wp-block-list\"><li>Ante la presencia de estas\npersonas desconocidas, la se\u00f1ora TERESA RINC\u00d3N dio aviso al grupo Gu\u00edas de\nCasanare adscrito al Batall\u00f3n X (10) del Ej\u00e9rcito Nacional de Colombia.<\/li><\/ul>\n\n\n\n<ul class=\"wp-block-list\"><li>Cuando los cuatro hombres\ndesconocidos vieron acercarse a los militares, emprendieron la hu\u00edda.<\/li><\/ul>\n\n\n\n<p><strong>Exigimos<\/strong><\/p>\n\n\n\n<ul class=\"wp-block-list\"><li>A la Procuradur\u00eda General de la\nNaci\u00f3n y a la Fiscal\u00eda General de la Naci\u00f3n, a investigar estos hechos y a\nadelantar los procesos judiciales y disciplinarios a los que haya lugar.<\/li><\/ul>\n\n\n\n<ul class=\"wp-block-list\"><li>Al gobierno nacional a que se\ntomen las medidas necesarias que garanticen el derecho a la vida, la\nintegridad, la seguridad y la libertad de los menores de edad y de las personas\nprivadas de la libertad.<\/li><\/ul>\n\n\n\n<ul class=\"wp-block-list\"><li>A la comunidad nacional e\ninternacional a vigilar, rechazar y denunciar las actuaciones paramilitares que\nbuscan desarticular los procesos organizativos y las luchas por condiciones de\nvida digna.<\/li><\/ul>\n\n\n\n<p><strong>CORPORACI\u00d3N SOCIAL PARA LA\nASESOR\u00cdA Y CAPACITACI\u00d3N COMUNITARIA \u2013 COSPACC \u2013 <\/strong><\/p>\n","protected":false},"excerpt":{"rendered":"<p>Hostigamiento e intimidaci\u00f3n contra l\u00edder social privada de la libertad en \u00e1rea rural de San Luis de Palenque, Casanare. Antecedentes<\/p>\n","protected":false},"author":1,"featured_media":611,"comment_status":"open","ping_status":"open","sticky":false,"template":"","format":"standard","meta":{"colormag_page_layout":"default_layout","footnotes":""},"categories":[47],"tags":[53,17,14],"class_list":["post-610","post","type-post","status-publish","format-standard","has-post-thumbnail","hentry","category-comunicados-y-denuncias","tag-serlidersocialnoesdelito","tag-casanare","tag-ddhh"],"_links":{"self":[{"href":"https:\/\/cospacc.org\/index.php?rest_route=\/wp\/v2\/posts\/610","targetHints":{"allow":["GET"]}}],"collection":[{"href":"https:\/\/cospacc.org\/index.php?rest_route=\/wp\/v2\/posts"}],"about":[{"href":"https:\/\/cospacc.org\/index.php?rest_route=\/wp\/v2\/types\/post"}],"author":[{"embeddable":true,"href":"https:\/\/cospacc.org\/index.php?rest_route=\/wp\/v2\/users\/1"}],"replies":[{"embeddable":true,"href":"https:\/\/cospacc.org\/index.php?rest_route=%2Fwp%2Fv2%2Fcomments&post=610"}],"version-history":[{"count":3,"href":"https:\/\/cospacc.org\/index.php?rest_route=\/wp\/v2\/posts\/610\/revisions"}],"predecessor-version":[{"id":883,"href":"https:\/\/cospacc.org\/index.php?rest_route=\/wp\/v2\/posts\/610\/revisions\/883"}],"wp:featuredmedia":[{"embeddable":true,"href":"https:\/\/cospacc.org\/index.php?rest_route=\/wp\/v2\/media\/611"}],"wp:attachment":[{"href":"https:\/\/cospacc.org\/index.php?rest_route=%2Fwp%2Fv2%2Fmedia&parent=610"}],"wp:term":[{"taxonomy":"category","embeddable":true,"href":"https:\/\/cospacc.org\/index.php?rest_route=%2Fwp%2Fv2%2Fcategories&post=610"},{"taxonomy":"post_tag","embeddable":true,"href":"https:\/\/cospacc.org\/index.php?rest_route=%2Fwp%2Fv2%2Ftags&post=610"}],"curies":[{"name":"wp","href":"https:\/\/api.w.org\/{rel}","templated":true}]}}