{"id":631,"date":"2019-09-30T21:12:31","date_gmt":"2019-09-30T21:12:31","guid":{"rendered":"https:\/\/cospacc.org\/?p=631"},"modified":"2019-11-23T20:24:01","modified_gmt":"2019-11-23T20:24:01","slug":"serlidersocialnoesdelito-2","status":"publish","type":"post","link":"https:\/\/cospacc.org\/?p=631","title":{"rendered":"#SerL\u00edderSocialNoEsDelito"},"content":{"rendered":"\n<p><br>Fredy Figueroa, l\u00edder social y defensor de derechos humanos, un hombre que se caracteriza por su carisma y buen humor. A acompa\u00f1ado el trabajo social de Casanare y ha hecho parte de las mesas de interlocuci\u00f3n entre el movimiento social, la alcald\u00eda de Yopal y la gobernaci\u00f3n donde se han abordado temas de vivienda y del sector campesino.<\/p>\n\n\n\n<figure class=\"wp-block-gallery columns-2 is-cropped wp-block-gallery-1 is-layout-flex wp-block-gallery-is-layout-flex\"><ul class=\"blocks-gallery-grid\"><li class=\"blocks-gallery-item\"><figure><img loading=\"lazy\" decoding=\"async\" width=\"486\" height=\"720\" src=\"https:\/\/cospacc.org\/wp-content\/uploads\/2019\/09\/frdy-2.jpg\" alt=\"\" data-id=\"633\" class=\"wp-image-633\" srcset=\"https:\/\/cospacc.org\/wp-content\/uploads\/2019\/09\/frdy-2.jpg 486w, https:\/\/cospacc.org\/wp-content\/uploads\/2019\/09\/frdy-2-203x300.jpg 203w\" sizes=\"auto, (max-width: 486px) 100vw, 486px\" \/><\/figure><\/li><li class=\"blocks-gallery-item\"><figure><img loading=\"lazy\" decoding=\"async\" width=\"484\" height=\"509\" src=\"https:\/\/cospacc.org\/wp-content\/uploads\/2019\/09\/Fredy.jpg\" alt=\"\" data-id=\"634\" data-link=\"https:\/\/cospacc.org\/?attachment_id=634\" class=\"wp-image-634\" srcset=\"https:\/\/cospacc.org\/wp-content\/uploads\/2019\/09\/Fredy.jpg 484w, https:\/\/cospacc.org\/wp-content\/uploads\/2019\/09\/Fredy-285x300.jpg 285w\" sizes=\"auto, (max-width: 484px) 100vw, 484px\" \/><\/figure><\/li><\/ul><\/figure>\n\n\n\n<p><br>Un l\u00edder reconocido y apreciado por la comunidad por su compromiso en la defensa y acompa\u00f1amiento de los derechos humanos, dentro de su labor se destacaba el registro de casos de derechos humanos y el acompa\u00f1amiento a las diferentes movilizaciones del movimiento social, por su trabajo como defensor de derechos humanos venia siendo v\u00edctima de acoso y persecuci\u00f3n por parte de la Fuerza P\u00fablica por lo cual se hab\u00edan entablado las denuncias pertinentes ante las diferentes entidades y se hab\u00eda presentado en el 2018 ante la Fiscal\u00eda en Yopal en la cual le indicaron que no ten\u00eda ning\u00fan requerimiento. Ninguna de estas medidas fue garant\u00eda para este l\u00edder social que hoy se encuentra privado de la libertad. Es por esto que una vez m\u00e1s alzamos la voz para exigir garant\u00edas y la libertad de los l\u00edderes de Casanare. #SerL\u00edderSocialNoEsDelito y que defender la vida y el territorio no nos cueste la vida y la libertad. <\/p>\n","protected":false},"excerpt":{"rendered":"<p>Fredy Figueroa, l\u00edder social y defensor de derechos humanos, un hombre que se caracteriza por su carisma y buen humor.<\/p>\n","protected":false},"author":1,"featured_media":632,"comment_status":"open","ping_status":"open","sticky":false,"template":"","format":"standard","meta":{"colormag_page_layout":"default_layout","footnotes":""},"categories":[15],"tags":[53,17],"class_list":["post-631","post","type-post","status-publish","format-standard","has-post-thumbnail","hentry","category-derechos-humanos","tag-serlidersocialnoesdelito","tag-casanare"],"_links":{"self":[{"href":"https:\/\/cospacc.org\/index.php?rest_route=\/wp\/v2\/posts\/631","targetHints":{"allow":["GET"]}}],"collection":[{"href":"https:\/\/cospacc.org\/index.php?rest_route=\/wp\/v2\/posts"}],"about":[{"href":"https:\/\/cospacc.org\/index.php?rest_route=\/wp\/v2\/types\/post"}],"author":[{"embeddable":true,"href":"https:\/\/cospacc.org\/index.php?rest_route=\/wp\/v2\/users\/1"}],"replies":[{"embeddable":true,"href":"https:\/\/cospacc.org\/index.php?rest_route=%2Fwp%2Fv2%2Fcomments&post=631"}],"version-history":[{"count":3,"href":"https:\/\/cospacc.org\/index.php?rest_route=\/wp\/v2\/posts\/631\/revisions"}],"predecessor-version":[{"id":880,"href":"https:\/\/cospacc.org\/index.php?rest_route=\/wp\/v2\/posts\/631\/revisions\/880"}],"wp:featuredmedia":[{"embeddable":true,"href":"https:\/\/cospacc.org\/index.php?rest_route=\/wp\/v2\/media\/632"}],"wp:attachment":[{"href":"https:\/\/cospacc.org\/index.php?rest_route=%2Fwp%2Fv2%2Fmedia&parent=631"}],"wp:term":[{"taxonomy":"category","embeddable":true,"href":"https:\/\/cospacc.org\/index.php?rest_route=%2Fwp%2Fv2%2Fcategories&post=631"},{"taxonomy":"post_tag","embeddable":true,"href":"https:\/\/cospacc.org\/index.php?rest_route=%2Fwp%2Fv2%2Ftags&post=631"}],"curies":[{"name":"wp","href":"https:\/\/api.w.org\/{rel}","templated":true}]}}