{"id":636,"date":"2019-09-30T21:16:52","date_gmt":"2019-09-30T21:16:52","guid":{"rendered":"https:\/\/cospacc.org\/?p=636"},"modified":"2019-11-23T20:05:30","modified_gmt":"2019-11-23T20:05:30","slug":"serlidersocialnoesdelito-3","status":"publish","type":"post","link":"https:\/\/cospacc.org\/?p=636","title":{"rendered":"#SerL\u00edderSocialNoEsDelito"},"content":{"rendered":"\n<p>&nbsp;Carlos Romero, agr\u00f3nomo de profesi\u00f3n, l\u00edder social que encamino su labor a la defensa del territorio y la producci\u00f3n limpia y agroecol\u00f3gica, apoyando el trabajo campesino en Casanare y Boyac\u00e1. Es reconocido por las comunidades por ser un l\u00edder comprometido, dispuesto a colaborar en cada labor encaminada a la permanencia en el territorio y la econom\u00eda propia de los sectores campesinos.<\/p>\n\n\n\n<figure class=\"wp-block-gallery columns-2 is-cropped wp-block-gallery-1 is-layout-flex wp-block-gallery-is-layout-flex\"><ul class=\"blocks-gallery-grid\"><li class=\"blocks-gallery-item\"><figure><img loading=\"lazy\" decoding=\"async\" width=\"1024\" height=\"627\" src=\"https:\/\/cospacc.org\/wp-content\/uploads\/2019\/09\/carlos-3-1024x627.jpg\" alt=\"\" data-id=\"638\" class=\"wp-image-638\" srcset=\"https:\/\/cospacc.org\/wp-content\/uploads\/2019\/09\/carlos-3-1024x627.jpg 1024w, https:\/\/cospacc.org\/wp-content\/uploads\/2019\/09\/carlos-3-300x184.jpg 300w, https:\/\/cospacc.org\/wp-content\/uploads\/2019\/09\/carlos-3-768x470.jpg 768w, https:\/\/cospacc.org\/wp-content\/uploads\/2019\/09\/carlos-3.jpg 1280w\" sizes=\"auto, (max-width: 1024px) 100vw, 1024px\" \/><\/figure><\/li><li class=\"blocks-gallery-item\"><figure><img loading=\"lazy\" decoding=\"async\" width=\"785\" height=\"858\" src=\"https:\/\/cospacc.org\/wp-content\/uploads\/2019\/09\/carlos-4.jpg\" alt=\"\" data-id=\"639\" data-link=\"https:\/\/cospacc.org\/?attachment_id=639\" class=\"wp-image-639\" srcset=\"https:\/\/cospacc.org\/wp-content\/uploads\/2019\/09\/carlos-4.jpg 785w, https:\/\/cospacc.org\/wp-content\/uploads\/2019\/09\/carlos-4-274x300.jpg 274w, https:\/\/cospacc.org\/wp-content\/uploads\/2019\/09\/carlos-4-768x839.jpg 768w\" sizes=\"auto, (max-width: 785px) 100vw, 785px\" \/><\/figure><\/li><\/ul><\/figure>\n\n\n\n<p>Dentro de su labor como l\u00edder social acompa\u00f1o las diferentes luchas de los habitantes de los asentamientos humanos, y realizaba un trabajo que aportaba a visibilizar las diferentes problem\u00e1ticas y sus propuestas de los sectores sociales encaminados a una vida digna con su aporte a los medios de comunicaci\u00f3n populares y alternativos de la regi\u00f3n Centro Oriente.<\/p>\n\n\n\n<p>Hoy Carlos se encuentra privado de la libertad como muchos otros l\u00edderes de Casanare, por defender el territorio y la vida<\/p>\n","protected":false},"excerpt":{"rendered":"<p>&nbsp;Carlos Romero, agr\u00f3nomo de profesi\u00f3n, l\u00edder social que encamino su labor a la defensa del territorio y la producci\u00f3n limpia<\/p>\n","protected":false},"author":1,"featured_media":637,"comment_status":"open","ping_status":"open","sticky":false,"template":"","format":"standard","meta":{"colormag_page_layout":"default_layout","footnotes":""},"categories":[15],"tags":[53,17,14],"class_list":["post-636","post","type-post","status-publish","format-standard","has-post-thumbnail","hentry","category-derechos-humanos","tag-serlidersocialnoesdelito","tag-casanare","tag-ddhh"],"_links":{"self":[{"href":"https:\/\/cospacc.org\/index.php?rest_route=\/wp\/v2\/posts\/636","targetHints":{"allow":["GET"]}}],"collection":[{"href":"https:\/\/cospacc.org\/index.php?rest_route=\/wp\/v2\/posts"}],"about":[{"href":"https:\/\/cospacc.org\/index.php?rest_route=\/wp\/v2\/types\/post"}],"author":[{"embeddable":true,"href":"https:\/\/cospacc.org\/index.php?rest_route=\/wp\/v2\/users\/1"}],"replies":[{"embeddable":true,"href":"https:\/\/cospacc.org\/index.php?rest_route=%2Fwp%2Fv2%2Fcomments&post=636"}],"version-history":[{"count":3,"href":"https:\/\/cospacc.org\/index.php?rest_route=\/wp\/v2\/posts\/636\/revisions"}],"predecessor-version":[{"id":878,"href":"https:\/\/cospacc.org\/index.php?rest_route=\/wp\/v2\/posts\/636\/revisions\/878"}],"wp:featuredmedia":[{"embeddable":true,"href":"https:\/\/cospacc.org\/index.php?rest_route=\/wp\/v2\/media\/637"}],"wp:attachment":[{"href":"https:\/\/cospacc.org\/index.php?rest_route=%2Fwp%2Fv2%2Fmedia&parent=636"}],"wp:term":[{"taxonomy":"category","embeddable":true,"href":"https:\/\/cospacc.org\/index.php?rest_route=%2Fwp%2Fv2%2Fcategories&post=636"},{"taxonomy":"post_tag","embeddable":true,"href":"https:\/\/cospacc.org\/index.php?rest_route=%2Fwp%2Fv2%2Ftags&post=636"}],"curies":[{"name":"wp","href":"https:\/\/api.w.org\/{rel}","templated":true}]}}