{"id":641,"date":"2019-09-30T21:22:54","date_gmt":"2019-09-30T21:22:54","guid":{"rendered":"https:\/\/cospacc.org\/?p=641"},"modified":"2019-11-23T19:48:14","modified_gmt":"2019-11-23T19:48:14","slug":"serlidersocialnoesdelito-4","status":"publish","type":"post","link":"https:\/\/cospacc.org\/?p=641","title":{"rendered":"#SerL\u00edderSocialNoEsDelito"},"content":{"rendered":"\n<p><br><a href=\"https:\/\/web.facebook.com\/hashtag\/alixmiriam?source=feed_text&amp;epa=HASHTAG&amp;__xts__%5B0%5D=68.ARDYb3NdMWc8Kj1dkmDV8rPPkxuoE1erUaQEszgwFACuDBP7CZnBCCe03l1Z64ugp9ne4Nx44mZYX_VMYZrQDXHPEfK79RrCYog_0Hd6iVolsr7FvieXFHbs0bLN6Df9HTga-Sxz6ABtNnEyBTZp_G4ejMpI65R-Cp1lWeXKWrdZi-IxzI2V8o82VqOnb1KxyTT37rUkA68EJk1sVe_dX2ce4Yuw5RIFxE81pfOWJTA6Fq8eZKbbyOExKeSL-2gz7ZAI20S08NdKGWLi45HdG0EMn8Zez66mWhm27acywXICryrugUnMrPddxDEqPyLPa4pDImaXdY1CPzQmNpBb1sJzdohY&amp;__tn__=%2ANK-R\">#AlixMiriam<\/a><br>Alix Miriam Aguilar, mujer de car\u00e1cter fuerte, alegre y comprometida con las causas sociales, lideresa, quien ha trabajado en b\u00fasqueda de una vivienda digna para las mujeres y sus familias, hace parte la Asociaci\u00f3n de Mujeres Unidas Por Casanare \u2013ASMUC, ha sido vocera ante la administraci\u00f3n local y departamental en Casanare en temas de vivienda, salud, educaci\u00f3n.<\/p>\n\n\n\n<figure class=\"wp-block-gallery columns-2 is-cropped wp-block-gallery-1 is-layout-flex wp-block-gallery-is-layout-flex\"><ul class=\"blocks-gallery-grid\"><li class=\"blocks-gallery-item\"><figure><img loading=\"lazy\" decoding=\"async\" width=\"843\" height=\"960\" src=\"https:\/\/cospacc.org\/wp-content\/uploads\/2019\/09\/mirian-2.jpg\" alt=\"\" data-id=\"643\" data-link=\"https:\/\/cospacc.org\/?attachment_id=643\" class=\"wp-image-643\" srcset=\"https:\/\/cospacc.org\/wp-content\/uploads\/2019\/09\/mirian-2.jpg 843w, https:\/\/cospacc.org\/wp-content\/uploads\/2019\/09\/mirian-2-263x300.jpg 263w, https:\/\/cospacc.org\/wp-content\/uploads\/2019\/09\/mirian-2-768x875.jpg 768w\" sizes=\"auto, (max-width: 843px) 100vw, 843px\" \/><\/figure><\/li><li class=\"blocks-gallery-item\"><figure><img loading=\"lazy\" decoding=\"async\" width=\"688\" height=\"720\" src=\"https:\/\/cospacc.org\/wp-content\/uploads\/2019\/09\/Miriam-32.jpg\" alt=\"\" data-id=\"644\" data-link=\"https:\/\/cospacc.org\/?attachment_id=644\" class=\"wp-image-644\" srcset=\"https:\/\/cospacc.org\/wp-content\/uploads\/2019\/09\/Miriam-32.jpg 688w, https:\/\/cospacc.org\/wp-content\/uploads\/2019\/09\/Miriam-32-287x300.jpg 287w\" sizes=\"auto, (max-width: 688px) 100vw, 688px\" \/><\/figure><\/li><\/ul><\/figure>\n\n\n\n<p>Reconocida en su barrio por su solidaridad, compromiso y trabajo por mejorar&nbsp;las condiciones de vida de las comunidades que habitan los asentamientos humanos. Hoy privada de la liberta por su trabajo y liderazgo. A pesar que el Estado colombiano quiera acallar los l\u00edderes sociales, mujeres como Alix Miriam, que han sembrado sus luchas en los territorios seguir\u00e1n cosechando esos frutos del trabajo social.<\/p>\n\n\n\n<p>Hombres y mujeres estar\u00e1n siempre dispuestos a levantar las banderas que Alix Miriam d\u00eda tras d\u00eda defend\u00eda en las calles y carreteras a trav\u00e9s de la movilizaci\u00f3n y la interlocuci\u00f3n con el Estado, siempre defendiendo a la clase popular y a la mujer<\/p>\n","protected":false},"excerpt":{"rendered":"<p>#AlixMiriamAlix Miriam Aguilar, mujer de car\u00e1cter fuerte, alegre y comprometida con las causas sociales, lideresa, quien ha trabajado en b\u00fasqueda<\/p>\n","protected":false},"author":1,"featured_media":820,"comment_status":"open","ping_status":"open","sticky":false,"template":"","format":"standard","meta":{"colormag_page_layout":"default_layout","footnotes":""},"categories":[15],"tags":[53,17,14],"class_list":["post-641","post","type-post","status-publish","format-standard","has-post-thumbnail","hentry","category-derechos-humanos","tag-serlidersocialnoesdelito","tag-casanare","tag-ddhh"],"_links":{"self":[{"href":"https:\/\/cospacc.org\/index.php?rest_route=\/wp\/v2\/posts\/641","targetHints":{"allow":["GET"]}}],"collection":[{"href":"https:\/\/cospacc.org\/index.php?rest_route=\/wp\/v2\/posts"}],"about":[{"href":"https:\/\/cospacc.org\/index.php?rest_route=\/wp\/v2\/types\/post"}],"author":[{"embeddable":true,"href":"https:\/\/cospacc.org\/index.php?rest_route=\/wp\/v2\/users\/1"}],"replies":[{"embeddable":true,"href":"https:\/\/cospacc.org\/index.php?rest_route=%2Fwp%2Fv2%2Fcomments&post=641"}],"version-history":[{"count":3,"href":"https:\/\/cospacc.org\/index.php?rest_route=\/wp\/v2\/posts\/641\/revisions"}],"predecessor-version":[{"id":872,"href":"https:\/\/cospacc.org\/index.php?rest_route=\/wp\/v2\/posts\/641\/revisions\/872"}],"wp:featuredmedia":[{"embeddable":true,"href":"https:\/\/cospacc.org\/index.php?rest_route=\/wp\/v2\/media\/820"}],"wp:attachment":[{"href":"https:\/\/cospacc.org\/index.php?rest_route=%2Fwp%2Fv2%2Fmedia&parent=641"}],"wp:term":[{"taxonomy":"category","embeddable":true,"href":"https:\/\/cospacc.org\/index.php?rest_route=%2Fwp%2Fv2%2Fcategories&post=641"},{"taxonomy":"post_tag","embeddable":true,"href":"https:\/\/cospacc.org\/index.php?rest_route=%2Fwp%2Fv2%2Ftags&post=641"}],"curies":[{"name":"wp","href":"https:\/\/api.w.org\/{rel}","templated":true}]}}