{"id":654,"date":"2019-10-02T18:20:00","date_gmt":"2019-10-02T18:20:00","guid":{"rendered":"https:\/\/cospacc.org\/?p=654"},"modified":"2019-11-23T19:17:15","modified_gmt":"2019-11-23T19:17:15","slug":"serlidersocialnoesdelito-5","status":"publish","type":"post","link":"https:\/\/cospacc.org\/?p=654","title":{"rendered":"#SerL\u00edderSocialNoESDelito"},"content":{"rendered":"\n<h5 class=\"wp-block-heading\" id=\"js_1hr\">#HermesBurgos<\/h5>\n\n\n\n<p><\/p>\n\n\n\n<h5 class=\"wp-block-heading\">&nbsp;A un a\u00f1o de la detenci\u00f3n por parte de Estado colombiano de los compa\u00f1eros Hermes Burgos y Alix Miriam Aguilar, como movimiento social mantenemos presentes sus luchas y continuamos exigiendo la libertad&nbsp;<a href=\"https:\/\/web.facebook.com\/hashtag\/serl%C3%ADdersocialnoesdelito?source=feed_text&amp;epa=HASHTAG&amp;__xts__%5B0%5D=68.ARA6NLhRU23VWd6J8t25zGGIVDV1W1YjCO5DqPQRX9T0ILGqTZZedcC-PHCjImU5-_ZaP6kYiPI8XxsKJAd5HlGs7KlqO9IeWkcEbE1T6Au1UFr8kUx9rUA67wU-ZqxLee4Iug5IdKlz0F13B6G-wkdiES68YREopEcx_2wMR97kl7PCwxghoFOAKKQp2Ns5LAvBtpTQMuiH2va1dvd6sH0E1cw8ptrSVGXwjseip53JoV9GW_nkukobvp7Mp_55CaucuCcFWJsK6RueSDMKrrA68VIT87mdhH-ve7DOcXSsaT30PVJlg-Uj--w0lCtxgBWzVAi00NCU1OatTPgUp7zuJg&amp;__tn__=%2ANK-R\">#SerL\u00edderSocialNoEs<\/a><\/h5>\n","protected":false},"excerpt":{"rendered":"<p>#HermesBurgos &nbsp;A un a\u00f1o de la detenci\u00f3n por parte de Estado colombiano de los compa\u00f1eros Hermes Burgos y Alix Miriam<\/p>\n","protected":false},"author":1,"featured_media":655,"comment_status":"open","ping_status":"open","sticky":false,"template":"","format":"standard","meta":{"colormag_page_layout":"default_layout","footnotes":""},"categories":[1],"tags":[53,56],"class_list":["post-654","post","type-post","status-publish","format-standard","has-post-thumbnail","hentry","category-nuestras-luchas","tag-serlidersocialnoesdelito","tag-casnare"],"_links":{"self":[{"href":"https:\/\/cospacc.org\/index.php?rest_route=\/wp\/v2\/posts\/654","targetHints":{"allow":["GET"]}}],"collection":[{"href":"https:\/\/cospacc.org\/index.php?rest_route=\/wp\/v2\/posts"}],"about":[{"href":"https:\/\/cospacc.org\/index.php?rest_route=\/wp\/v2\/types\/post"}],"author":[{"embeddable":true,"href":"https:\/\/cospacc.org\/index.php?rest_route=\/wp\/v2\/users\/1"}],"replies":[{"embeddable":true,"href":"https:\/\/cospacc.org\/index.php?rest_route=%2Fwp%2Fv2%2Fcomments&post=654"}],"version-history":[{"count":3,"href":"https:\/\/cospacc.org\/index.php?rest_route=\/wp\/v2\/posts\/654\/revisions"}],"predecessor-version":[{"id":867,"href":"https:\/\/cospacc.org\/index.php?rest_route=\/wp\/v2\/posts\/654\/revisions\/867"}],"wp:featuredmedia":[{"embeddable":true,"href":"https:\/\/cospacc.org\/index.php?rest_route=\/wp\/v2\/media\/655"}],"wp:attachment":[{"href":"https:\/\/cospacc.org\/index.php?rest_route=%2Fwp%2Fv2%2Fmedia&parent=654"}],"wp:term":[{"taxonomy":"category","embeddable":true,"href":"https:\/\/cospacc.org\/index.php?rest_route=%2Fwp%2Fv2%2Fcategories&post=654"},{"taxonomy":"post_tag","embeddable":true,"href":"https:\/\/cospacc.org\/index.php?rest_route=%2Fwp%2Fv2%2Ftags&post=654"}],"curies":[{"name":"wp","href":"https:\/\/api.w.org\/{rel}","templated":true}]}}