{"id":659,"date":"2019-10-10T04:55:47","date_gmt":"2019-10-10T04:55:47","guid":{"rendered":"https:\/\/cospacc.org\/?p=659"},"modified":"2019-11-23T06:32:20","modified_gmt":"2019-11-23T06:32:20","slug":"serlidersocialnoesdelito-6","status":"publish","type":"post","link":"https:\/\/cospacc.org\/?p=659","title":{"rendered":"SerLiderSocialNOEsDelito"},"content":{"rendered":"\n<h1 class=\"wp-block-heading\">#Casanare #LibertadALosPresosPorLuchar<\/h1>\n\n\n\n<p>Ferney Salcedo, l\u00edder social y comunitario del municipio de San Luis de Palenque, departamento de Casanare, es una de las 8 personas injustamente judicializadas y privadas de la libertad por hechos relacionados con la protesta social contra la multinacional petrolera Frontera Energy. El mes de septiembre el compa\u00f1ero Ferney nos quiso compartir algunas de las reflexiones que ha hecho desde el establecimiento penitenciario La Guafilla. <\/p>\n\n\n\n<p>\u00abEn este lugar hay m\u00e1s afectados, m\u00e1s oprimidos en situaciones m\u00e1s dif\u00edciles\u00bb<\/p>\n\n\n\n<p>Ferney, quien est\u00e1 comprometido en luchar contra las injusticias de su territorio, ahora lo hace desde el lugar donde est\u00e1 injustamente recluido, con otros dos compa\u00f1eros con quienes no comparte patio. <br>\nEste es un mensaje de agradecimiento a todas las personas que han apoyado este caso, que respaldan la inocencia y exigen la libertad de las 8 personas vinculadas a este proceso:<\/p>\n\n\n\n<figure class=\"wp-block-image\"><img loading=\"lazy\" decoding=\"async\" width=\"830\" height=\"1024\" src=\"https:\/\/cospacc.org\/wp-content\/uploads\/2019\/10\/ferney2-830x1024.jpg\" alt=\"\" class=\"wp-image-661\" srcset=\"https:\/\/cospacc.org\/wp-content\/uploads\/2019\/10\/ferney2-830x1024.jpg 830w, https:\/\/cospacc.org\/wp-content\/uploads\/2019\/10\/ferney2-243x300.jpg 243w, https:\/\/cospacc.org\/wp-content\/uploads\/2019\/10\/ferney2-768x948.jpg 768w, https:\/\/cospacc.org\/wp-content\/uploads\/2019\/10\/ferney2.jpg 1037w\" sizes=\"auto, (max-width: 830px) 100vw, 830px\" \/><\/figure>\n\n\n\n<figure class=\"wp-block-image\"><img loading=\"lazy\" decoding=\"async\" width=\"827\" height=\"1024\" src=\"https:\/\/cospacc.org\/wp-content\/uploads\/2019\/10\/ferney3-827x1024.jpg\" alt=\"\" class=\"wp-image-662\" srcset=\"https:\/\/cospacc.org\/wp-content\/uploads\/2019\/10\/ferney3-827x1024.jpg 827w, https:\/\/cospacc.org\/wp-content\/uploads\/2019\/10\/ferney3-242x300.jpg 242w, https:\/\/cospacc.org\/wp-content\/uploads\/2019\/10\/ferney3-768x951.jpg 768w, https:\/\/cospacc.org\/wp-content\/uploads\/2019\/10\/ferney3.jpg 1034w\" sizes=\"auto, (max-width: 827px) 100vw, 827px\" \/><\/figure>\n\n\n\n<p>\u00abtodo en defensa de nuestras libertades, midiendo el precio de la opresi\u00f3n contra la falsedad\u00bb<\/p>\n","protected":false},"excerpt":{"rendered":"<p>#Casanare #LibertadALosPresosPorLuchar Ferney Salcedo, l\u00edder social y comunitario del municipio de San Luis de Palenque, departamento de Casanare, es una<\/p>\n","protected":false},"author":1,"featured_media":660,"comment_status":"open","ping_status":"open","sticky":false,"template":"","format":"standard","meta":{"colormag_page_layout":"default_layout","footnotes":""},"categories":[1],"tags":[53,17,14],"class_list":["post-659","post","type-post","status-publish","format-standard","has-post-thumbnail","hentry","category-nuestras-luchas","tag-serlidersocialnoesdelito","tag-casanare","tag-ddhh"],"_links":{"self":[{"href":"https:\/\/cospacc.org\/index.php?rest_route=\/wp\/v2\/posts\/659","targetHints":{"allow":["GET"]}}],"collection":[{"href":"https:\/\/cospacc.org\/index.php?rest_route=\/wp\/v2\/posts"}],"about":[{"href":"https:\/\/cospacc.org\/index.php?rest_route=\/wp\/v2\/types\/post"}],"author":[{"embeddable":true,"href":"https:\/\/cospacc.org\/index.php?rest_route=\/wp\/v2\/users\/1"}],"replies":[{"embeddable":true,"href":"https:\/\/cospacc.org\/index.php?rest_route=%2Fwp%2Fv2%2Fcomments&post=659"}],"version-history":[{"count":3,"href":"https:\/\/cospacc.org\/index.php?rest_route=\/wp\/v2\/posts\/659\/revisions"}],"predecessor-version":[{"id":840,"href":"https:\/\/cospacc.org\/index.php?rest_route=\/wp\/v2\/posts\/659\/revisions\/840"}],"wp:featuredmedia":[{"embeddable":true,"href":"https:\/\/cospacc.org\/index.php?rest_route=\/wp\/v2\/media\/660"}],"wp:attachment":[{"href":"https:\/\/cospacc.org\/index.php?rest_route=%2Fwp%2Fv2%2Fmedia&parent=659"}],"wp:term":[{"taxonomy":"category","embeddable":true,"href":"https:\/\/cospacc.org\/index.php?rest_route=%2Fwp%2Fv2%2Fcategories&post=659"},{"taxonomy":"post_tag","embeddable":true,"href":"https:\/\/cospacc.org\/index.php?rest_route=%2Fwp%2Fv2%2Ftags&post=659"}],"curies":[{"name":"wp","href":"https:\/\/api.w.org\/{rel}","templated":true}]}}