{"id":674,"date":"2019-10-10T05:32:06","date_gmt":"2019-10-10T05:32:06","guid":{"rendered":"https:\/\/cospacc.org\/?p=674"},"modified":"2019-11-23T06:25:00","modified_gmt":"2019-11-23T06:25:00","slug":"la-defensa-del-territorio-legado-de-los-lideres-sociales","status":"publish","type":"post","link":"https:\/\/cospacc.org\/?p=674","title":{"rendered":"La defensa del territorio, legado de los l\u00edderes sociales"},"content":{"rendered":"\n\n\n<p><em>Por: Jesus Leal Salcedo \u2013 L\u00edder Social San Luis de Palenque<\/em><\/p>\n\n\n\n<h5 class=\"wp-block-heading\"><em>Los l\u00edderes sociales dejan un legado en la defensa de su territorio, aunque denunciar las faltas de las empresas petroleras, les asegure la represi\u00f3n&nbsp; del Estado<\/em><\/h5>\n\n\n\n<p>Soy Jes\u00fas Leal Salcedo, nac\u00ed en la vereda Platanales de San Luis de Palenque; Casanare. Soy el menor de tres hermanos, nuestros padres Abel Leal y Manuela Salcedo desde peque\u00f1os nos inculcaron valores y nos ense\u00f1aron a trabajar con responsabilidad y respeto a los dem\u00e1s. A mis 35 a\u00f1os soy padre de dos hijos Itzel Gabriela y Jes\u00fas Felipe, actualmente conformamos una familia con mi esposa Yulianis Hernandez D\u00edaz.<\/p>\n\n\n\n<p>En mi vereda, otras comunidades y municipios aleda\u00f1os, soy conocido como un l\u00edder social, vocero de estas comunidades, defensor de nuestros derechos y del medio ambiente. Por tal motivo, he tenido que soportar la persecuci\u00f3n por parte del Estado. Soy un campesino enamorado de mi tierra, diestro en las labores diarias, que se ha caracterizado por cuidar y defender nuestra cultura y naturaleza.<\/p>\n\n\n\n<h5 class=\"wp-block-heading\"><em>Ahora los j\u00f3venes ya no quieren trabajar la tierra, prefieren la inestabilidad laboral y un salario por un mes<\/em><\/h5>\n\n\n\n<p>Con la llegada de las multinacionales petroleras a nuestra tierra,&nbsp;<a target=\"_blank\" href=\"https:\/\/trochandosinfronteras.info\/caso-san-luis-de-palenque-fiscalia-fuerza-publica-y-empresas-una-alianza-criminal\/\" rel=\"noreferrer noopener\">hemos tenido grandes problemas, no solo ambientales sino tambi\u00e9n sociales, ya que agudizan los conflictos y la represi\u00f3n sobre el pueblo<\/a>. Muchas personas de diferentes partes de nuestro pa\u00eds y hasta extranjeros han llegado a nuestra tierra en b\u00fasqueda de oportunidades, esto ha hecho que la demanda de vivienda, v\u00edveres, servicios y entretenci\u00f3n se encarezcan.<\/p>\n\n\n\n<p>Ahora los j\u00f3venes ya no quieren trabajar la tierra, prefieren la inestabilidad laboral y un salario por un mes, de esta manera tambi\u00e9n va aumentando lo que com\u00fanmente en el llano llamamos \u201c<em>vagancia<\/em>\u201d, el alcoholismo y hasta cosas que no se ve\u00edan en nuestros territorios como drogadicci\u00f3n y prostituci\u00f3n, incluso infantil.<\/p>\n\n\n\n<h4 class=\"wp-block-heading\">Los da\u00f1os a las v\u00edas<\/h4>\n\n\n\n<p>La v\u00eda Merey \u2013 Platanales en una v\u00eda de orden terciario, construida con fines comunitarios, dise\u00f1ada para un tr\u00e1fico liviano. Como esta v\u00eda fue creada para un servicio comunitario, los propietarios de cada predio dieron el permiso para dicho fin y para su construcci\u00f3n. Sin embargo, a la fecha y por negligencia de los gobernantes, esta v\u00eda no est\u00e1 desenglobada y cada due\u00f1o de predio paga impuesto predial incluyendo la parte de los terrenos cedidos para la v\u00eda.<\/p>\n\n\n\n<p>Las empresas petroleras transportan cargas demasiado pesadas, la licencia ordena el mantenimiento y adecuaci\u00f3n de la misma. Teniendo en cuenta la fecha de la licencia y los a\u00f1os que llevan en producci\u00f3n estos campos petroleros a la fecha de hoy, no se ha cumplido con el mantenimiento y adecuaci\u00f3n, a pesar de que la licencia ordena que esto se debe hacer para ingresar.<\/p>\n\n\n\n<p>En septiembre del 2013, el alcalde de nuestro municipio al ver la problem\u00e1tica que generaba el tr\u00e1fico en horario nocturno, fijo el Decreto 0087 que prohib\u00eda el tr\u00e1fico en las horas de 6 p.m. a 6 a.m. de veh\u00edculos tipo volquetas, camiones, tractocamiones y extradimensionales. Al darse cumplimento a este decreto, se evit\u00f3 el deterioro acelerado de la v\u00eda, como tambi\u00e9n accidentes de tr\u00e1nsito ya que por el mal estado de la v\u00eda los conductores se ve\u00edan obligados hacer maniobras peligrosas. Adem\u00e1s, se previno la mortalidad de fauna silvestre y de animales dom\u00e9sticos que en la noche salen a la v\u00eda.<\/p>\n\n\n\n<p>Todas estas precauciones hubieran sido efectivas si los entes de control encargados hicieran que el Decreto 0087 se cumpliera, pero al parecer a ellos lo \u00fanico que les interesaba era ayudar a la multinacionales, en reiteradas ocasiones se les ha oficiado para que hagan ese control, pero aducen que no hay personal suficiente para hacer los controles. Lo m\u00e1s sorprendente para nuestra comunidad, es que cuando la compa\u00f1\u00eda PACIFIC RUBIALES, hoy en d\u00eda&nbsp;<a target=\"_blank\" href=\"https:\/\/centroriente.org\/frontera-energy-y-fiscalia-unidas-para-judicializar-a-comunidades-que-reclaman-por-sus-derechos\/\" rel=\"noreferrer noopener\">FRONTERA ENERGY<\/a>, hace movilizaciones de tractomulas con el preciado l\u00edquido, la Fuerza P\u00fablica le brinda acompa\u00f1amiento incluso en las noches infringiendo el Decreto 0087.<\/p>\n\n\n\n<p>Esto hace que la gente de nuestra regi\u00f3n cada d\u00eda desconfi\u00e9 m\u00e1s de las autoridades al no tener apoyo de las autoridades, sino m\u00e1s bien represi\u00f3n. Los derechos de cada uno y del medio ambiente cada d\u00eda son m\u00e1s vulnerados por las multinacionales como&nbsp;<a target=\"_blank\" href=\"https:\/\/centroriente.org\/frontera-energy-y-fiscalia-unidas-para-judicializar-a-comunidades-que-reclaman-por-sus-derechos\/\" rel=\"noreferrer noopener\">FRONTERA ENERGY<\/a>.<\/p>\n\n\n\n<p>Los entes de control no ejerc\u00edan su funci\u00f3n a tiempo, sino que m\u00e1s bien pareciera que sus hilos estatales son manipulados por las multinacionales, permitieron que los funcionarios de estas compa\u00f1\u00edas pisotearan las comunidades y les vulneraran sus derechos, hasta el punto que las comunidades no aguantaron m\u00e1s, ya que la deuda por servicios prestados en transporte de material petrolero, transporte especial, hospedaje, comida y lavado de ropa entre otros, superaban los 3.400 millones de pesos. Aparte de las vulneraciones a negociaciones de participaci\u00f3n de mano de obra calificada y no calificada, bienes y servicios, y sobretodo el no cumplimento a la licencia ambiental en cuanto a la compensaci\u00f3n ambiental en reforestaci\u00f3n por cambio paisaj\u00edstico, descapote y captaci\u00f3n de agua.<\/p>\n\n\n\n<p><a target=\"_blank\" href=\"https:\/\/trochandosinfronteras.info\/caso-san-luis-de-palenque-comunidades-movilizacion-empresas-petroleras-y-judicializacion-entrega-1\/\" rel=\"noreferrer noopener\">Estos incumplimientos por parte de la multinacional hicieron desatar una manifestaci\u00f3n<\/a>, en la que las autoridades en vez de estar de lado de las comunidades y del medio ambiente (ya que para esto fueron creadas) hicieron todo lo contrario y se fueron a favor de la multinacional FRONTERA ENERGY.<\/p>\n\n\n\n<p>Es por esto que en nuestro territorio tenemos grandes afectaciones por material particulado, da\u00f1o en las v\u00edas, no hay reforestaci\u00f3n por plataformas y descapote lo cual est\u00e1 generando un grave problema ambiental, el riego de las v\u00edas lo hacen con aguas contaminadas afectando la fauna silvestre y al medio ambiente.<\/p>\n\n\n\n<h4 class=\"wp-block-heading\">#SerL\u00edderSocialNoEsDelito<\/h4>\n\n\n\n<p>Por ser&nbsp;<a rel=\"noreferrer noopener\" target=\"_blank\" href=\"https:\/\/trochandosinfronteras.info\/caso-san-luis-de-palenque-encarcelamiento-y-resistencia\/\">L\u00edder social, vocero de estas comunidades y denunciar las faltas de la petrolera<\/a>, he tenido represi\u00f3n por parte del Estado y tengo amenazas de muerte de grupos de los que desconozco su real procedencia, lo que mandan a decir es \u201c<em>que no siga denunciando irregularidades de las multinacionales<\/em>\u201d. En Colombia las multinacionales y las entidades del Estado en muchas ocasiones se confabulan y hacen que se vulneren los derechos humanos y del medio ambiente, dejando expuestas a las comunidades a atropellos, saqueos y represi\u00f3n tanto del Estado como de las Multinacionales.<\/p>\n\n\n\n<p>Tomado por:  <a href=\"https:\/\/trochandosinfronteras.info\/la-defensa-del-territorio-un-legado-de-los-lideres-sociales\/?fbclid=IwAR1eajCwtGPlCavGgLT1Wec8O9QsRH6058TLlYz2ncy9_RlGDvWi6232amY\">https:\/\/trochandosinfronteras.info\/la-defensa-del-territorio-un-legado-de-los-lideres-sociales\/?fbclid=IwAR1eajCwtGPlCavGgLT1Wec8O9QsRH6058TLlYz2ncy9_RlGDvWi6232amY<\/a> <\/p>\n","protected":false},"excerpt":{"rendered":"<p>Por: Jesus Leal Salcedo \u2013 L\u00edder Social San Luis de Palenque Los l\u00edderes sociales dejan un legado en la defensa<\/p>\n","protected":false},"author":1,"featured_media":675,"comment_status":"open","ping_status":"open","sticky":false,"template":"","format":"standard","meta":{"colormag_page_layout":"default_layout","footnotes":""},"categories":[15,1],"tags":[53,14],"class_list":["post-674","post","type-post","status-publish","format-standard","has-post-thumbnail","hentry","category-derechos-humanos","category-nuestras-luchas","tag-serlidersocialnoesdelito","tag-ddhh"],"_links":{"self":[{"href":"https:\/\/cospacc.org\/index.php?rest_route=\/wp\/v2\/posts\/674","targetHints":{"allow":["GET"]}}],"collection":[{"href":"https:\/\/cospacc.org\/index.php?rest_route=\/wp\/v2\/posts"}],"about":[{"href":"https:\/\/cospacc.org\/index.php?rest_route=\/wp\/v2\/types\/post"}],"author":[{"embeddable":true,"href":"https:\/\/cospacc.org\/index.php?rest_route=\/wp\/v2\/users\/1"}],"replies":[{"embeddable":true,"href":"https:\/\/cospacc.org\/index.php?rest_route=%2Fwp%2Fv2%2Fcomments&post=674"}],"version-history":[{"count":4,"href":"https:\/\/cospacc.org\/index.php?rest_route=\/wp\/v2\/posts\/674\/revisions"}],"predecessor-version":[{"id":837,"href":"https:\/\/cospacc.org\/index.php?rest_route=\/wp\/v2\/posts\/674\/revisions\/837"}],"wp:featuredmedia":[{"embeddable":true,"href":"https:\/\/cospacc.org\/index.php?rest_route=\/wp\/v2\/media\/675"}],"wp:attachment":[{"href":"https:\/\/cospacc.org\/index.php?rest_route=%2Fwp%2Fv2%2Fmedia&parent=674"}],"wp:term":[{"taxonomy":"category","embeddable":true,"href":"https:\/\/cospacc.org\/index.php?rest_route=%2Fwp%2Fv2%2Fcategories&post=674"},{"taxonomy":"post_tag","embeddable":true,"href":"https:\/\/cospacc.org\/index.php?rest_route=%2Fwp%2Fv2%2Ftags&post=674"}],"curies":[{"name":"wp","href":"https:\/\/api.w.org\/{rel}","templated":true}]}}