{"id":681,"date":"2019-10-11T00:07:11","date_gmt":"2019-10-11T00:07:11","guid":{"rendered":"https:\/\/cospacc.org\/?p=681"},"modified":"2019-11-23T06:19:27","modified_gmt":"2019-11-23T06:19:27","slug":"denuncia-publica-8","status":"publish","type":"post","link":"https:\/\/cospacc.org\/?p=681","title":{"rendered":"Denuncia p\u00fablica"},"content":{"rendered":"\n<p>Tunja, octubre 10 de 2019<\/p>\n\n\n\n<p>Exponemos ante la comunidad Nacional e Internacional la represi\u00f3n y violencia a la que fueron sometidos los estudiantes del departamento de Boyac\u00e1. Puntualmente, en este caso la represi\u00f3n en contra de la movilizaci\u00f3n pac\u00edfica desarrollada el d\u00eda diez (10) de octubre de 2019.<\/p>\n\n\n\n<figure class=\"wp-block-gallery columns-2 is-cropped wp-block-gallery-1 is-layout-flex wp-block-gallery-is-layout-flex\"><ul class=\"blocks-gallery-grid\"><li class=\"blocks-gallery-item\"><figure><img loading=\"lazy\" decoding=\"async\" width=\"768\" height=\"1024\" src=\"https:\/\/cospacc.org\/wp-content\/uploads\/2019\/10\/esMAD-T-768x1024.jpg\" alt=\"\" data-id=\"683\" data-link=\"https:\/\/cospacc.org\/?attachment_id=683\" class=\"wp-image-683\" srcset=\"https:\/\/cospacc.org\/wp-content\/uploads\/2019\/10\/esMAD-T-768x1024.jpg 768w, https:\/\/cospacc.org\/wp-content\/uploads\/2019\/10\/esMAD-T-225x300.jpg 225w, https:\/\/cospacc.org\/wp-content\/uploads\/2019\/10\/esMAD-T.jpg 864w\" sizes=\"auto, (max-width: 768px) 100vw, 768px\" \/><\/figure><\/li><li class=\"blocks-gallery-item\"><figure><img loading=\"lazy\" decoding=\"async\" width=\"768\" height=\"1024\" src=\"https:\/\/cospacc.org\/wp-content\/uploads\/2019\/10\/ESMAD-T2-768x1024.jpg\" alt=\"\" data-id=\"684\" data-link=\"https:\/\/cospacc.org\/?attachment_id=684\" class=\"wp-image-684\" srcset=\"https:\/\/cospacc.org\/wp-content\/uploads\/2019\/10\/ESMAD-T2-768x1024.jpg 768w, https:\/\/cospacc.org\/wp-content\/uploads\/2019\/10\/ESMAD-T2-225x300.jpg 225w, https:\/\/cospacc.org\/wp-content\/uploads\/2019\/10\/ESMAD-T2.jpg 780w\" sizes=\"auto, (max-width: 768px) 100vw, 768px\" \/><\/figure><\/li><\/ul><\/figure>\n\n\n\n<p><strong>Hechos<\/strong><\/p>\n\n\n\n<ol class=\"wp-block-list\"><li>El d\u00eda 10 de octubre de 2019\nsiendo las 10:00 am, en la ciudad de Tunja, Boyac\u00e1, se desarroll\u00f3 pac\u00edficamente\nuna protesta estudiantil en el marco de la jornada nacional de movilizaci\u00f3n.<\/li><li>Sobre la 1:15 pm, una vez\nfinalizada la marcha, los estudiantes se agruparon frente al campus\nuniversitario. Desde el momento en el que se abrieron las puertas de la\nUniversidad, entre 50 y 100 agentes de polic\u00eda, uniformados, agentes de civil y\nagentes del ESMAD, empezaron a disparar gases y granadas aturdidoras intentando\navanzar contra los estudiantes, sin atenci\u00f3n a que en la zona se encontraban\nni\u00f1os y personas no involucradas en la manifestaci\u00f3n.<\/li><li>El ESMAD, en un recorrido de un\n(1) kilometro, indiscriminadamente, hizo uso de granadas aturdidoras y gases\nlacrim\u00f3genos en contra de la poblaci\u00f3n que se encontraba sobre la Avenida del\nNorte.<\/li><li>Durante toda la jornada de\nmovilizaci\u00f3n, se observ\u00f3 un dron manejado por agentes de la Polic\u00eda\nMetropolitana de Tunja, sobrevolando el espacio de la Universidad en donde se\nhallaban pac\u00edficamente los estudiantes, violando la autonom\u00eda universitaria.<\/li><li>Hasta el momento hay nueve (9)\nestudiantes heridos al interior del campus universitario.<\/li><li>A las 5:30 pm, veh\u00edculos de la\nPolic\u00eda hicieron presencia en la Avenida Norte para recargar las municiones de\nlos agentes del ESMAD.<\/li><li>En la Avenida Norte, durante las\nhoras de la tarde, diferentes motocicletas con insignias de la Polic\u00eda\nNacional, transportando agentes del ESMAD como parrilleros, movi\u00e9ndose en\ndirecci\u00f3n de la Universidad han aparecido, apuntando sus armas a los rostros de\nlas personas que se encuentran en las afueras de la Universidad y que no participan\nde la movilizaci\u00f3n.<\/li><li>Hasta las 6:00 pm, el ESMAD\nsigue haciendo presencia en los alrededores de la Universidad, haciendo un uso\ndesproporcionado de la fuerza, usando municiones potencialmente letales sobre\npoblaci\u00f3n civil desarmada. <\/li><\/ol>\n\n\n\n<p><strong>Antecedentes <\/strong><\/p>\n\n\n\n<p>Este tipo de hechos ya han ocurrido con\nanterioridad en diferentes ocasiones, varias movilizaciones pac\u00edficas\nadelantadas por la comunidad estudiantil han sido violentamente reprimidas,\nalterando la tranquilidad del sector, la convivencia y seguridad de su familia,\ny violentando el derecho constitucional a la protesta<\/p>\n\n\n\n<p><strong>Responsabilizamos<\/strong><\/p>\n\n\n\n<p>Al Gobierno Nacional, en\ncabeza de Iv\u00e1n Duque M\u00e1rquez, al Ministro de Defensa Guillermo Botero, al\nGobernador de Boyac\u00e1, Carlos Andr\u00e9s Amaya, al Alcalde de Tunja, Pablo Emilio\nCepeda Novoa, al Rector de la Universidad Pedag\u00f3gica y Tecnol\u00f3gica de Colombia,\nOscar Hern\u00e1n Ram\u00edrez, a la Coronel Mar\u00eda Emma Caro Robles, Comandante de la\nPolic\u00eda Metropolitana de Tunja, y los cuerpos de seguridad del Estado por\ncualquier acto que vulnere o ponga en peligro la vida e integridad de nuestro\ncompa\u00f1ero.<\/p>\n\n\n\n<p><strong>Exigimos<\/strong><\/p>\n\n\n\n<p>A la fiscal\u00eda general de\nla naci\u00f3n que adelante las investigaciones correspondientes que permitan la\nindividualizaci\u00f3n a los autores materiales e intelectuales del hecho. As\u00ed\nmismo, a la defensor\u00eda del pueblo y personer\u00eda municipal y dem\u00e1s entes que prestan\nprotecci\u00f3n o tienen el deber de protecci\u00f3n de los derechos humanos para que rodeen\na los estudiantes afectados por el actuar de la Polic\u00eda y del ESMAD.<\/p>\n\n\n\n<p><strong>Corporaci\u00f3n\nSocial Para La Asesor\u00eda Y Capacitaci\u00f3n Comunitaria<\/strong><\/p>\n\n\n\n<p><strong>&#8211;\nCOSPACC- <\/strong><\/p>\n","protected":false},"excerpt":{"rendered":"<p>Tunja, octubre 10 de 2019 Exponemos ante la comunidad Nacional e Internacional la represi\u00f3n y violencia a la que fueron<\/p>\n","protected":false},"author":1,"featured_media":682,"comment_status":"open","ping_status":"open","sticky":false,"template":"","format":"standard","meta":{"colormag_page_layout":"default_layout","footnotes":""},"categories":[1],"tags":[],"class_list":["post-681","post","type-post","status-publish","format-standard","has-post-thumbnail","hentry","category-nuestras-luchas"],"_links":{"self":[{"href":"https:\/\/cospacc.org\/index.php?rest_route=\/wp\/v2\/posts\/681","targetHints":{"allow":["GET"]}}],"collection":[{"href":"https:\/\/cospacc.org\/index.php?rest_route=\/wp\/v2\/posts"}],"about":[{"href":"https:\/\/cospacc.org\/index.php?rest_route=\/wp\/v2\/types\/post"}],"author":[{"embeddable":true,"href":"https:\/\/cospacc.org\/index.php?rest_route=\/wp\/v2\/users\/1"}],"replies":[{"embeddable":true,"href":"https:\/\/cospacc.org\/index.php?rest_route=%2Fwp%2Fv2%2Fcomments&post=681"}],"version-history":[{"count":3,"href":"https:\/\/cospacc.org\/index.php?rest_route=\/wp\/v2\/posts\/681\/revisions"}],"predecessor-version":[{"id":835,"href":"https:\/\/cospacc.org\/index.php?rest_route=\/wp\/v2\/posts\/681\/revisions\/835"}],"wp:featuredmedia":[{"embeddable":true,"href":"https:\/\/cospacc.org\/index.php?rest_route=\/wp\/v2\/media\/682"}],"wp:attachment":[{"href":"https:\/\/cospacc.org\/index.php?rest_route=%2Fwp%2Fv2%2Fmedia&parent=681"}],"wp:term":[{"taxonomy":"category","embeddable":true,"href":"https:\/\/cospacc.org\/index.php?rest_route=%2Fwp%2Fv2%2Fcategories&post=681"},{"taxonomy":"post_tag","embeddable":true,"href":"https:\/\/cospacc.org\/index.php?rest_route=%2Fwp%2Fv2%2Ftags&post=681"}],"curies":[{"name":"wp","href":"https:\/\/api.w.org\/{rel}","templated":true}]}}