{"id":693,"date":"2019-10-13T01:00:12","date_gmt":"2019-10-13T01:00:12","guid":{"rendered":"https:\/\/cospacc.org\/?p=693"},"modified":"2025-04-30T05:05:07","modified_gmt":"2025-04-30T05:05:07","slug":"denuncia-publica-9","status":"publish","type":"post","link":"https:\/\/cospacc.org\/?p=693","title":{"rendered":"DENUNCIA P\u00daBLICA"},"content":{"rendered":"\n<p><strong>Tunja, Boyac\u00e1. 12 de octubre de 2019<\/strong><\/p>\n\n\n\n<p><strong>Denunciamos\np\u00fablicamente los se\u00f1alamientos proferidos por parte del delegado de la Oficina\nde Di\u00e1logo Social de la Gobernaci\u00f3n de Boyac\u00e1 contra la organizaci\u00f3n social de\nderechos humanos COSPACC.<\/strong><\/p>\n\n\n\n<p>COSPACC es una organizaci\u00f3n de derechos humanos de 17 a\u00f1os\nen los que se ha hecho presencia en los departamentos de Casanare, Boyac\u00e1,\nBogot\u00e1 y Tolima. COSPACC hace parte del Movimiento Nacional de V\u00edctimas de\nCr\u00edmenes de Estado MOVICE. COSPACC participa de la Coordinaci\u00f3n Colombia Europa\nEstados Unidos, plataforma nacional de organizaciones de derechos humanos.&nbsp; En el 2015 DIAKONIA otorg\u00f3 a COSPACC el\nPremio Nacional a la defensa de los Derechos Humanos por la categor\u00eda de ONG de\nDerechos Humanos. El trabajo se desarrolla alrededor de la asesor\u00eda y\ncapacitaci\u00f3n comunitaria, el acompa\u00f1amiento organizativo, la defensa y\npromoci\u00f3n de los derechos humanos, la investigaci\u00f3n social, la verificaci\u00f3n del\nrespeto al derecho a la protesta social y la documentaci\u00f3n de casos de\nviolaciones a derechos humanos y derecho internacional humanitario,\ndocumentaci\u00f3n que se dirige al banco de datos del Centro de Investigaci\u00f3n y\nEducaci\u00f3n Popular \u2013 CINEP\/PPP \u2013 y a la subcomisi\u00f3n de derechos humanos de la\nCumbre Agraria Campesina \u00c9tnica y Popular. <\/p>\n\n\n\n<p>En Boyac\u00e1, COSPACC participa desde hace dos (2) a\u00f1os en el\nComit\u00e9 departamental de Derechos Humanos y Derecho Internacional Humanitario.\nLa alerta temprana 026 de 2018 de la defensor\u00eda del pueblo reconoce a COSPACC\ncomo una organizaci\u00f3n en riesgo.<\/p>\n\n\n\n<p><strong>Antecedentes<\/strong><\/p>\n\n\n\n<p>Desde el 2013 COSPACC ha participado en los procesos de\nverificaci\u00f3n del derecho a la protesta social en la ciudad de Tunja, que\nconsiste en la <strong>observaci\u00f3n, documentaci\u00f3n\ny denuncia, <\/strong>raz\u00f3n por la cual se han adelantado en la ciudad y en el\ndepartamento m\u00faltiples denuncias p\u00fablicas, denuncias penales y disciplinarias\ncontra funcionarios que abusan de la autoridad. Estos procesos se adelantan de\nforma articulada y dirigida formalmente a las instituciones que tienen deber de\ngarantizar los derechos humanos. <\/p>\n\n\n\n<p>El d\u00eda 10 de octubre de 2019, durante la jornada de\nmovilizaci\u00f3n estudiantil nacional, delegadas de COSPACC realizaron el proceso\nde verificaci\u00f3n en articulaci\u00f3n con las defensoras de derechos humanos de la\nJuventud Rebelde y del Comit\u00e9 Permanente por la Defensa de los Derechos Humanos\n(CPDH), como se viene realizando desde el a\u00f1o 2013.<\/p>\n\n\n\n<p><strong>Hecho:<\/strong><\/p>\n\n\n\n<p>Durante la sesi\u00f3n de la mesa de concertaci\u00f3n del 11 de\noctubre en la Universidad Pedag\u00f3gica y Tecnol\u00f3gica de Colombia, que se\nencuentra en video en el canal de Youtube EDUMEDIOS UPTC<a href=\"#_ftn1\">[1]<\/a>\ny en la p\u00e1gina de Facebook de la UPTC, se realiz\u00f3 un balance de la jornada de\nmovilizaci\u00f3n y el uso desproporcional y excesivo de la fuerza por parte del\nESMAD. Uno de los delegados de la Direcci\u00f3n Di\u00e1logo Social y Convivencia, adscrita\na la Secretar\u00eda de Gobierno de la Gobernaci\u00f3n de Boyac\u00e1 que participa de la\nmesa de negociaci\u00f3n, intervino en la sesi\u00f3n de la mesa de negociaci\u00f3n<a href=\"#_ftn2\">[2]<\/a>\nhaciendo se\u00f1alamientos directamente contra COSPACC. <\/p>\n\n\n\n<p>\u201cCuando nos pasan informaci\u00f3n de los heridos para la\natenci\u00f3n entonces resulta que nos est\u00e1n dando los nombres a nosotros y lo que\nno les voy a permitir en absoluto es que <strong>intenten\ndecir que hacemos cosas ilegales como que nos dan los nombres de los estudiantes\ny nosotros se los damos a las autoridades, eso no se lo voy a admitir y voy a\ndar el nombre alrededor de COSPACC, porque ya nos han pasado dos situaciones\ncon COSPACC y es directamente con la Direcci\u00f3n de Di\u00e1logo Social y Convivencia.<\/strong>\nLa situaci\u00f3n de la plazoleta, de la plaza de Bol\u00edvar con las dos muchachas que\nrayaron las baldosas y que fueron identificadas por los medios y estigmatizadas\npor los medios de comunicaci\u00f3n, no por la Direcci\u00f3n de Di\u00e1logo Social y Convivencia\ny que nosotros preservamos la identidad y los nombres de esas personas y sin\nembargo se acercaron a hacer ese tipo de pronunciamientos. <\/p>\n\n\n\n<p><strong>El d\u00eda de ayer vuelve y se presenta nuevamente la misma afirmaci\u00f3n. Yo les pido que sean responsables con lo que ustedes dicen porque no se puede estar diciendo ese tipo de cosas porque no solamente se pone en riesgo ustedes alrededor de lo que est\u00e1n diciendo, porque las entidades y las instituciones ya no les van a volver a creer absolutamente nada, las denuncias que se establezcan a trav\u00e9s de la Defensor\u00eda del Pueblo que sali\u00f3 muy dolida alrededor de todo lo que dijeron pues evidentemente \u00bfcon qui\u00e9n tienen que tramitar las denuncias de las violaciones de derechos humanos? pues con la Defensor\u00eda del Pueblo, y disc\u00falpenme pero es que no pueden seguirle dando ese trato a las instituciones.<\/strong> Las instituciones ac\u00e1 vinieron fue a garantizarles que no se vulneraran los derechos humanos y el tratamiento que se dio no fue el correcto y ustedes tienen que aceptar eso, tienen que ser autocr\u00edticos, ese manejo no se dio de la manera correcta. Hay una falta de comunicaci\u00f3n entre quienes hacen parte del comit\u00e9 de derechos humanos. Centralicen la informaci\u00f3n, hagan los informes, establezcan una ruta y un protocolo para la entrega de la informaci\u00f3n a las instituciones. Punto.\u201d <\/p>\n\n\n\n<p>Frente a estas afirmaciones consideramos:<\/p>\n\n\n\n<ul class=\"wp-block-list\"><li>Que\nes necesario que los funcionarios encargados de mediar en situaciones que\nderivan de la protesta social, conozcan la Resoluci\u00f3n 1190 de 2018 del\nMinisterio del Interior, el cual adopta el Protocolo para\nla coordinaci\u00f3n de las acciones de respeto y garant\u00eda a la protesta pac\u00edfica\ncomo un ejercicio leg\u00edtimo de los derechos de reuni\u00f3n, manifestaci\u00f3n p\u00fablica y\npac\u00edfica, libertad de asociaci\u00f3n, libre de circulaci\u00f3n, a la libre expresi\u00f3n,\nlibertad de conciencia, a la oposici\u00f3n y a la participaci\u00f3n, inclusive de\nquienes no participan en la protesta pac\u00edfica\u00bb.<\/li><\/ul>\n\n\n\n<ul class=\"wp-block-list\"><li>Las organizaciones de derechos humanos no debemos pedir\nautorizaci\u00f3n de ninguna instituci\u00f3n para realizar los procesos de verificaci\u00f3n\nen escenarios de movilizaci\u00f3n.<\/li><\/ul>\n\n\n\n<ul class=\"wp-block-list\"><li>Frente\nal caso de la plaza de Bol\u00edvar en menci\u00f3n. En las afirmaciones del funcionario\nhay una calumnia, toda vez que no hay pruebas que determinen que dos personas\nrealizaran esta acci\u00f3n. No obstante, en esas fechas este funcionario se\ncomunic\u00f3 con la persona que apareci\u00f3 en las fotograf\u00edas, donde claramente no est\u00e1\ncometiendo ninguna falta, para concertar una reuni\u00f3n entre la Defensor\u00eda del\nPueblo, la direcci\u00f3n de derechos humanos de la Polic\u00eda Metropolitana y las dos\npersonas se\u00f1aladas en fotograf\u00edas por parte de medios de comunicaci\u00f3n. <strong>En el caso en que esa reuni\u00f3n se hubiera\ndado, la Polic\u00eda hubiera tenido la posibilidad de conocer a las personas\nse\u00f1aladas en caso de haber accedido a las llamadas del funcionario. Las dos\npersonas hacen parte de un proceso organizativo juvenil estudiantil que COSPACC\nacompa\u00f1a. <\/strong><\/li><\/ul>\n\n\n\n<p>Gracias\na la mediaci\u00f3n de COSPACC con la Teniente encargada de derechos humanos y la\nDefensor\u00eda del Pueblo, el caso no tuvo mayor avance, no obstante los medios de\ncomunicaci\u00f3n y pronunciamientos como el del funcionario, exponen la integridad\nde las personas que aparecieron en la fotograf\u00eda.<\/p>\n\n\n\n<ul class=\"wp-block-list\"><li>Exigimos\nque se aclare por parte de la Direcci\u00f3n de Di\u00e1logo Social y Convivencia de la\nGobernaci\u00f3n de Boyac\u00e1, por escrito y oficialmente, cu\u00e1les fueron las\nafirmaciones del 10 de octubre que hace menci\u00f3n el funcionario adscrito y por\nqu\u00e9 se est\u00e1n realizando estos se\u00f1alamientos.<\/li><\/ul>\n\n\n\n<ul class=\"wp-block-list\"><li>El\n10 de octubre de 2019 durante la movilizaci\u00f3n y la interlocuci\u00f3n entre\norganizaciones de derechos humanos, manifestantes e instituciones, se acord\u00f3\nque una de las integrantes de COSPACC har\u00eda llegar toda la informaci\u00f3n\ndocumentada y sistematizada a la Defensor\u00eda del Pueblo a trav\u00e9s de la delegada\nque hizo presencia en el lugar de los hechos. Las fotograf\u00edas y los nombres de\nlas personas que autorizaron el manejo de sus datos, se envi\u00f3 al Whatsapp de la\nfuncionaria de Defensor\u00eda del Pueblo, como un mecanismo m\u00e1s \u00e1gil de\ncomunicaci\u00f3n concertado previamente. <\/li><\/ul>\n\n\n\n<ul class=\"wp-block-list\"><li>Exigimos\nque la Direcci\u00f3n de Di\u00e1logo Social y Convivencia de la Gobernaci\u00f3n de Boyac\u00e1,\npor escrito y oficialmente responda si las afirmaciones del funcionario de\ndicha dependencia en las que manifiesta: <em>\u201c<strong>se pone en riesgo ustedes alrededor de lo\nque est\u00e1n diciendo, porque las entidades y las instituciones ya no les van a\nvolver a creer absolutamente nada\u201d<\/strong> <\/em>representan la postura de la\ndependencia y el Comit\u00e9 de Derechos Humanos y Derecho Internacional Humanitario,\ncomo la Direcci\u00f3n de Di\u00e1logo Social y Convivencia, no van a tramitar las\ndenuncias que se presenten por parte de nuestra organizaci\u00f3n.<\/li><\/ul>\n\n\n\n<ul class=\"wp-block-list\"><li>Todas\nlas personas colombianas tienen el deber constitucional de defender los\nderechos humanos. Las organizaciones de derechos humanos surgen como\ninstrumentos necesarios del movimiento social en la medida en que el contexto\ndel pa\u00eds est\u00e1 marcado por una sistem\u00e1tica violaci\u00f3n a los derechos humanos y el\nderecho internacional humanitario. <\/li><\/ul>\n\n\n\n<ul class=\"wp-block-list\"><li>El 10 de octubre se envi\u00f3 denuncia de los hechos a la Procuradur\u00eda General de la Naci\u00f3n, la Defensor\u00eda del Pueblo, la Consejer\u00eda de DDHH de la Presidencia de la Rep\u00fablica, al Ministerio del interior y a la Cumbre Agraria, campesina, \u00e9tnica y Popular, de los cuales recibimos el radicado el 11 de octubre de 2019. <\/li><\/ul>\n\n\n\n<ul class=\"wp-block-list\"><li>Los\nse\u00f1alamientos de un funcionario de una dependencia que abandera el di\u00e1logo\ndentro de la Gobernaci\u00f3n de Boyac\u00e1, el desconocimiento de la importante labor\nque adelantan las defensoras de derechos humanos que hacen presencia en el\ndepartamento, la restricci\u00f3n que busca imponer a la documentaci\u00f3n de casos y la\nforma como se dirigi\u00f3 a las defensoras de derechos humanos, representa una\nagresi\u00f3n y un irrespeto contra las organizaciones de derechos humanos que\nhacemos presencia en el territorio y consideramos que estas afirmaciones y\nse\u00f1alamientos hacia la corporaci\u00f3n COSPACC podr\u00edan generar que se eleven los\nniveles de riesgo de sus integrantes.<\/li><\/ul>\n\n\n\n<p>Mantenemos nuestro compromiso por la\ndefensa y promoci\u00f3n de los derechos humanos. Solicitamos a las organizaciones\nde derechos humanos, a las organizaciones sociales y a la comunidad en general,\nrespaldar esta denuncia con su difusi\u00f3n. <\/p>\n\n\n\n<p>Copia a:<br>Gobernaci\u00f3n de Boyac\u00e1<\/p>\n\n\n\n<p>CARLOS ANDR\u00c9S AMAYA RODR\u00cdGUEZ<\/p>\n\n\n\n<p>Defensor\u00eda del Pueblo de Colombia<\/p>\n\n\n\n<p>CARLOS\nALFONSO NEGRET<\/p>\n\n\n\n<p>Regional\nBoyac\u00e1<\/p>\n\n\n\n<p>MAURICIO REYES CAMARGO<\/p>\n\n\n\n<p>Vicepresidencia de la Rep\u00fablica<\/p>\n\n\n\n<p>MARTHA LUC\u00cdA RAM\u00cdREZ<\/p>\n\n\n\n<p>Procuradur\u00eda General de la Naci\u00f3n<\/p>\n\n\n\n<p>FERNANDO CARRILLO FLORES<\/p>\n\n\n\n<p>Cumbre Agraria Campesina \u00c9tnica y Popular. Subcomisi\u00f3n de Derechos Humanos<\/p>\n\n\n\n<hr class=\"wp-block-separator\"\/>\n\n\n\n<p><a href=\"#_ftnref1\">[1]<\/a> <a href=\"https:\/\/www.youtube.com\/watch?v=wV63qKK9ArQ\">https:\/\/www.youtube.com\/watch?v=wV63qKK9ArQ<\/a><\/p>\n\n\n\n<p><a href=\"#_ftnref2\">[2]<\/a> Minuto 1:59:00 <a href=\"https:\/\/www.youtube.com\/watch?v=wV63qKK9ArQ\">https:\/\/www.youtube.com\/watch?v=wV63qKK9ArQ<\/a><\/p>\n","protected":false},"excerpt":{"rendered":"<p>Tunja, Boyac\u00e1. 12 de octubre de 2019 Denunciamos p\u00fablicamente los se\u00f1alamientos proferidos por parte del delegado de la Oficina de<\/p>\n","protected":false},"author":1,"featured_media":700,"comment_status":"open","ping_status":"open","sticky":false,"template":"","format":"standard","meta":{"colormag_page_layout":"default_layout","footnotes":""},"categories":[47],"tags":[13,14],"class_list":["post-693","post","type-post","status-publish","format-standard","has-post-thumbnail","hentry","category-comunicados-y-denuncias","tag-cospacc","tag-ddhh"],"_links":{"self":[{"href":"https:\/\/cospacc.org\/index.php?rest_route=\/wp\/v2\/posts\/693","targetHints":{"allow":["GET"]}}],"collection":[{"href":"https:\/\/cospacc.org\/index.php?rest_route=\/wp\/v2\/posts"}],"about":[{"href":"https:\/\/cospacc.org\/index.php?rest_route=\/wp\/v2\/types\/post"}],"author":[{"embeddable":true,"href":"https:\/\/cospacc.org\/index.php?rest_route=\/wp\/v2\/users\/1"}],"replies":[{"embeddable":true,"href":"https:\/\/cospacc.org\/index.php?rest_route=%2Fwp%2Fv2%2Fcomments&post=693"}],"version-history":[{"count":4,"href":"https:\/\/cospacc.org\/index.php?rest_route=\/wp\/v2\/posts\/693\/revisions"}],"predecessor-version":[{"id":831,"href":"https:\/\/cospacc.org\/index.php?rest_route=\/wp\/v2\/posts\/693\/revisions\/831"}],"wp:featuredmedia":[{"embeddable":true,"href":"https:\/\/cospacc.org\/index.php?rest_route=\/wp\/v2\/media\/700"}],"wp:attachment":[{"href":"https:\/\/cospacc.org\/index.php?rest_route=%2Fwp%2Fv2%2Fmedia&parent=693"}],"wp:term":[{"taxonomy":"category","embeddable":true,"href":"https:\/\/cospacc.org\/index.php?rest_route=%2Fwp%2Fv2%2Fcategories&post=693"},{"taxonomy":"post_tag","embeddable":true,"href":"https:\/\/cospacc.org\/index.php?rest_route=%2Fwp%2Fv2%2Ftags&post=693"}],"curies":[{"name":"wp","href":"https:\/\/api.w.org\/{rel}","templated":true}]}}