{"id":707,"date":"2019-10-13T15:53:02","date_gmt":"2019-10-13T15:53:02","guid":{"rendered":"https:\/\/cospacc.org\/?p=707"},"modified":"2025-04-30T05:04:43","modified_gmt":"2025-04-30T05:04:43","slug":"alerta-temprana-2","status":"publish","type":"post","link":"https:\/\/cospacc.org\/?p=707","title":{"rendered":"ALERTA TEMPRANA"},"content":{"rendered":"\n<p><strong>Pore,\nCasanare. 13 de octubre de 2019<\/strong><\/p>\n\n\n\n<p><strong>Alertamos a\nla comunidad nacional e internacional sobre el encerramiento del asentamiento\nhumano Mi Nuevo Porvenir y posible agresi\u00f3n contra la comunidad campesina en el\nmunicipio de Pore, Casanare.<\/strong><\/p>\n\n\n\n<p>La comunidad campesina, organizada en la Asociaci\u00f3n\nNacional Campesina Jos\u00e9 Antonio Gal\u00e1n Zorro \u2013 ASONALCA \u2013, que habita el\nasentamiento humano Mi Nuevo Porvenir, ubicado en la vereda Bocas de Pore, del\nmunicipio de Pore, hace posesi\u00f3n de este territorio desde hace 15 a\u00f1os.\nActualmente los integrantes de la comunidad llevan el tr\u00e1mite de la\nlegalizaci\u00f3n de los predios ante la Unidad de Restituci\u00f3n de Tierras (URT)\ndesde el 17 de noviembre de 2017. <\/p>\n\n\n\n<p>La alcald\u00eda municipal de Pore program\u00f3 para el pr\u00f3ximo\nlunes 14 de octubre, d\u00eda festivo, el encerramiento de predios de este\nasentamiento en los que se ver\u00edan afectadas 27 familias, desconociendo el\nproceso que se adelanta ante la URT. En los sitios donde tienen la intenci\u00f3n de\nhacer el encerramiento, han sido desalojadas dos familias. <\/p>\n\n\n\n<p>La comunidad tiene informaci\u00f3n veraz de que la\nAlcald\u00eda municipal, a trav\u00e9s de la Secretar\u00eda de Planeaci\u00f3n, dio la orden de\nexcavar el terreno para botar escombros. El uso del territorio como botadero de\nbasura por parte de la Alcald\u00eda municipal fue puesto en conocimiento el 11 de\nabril de 2019 a Corporinoquia como la CAR competente. El 12 de junio de 2019 se\nrealiz\u00f3 un visita de verificaci\u00f3n por parte de Corporinoquia, quien manifest\u00f3\nque la administraci\u00f3n municipal no tiene autorizaci\u00f3n para la realizaci\u00f3n de\nexcavaciones y vertimiento de desechos toda vez que el predio es objeto den un\nproceso jur\u00eddico.<\/p>\n\n\n\n<p>La comunidad del asentamiento humano evidenci\u00f3 paso\ndel Escuadr\u00f3n M\u00f3vil Antidisturbios por la v\u00eda que conduce hacia el municipio de\nPaz de Ariporo.<\/p>\n\n\n\n<p>Solicitamos a la Personer\u00eda Municipal, a la Defensor\u00eda\ndel Pueblo, a las instituciones con deber de garantizar los derechos humanos y\na la comunidad en general, garantizar que se protejan los derechos de las\nfamilias y de la comunidad que habitan en territorio. Solicitamos que estas\ninstituciones hagan presencia en la vereda Bocas de Pore el pr\u00f3ximo lunes 14 de\noctubre para evitar que se vulneren los derechos de la comunidad.<\/p>\n\n\n\n<p>Exigimos que la Alcald\u00eda Municipal cese las\nintenciones de encerramiento y desalojo de predios que se encuentran habitados\ny en proceso de legalizaci\u00f3n. <\/p>\n\n\n\n<p>Copia a:<\/p>\n\n\n\n<p>Defensor\u00eda del Pueblo Regional Casanare<\/p>\n\n\n\n<p>Personer\u00eda Municipal de Pore<\/p>\n\n\n\n<p>Procuradur\u00eda General de la Naci\u00f3n<\/p>\n\n\n\n<p>Consejer\u00eda de Derechos Humanos de la\nPresidencia de la Rep\u00fablica<\/p>\n\n\n\n<p>Ministerio del Interior<\/p>\n\n\n\n<p>Cumbre Agraria, Campesina, \u00c9tnica y\nPopular<\/p>\n","protected":false},"excerpt":{"rendered":"<p>Pore, Casanare. 13 de octubre de 2019 Alertamos a la comunidad nacional e internacional sobre el encerramiento del asentamiento humano<\/p>\n","protected":false},"author":1,"featured_media":708,"comment_status":"open","ping_status":"open","sticky":false,"template":"","format":"standard","meta":{"colormag_page_layout":"default_layout","footnotes":""},"categories":[47],"tags":[14,61,62],"class_list":["post-707","post","type-post","status-publish","format-standard","has-post-thumbnail","hentry","category-comunicados-y-denuncias","tag-ddhh","tag-pore-casanare","tag-vivienda-digna"],"_links":{"self":[{"href":"https:\/\/cospacc.org\/index.php?rest_route=\/wp\/v2\/posts\/707","targetHints":{"allow":["GET"]}}],"collection":[{"href":"https:\/\/cospacc.org\/index.php?rest_route=\/wp\/v2\/posts"}],"about":[{"href":"https:\/\/cospacc.org\/index.php?rest_route=\/wp\/v2\/types\/post"}],"author":[{"embeddable":true,"href":"https:\/\/cospacc.org\/index.php?rest_route=\/wp\/v2\/users\/1"}],"replies":[{"embeddable":true,"href":"https:\/\/cospacc.org\/index.php?rest_route=%2Fwp%2Fv2%2Fcomments&post=707"}],"version-history":[{"count":3,"href":"https:\/\/cospacc.org\/index.php?rest_route=\/wp\/v2\/posts\/707\/revisions"}],"predecessor-version":[{"id":829,"href":"https:\/\/cospacc.org\/index.php?rest_route=\/wp\/v2\/posts\/707\/revisions\/829"}],"wp:featuredmedia":[{"embeddable":true,"href":"https:\/\/cospacc.org\/index.php?rest_route=\/wp\/v2\/media\/708"}],"wp:attachment":[{"href":"https:\/\/cospacc.org\/index.php?rest_route=%2Fwp%2Fv2%2Fmedia&parent=707"}],"wp:term":[{"taxonomy":"category","embeddable":true,"href":"https:\/\/cospacc.org\/index.php?rest_route=%2Fwp%2Fv2%2Fcategories&post=707"},{"taxonomy":"post_tag","embeddable":true,"href":"https:\/\/cospacc.org\/index.php?rest_route=%2Fwp%2Fv2%2Ftags&post=707"}],"curies":[{"name":"wp","href":"https:\/\/api.w.org\/{rel}","templated":true}]}}